{"id":502615,"date":"2025-10-31T16:47:18","date_gmt":"2025-10-31T16:47:18","guid":{"rendered":"https:\/\/www.europesays.com\/fr\/502615\/"},"modified":"2025-10-31T16:47:18","modified_gmt":"2025-10-31T16:47:18","slug":"saint-etienne-la-ville-assurera-le-periscolaire-a-terrenoire-des-lundi","status":"publish","type":"post","link":"https:\/\/www.europesays.com\/fr\/502615\/","title":{"rendered":"Saint-\u00c9tienne. La Ville assurera le p\u00e9riscolaire \u00e0 Terrenoire d\u00e8s lundi"},"content":{"rendered":"<p>Le Centre social Arlequin, quelques jours seulement avant les vacances de la Toussaint, a inform\u00e9 la Ville de son souhait de ne plus assurer la gestion du p\u00e9riscolaire et de l\u2019extrascolaire, en raison des difficult\u00e9s rencontr\u00e9es dans la gestion des ressources humaines. La structure avait d\u2019ailleurs d\u00e9j\u00e0 ferm\u00e9 son centre de loisir du 20 au 31\u00a0octobre.<\/p>\n<p>En mairie, Dominique Manin, adjointe au maire charg\u00e9e de l\u2019\u00e9ducation, et les services de la ville de Saint-Etienne ont travaill\u00e9 \u00e0 rechercher des solutions permettant de r\u00e9pondre \u00e0 l\u2019attente l\u00e9gitime des habitants en mati\u00e8re d\u2019accueil des enfants.<\/p>\n<p>C\u2019est la raison pour laquelle, d\u00e8s ce lundi 3\u00a0novembre, la Ville de Saint-Etienne assurera la continuit\u00e9 de l\u2019accueil des enfants en p\u00e9riscolaire le matin et le soir au retour des vacances d\u2019automne pour les \u00e9coles publiques de Terrenoire Bourg, Janon et Perroti\u00e8re ainsi que pour l\u2019\u00e9cole priv\u00e9e Sainte-Blandine. Rappelons ici que l\u2019accueil p\u00e9riscolaire est un moment de d\u00e9tente et de jeux pour les enfants.<\/p>\n<p>  Aucune pr\u00e9inscription n&rsquo;est n\u00e9cessaire<\/p>\n<p>Les familles utilisatrices de ce service ont \u00e9t\u00e9 contact\u00e9es par mail il y a quelques jours par la Ville pour leur pr\u00e9ciser les modalit\u00e9s d\u2019accueil, qui seront les suivantes \u00e0 compter du lundi 3\u00a0novembre 2025\u00a0: horaires d\u2019accueil\u00a0le matin de 7\u00a0h\u00a030 \u00e0 8\u00a0h\u00a020. Le soir de 16\u00a0h\u00a030 \u00e0 19 heures.<\/p>\n<p>Les enfants seront accueillis dans leurs \u00e9coles respectives, comme habituellement. Aucune pr\u00e9inscription n\u2019est n\u00e9cessaire. Il suffit de signaler la pr\u00e9sence de votre enfant le matin m\u00eame au personnel d\u2019accueil ou \u00e0 l\u2019enseignant pour la semaine en cours.\u00a0Tarification\u00a0: la grille tarifaire reste inchang\u00e9e.<\/p>\n<p class=\"note\">Pour toute question sp\u00e9cifique, les familles peuvent \u00e9crire au service \u00e9ducation de la ville de Saint-Etienne \u00e0 l\u2019adresse suivante\u00a0: education@saint-etienne.fr.<\/p>\n","protected":false},"excerpt":{"rendered":"Le Centre social Arlequin, quelques jours seulement avant les vacances de la Toussaint, a inform\u00e9 la Ville de&hellip;\n","protected":false},"author":2,"featured_media":502616,"comment_status":"","ping_status":"","sticky":false,"template":"","format":"standard","meta":{"footnotes":""},"categories":[9653],"tags":[1111,11,2430,7539,1777,674,1011,27,12,316,25,4001,7538,801,104],"class_list":{"0":"post-502615","1":"post","2":"type-post","3":"status-publish","4":"format-standard","5":"has-post-thumbnail","7":"category-saint-etienne","8":"tag-actu","9":"tag-actualites","10":"tag-auvergne-rhone-alpes","11":"tag-edition-loire-sud","12":"tag-eu","13":"tag-europe","14":"tag-fr","15":"tag-france","16":"tag-news","17":"tag-politique","18":"tag-republique-francaise","19":"tag-saint-etienne","20":"tag-saint-etienne-ville","21":"tag-social","22":"tag-societe"},"share_on_mastodon":{"url":"https:\/\/pubeurope.com\/@fr\/115469801582673514","error":""},"_links":{"self":[{"href":"https:\/\/www.europesays.com\/fr\/wp-json\/wp\/v2\/posts\/502615","targetHints":{"allow":["GET"]}}],"collection":[{"href":"https:\/\/www.europesays.com\/fr\/wp-json\/wp\/v2\/posts"}],"about":[{"href":"https:\/\/www.europesays.com\/fr\/wp-json\/wp\/v2\/types\/post"}],"author":[{"embeddable":true,"href":"https:\/\/www.europesays.com\/fr\/wp-json\/wp\/v2\/users\/2"}],"replies":[{"embeddable":true,"href":"https:\/\/www.europesays.com\/fr\/wp-json\/wp\/v2\/comments?post=502615"}],"version-history":[{"count":0,"href":"https:\/\/www.europesays.com\/fr\/wp-json\/wp\/v2\/posts\/502615\/revisions"}],"wp:featuredmedia":[{"embeddable":true,"href":"https:\/\/www.europesays.com\/fr\/wp-json\/wp\/v2\/media\/502616"}],"wp:attachment":[{"href":"https:\/\/www.europesays.com\/fr\/wp-json\/wp\/v2\/media?parent=502615"}],"wp:term":[{"taxonomy":"category","embeddable":true,"href":"https:\/\/www.europesays.com\/fr\/wp-json\/wp\/v2\/categories?post=502615"},{"taxonomy":"post_tag","embeddable":true,"href":"https:\/\/www.europesays.com\/fr\/wp-json\/wp\/v2\/tags?post=502615"}],"curies":[{"name":"wp","href":"https:\/\/api.w.org\/{rel}","templated":true}]}}