{"id":502617,"date":"2025-10-31T16:48:33","date_gmt":"2025-10-31T16:48:33","guid":{"rendered":"https:\/\/www.europesays.com\/fr\/502617\/"},"modified":"2025-10-31T16:48:33","modified_gmt":"2025-10-31T16:48:33","slug":"un-complot-extraterrestre-la-video-surprenante-du-red-star-avant-la-reception-de-saint-etienne-en-ligue-2","status":"publish","type":"post","link":"https:\/\/www.europesays.com\/fr\/502617\/","title":{"rendered":"Un complot extraterrestre? La vid\u00e9o surprenante du Red Star avant la r\u00e9ception de Saint-Etienne en Ligue 2"},"content":{"rendered":"<p class=\"mb-4 text-lg md:leading-8 break-words\">\u00c0 la veille de la r\u00e9ception de l&rsquo;<a href=\"https:\/\/rmcsport.bfmtv.com\/football\/ligue-2\/video-asse-on-n-a-pas-le-droit-de-faire-moins-rappelle-bernauer-apres-la-victoire-6-0-face-a-pau_VN-202510290321.html\" rel=\"nofollow noopener\" target=\"_blank\" data-ylk=\"slk:ASSE;elm:context_link;itc:0;sec:content-canvas\" class=\"link \">ASSE<\/a> (samedi 20h), le Red Star a publi\u00e9 sur ses r\u00e9seaux sociaux une vid\u00e9o humoristique et complotiste. M\u00eames \u00e9toiles sur le logo des clubs, noms des joueurs des deux \u00e9quipes, paroles d&rsquo;une chanson de Jul, date du match&#8230; Dans cette vid\u00e9o, en assemblant tous les \u00e9l\u00e9ments, le club sous-entend que le match pourrait donc \u00eatre un complot extraterrestre. <br \/>Cette vid\u00e9o fait r\u00e9f\u00e9rence \u00e0 une autre de Canal+, diffus\u00e9e il y a dix ans, intitul\u00e9e \u00ab\u00a0Le complot\u00a0\u00bb. La cha\u00eene crypt\u00e9e demandait, de mani\u00e8re sarcastique, si ses propres \u00e9missions n&rsquo;\u00e9manaient pas d&rsquo;un complot. Le coup de com du Red Star fonctionne puisque le club cumule plus de 8000 \u00ab\u00a0j&rsquo;aime\u00a0\u00bb sur Instagram en moins de 24 heures. C&rsquo;est d\u00e9j\u00e0 le meilleur total du club depuis le d\u00e9but de saison.<\/p>\n<p>Match \u00e0 guichets ferm\u00e9s<\/p>\n<p class=\"mb-4 text-lg md:leading-8 break-words\">Le stade Bauer s\u2019annonce bouillant ce samedi pour la r\u00e9ception des Verts, avec plus de 5500 supporters attendus pour pousser le Red Star. Un rendez-vous crucial pour les deux \u00e9quipes, chacune cherchant \u00e0 creuser l\u2019\u00e9cart au classement et \u00e0 conforter sa place sur le podium de <a href=\"https:\/\/rmcsport.bfmtv.com\/football\/ligue-2\/\" rel=\"nofollow noopener\" target=\"_blank\" data-ylk=\"slk:Ligue 2;elm:context_link;itc:0;sec:content-canvas\" class=\"link \">Ligue 2<\/a>.<\/p>\n<p class=\"mb-4 text-lg md:leading-8 break-words\">L\u2019AS Saint-\u00c9tienne, deuxi\u00e8me avec 23 points, pointe \u00e0 quatre longueurs du leader Troyes, tandis que le Red Star, lui aussi \u00e0 23 unit\u00e9s, n\u2019est devanc\u00e9 que par la diff\u00e9rence de buts par son homologue st\u00e9phanois. Un duel prometteur o\u00f9 l&rsquo;intensit\u00e9 sera au rendez-vous, avec pour enjeu commun le r\u00eave de retrouver l\u2019\u00e9lite du football fran\u00e7ais pour ces deux clubs embl\u00e9matiques.<\/p>\n<p class=\"mb-4 text-lg md:leading-8 break-words\"><a href=\"https:\/\/rmcsport.bfmtv.com\/football\/ligue-2\/un-complot-extraterrestre-la-video-surprenante-du-red-star-avant-la-reception-de-saint-etienne-en-ligue-2_AN-202510310572.html#xtor=AL-68\" rel=\"nofollow noopener\" target=\"_blank\" data-ylk=\"slk:Article original publi\u00e9 sur RMC Sport;elm:context_link;itc:0;sec:content-canvas\" class=\"link \">Article original publi\u00e9 sur RMC Sport<\/a><\/p>\n","protected":false},"excerpt":{"rendered":"\u00c0 la veille de la r\u00e9ception de l&rsquo;ASSE (samedi 20h), le Red Star a publi\u00e9 sur ses r\u00e9seaux&hellip;\n","protected":false},"author":2,"featured_media":502618,"comment_status":"","ping_status":"","sticky":false,"template":"","format":"standard","meta":{"footnotes":""},"categories":[9653],"tags":[1111,11,2430,62467,1777,674,1011,27,62469,12,5416,25,4001,62468,25840],"class_list":{"0":"post-502617","1":"post","2":"type-post","3":"status-publish","4":"format-standard","5":"has-post-thumbnail","7":"category-saint-etienne","8":"tag-actu","9":"tag-actualites","10":"tag-auvergne-rhone-alpes","11":"tag-complot-extraterrestre","12":"tag-eu","13":"tag-europe","14":"tag-fr","15":"tag-france","16":"tag-le-complot","17":"tag-news","18":"tag-red-star","19":"tag-republique-francaise","20":"tag-saint-etienne","21":"tag-video-humoristique","22":"tag-viktorija-burakauskas"},"share_on_mastodon":{"url":"https:\/\/pubeurope.com\/@fr\/115469805436635675","error":""},"_links":{"self":[{"href":"https:\/\/www.europesays.com\/fr\/wp-json\/wp\/v2\/posts\/502617","targetHints":{"allow":["GET"]}}],"collection":[{"href":"https:\/\/www.europesays.com\/fr\/wp-json\/wp\/v2\/posts"}],"about":[{"href":"https:\/\/www.europesays.com\/fr\/wp-json\/wp\/v2\/types\/post"}],"author":[{"embeddable":true,"href":"https:\/\/www.europesays.com\/fr\/wp-json\/wp\/v2\/users\/2"}],"replies":[{"embeddable":true,"href":"https:\/\/www.europesays.com\/fr\/wp-json\/wp\/v2\/comments?post=502617"}],"version-history":[{"count":0,"href":"https:\/\/www.europesays.com\/fr\/wp-json\/wp\/v2\/posts\/502617\/revisions"}],"wp:featuredmedia":[{"embeddable":true,"href":"https:\/\/www.europesays.com\/fr\/wp-json\/wp\/v2\/media\/502618"}],"wp:attachment":[{"href":"https:\/\/www.europesays.com\/fr\/wp-json\/wp\/v2\/media?parent=502617"}],"wp:term":[{"taxonomy":"category","embeddable":true,"href":"https:\/\/www.europesays.com\/fr\/wp-json\/wp\/v2\/categories?post=502617"},{"taxonomy":"post_tag","embeddable":true,"href":"https:\/\/www.europesays.com\/fr\/wp-json\/wp\/v2\/tags?post=502617"}],"curies":[{"name":"wp","href":"https:\/\/api.w.org\/{rel}","templated":true}]}}