{"id":50262,"date":"2025-04-24T22:35:08","date_gmt":"2025-04-24T22:35:08","guid":{"rendered":"https:\/\/www.europesays.com\/fr\/50262\/"},"modified":"2025-04-24T22:35:08","modified_gmt":"2025-04-24T22:35:08","slug":"le-sc-bastia-regarde-toujours-vers-le-haut-en-accueillant-grenoble","status":"publish","type":"post","link":"https:\/\/www.europesays.com\/fr\/50262\/","title":{"rendered":"le SC Bastia regarde toujours vers le haut en accueillant Grenoble"},"content":{"rendered":"<p>C&rsquo;est un vent de fra\u00eecheur qui a souffl\u00e9 ce jeudi lors de la traditionnelle conf\u00e9rence de presse d&rsquo;avant-match du Sporting. Mieux qu&rsquo;une clim&rsquo;, Christ Oulai est venu au-devant de la presse avec son sourire et sa spontan\u00e9it\u00e9. \u00a0\u00bb Je voulais terminer la saison en ayant marqu\u00e9 au moins un but, je suis heureux de l&rsquo;avoir fait contre Laval il y a deux semaines, annonce-t-il. Maintenant, ce match face \u00e0 Grenoble est important pour que l&rsquo;on continue de r\u00eaver \u00e0 une belle fin de saison et garder l&rsquo;invincibilit\u00e9 chez nous. \u00ab\u00a0<\/p>\n<p>A chaque match sa v\u00e9rit\u00e9 et le GF 38, malgr\u00e9 une mauvaise passe, va venir \u00e0 Furiani avec le secret espoir de faire tomber la citadelle bastiaise. Pas une mauvaise motivation. Beno\u00eet Tavenot a donc pos\u00e9 les termes du d\u00e9bat \u00e0 ses joueurs\u00a0: \u00a0\u00bb Avant le Paris FC, j&rsquo;avais demand\u00e9 9 points sur 12 possibles. Vu le r\u00e9sultat \u00e0 Charlety, il faudra donc neuf points sur neuf. C&rsquo;est la condition sine qua non pour esp\u00e9rer quelque chose. \u00ab\u00a0<\/p>\n<p>\u00a0\u00bb Mon poste favori, c&rsquo;est 6\u00a0!\u00a0\u00bb<\/p>\n<p>Ces derni\u00e8res journ\u00e9es sont toujours difficiles \u00e0 n\u00e9gocier, au terme de saisons rarement reposantes, entre rel\u00e2chement et pression. Mais ce Sporting est peut-\u00eatre dans une situation diff\u00e9rente. Aujourd&rsquo;hui, apr\u00e8s le beau succ\u00e8s contre Laval et le match appliqu\u00e9 au Paris FC, il affiche un niveau de jeu en progression, avec une solidit\u00e9 d\u00e9fensive, de bons mouvements, m\u00eame si la totale efficacit\u00e9 offensive n&rsquo;est pas toujours au rendez-vous. Et le coach l&rsquo;a avou\u00e9\u00a0: il a personnellement grandi sur le banc cette saison et son groupe a \u00e9galement grandi.<\/p>\n<p>Il glisse d&rsquo;ailleurs que le club a appris de cet exercice, y compris lors du mercato. Le pr\u00eat de J\u00e9r\u00e9my S\u00e9bas a ainsi donn\u00e9 un coup de fouet \u00e0 l&rsquo;attaque bastiaise. Mais, \u00e0 270 minutes du terme de cette saison, son avenir peut-il s&rsquo;inscrire dans la dur\u00e9e\u00a0? Il faudrait que le joueur le souhaite, au-del\u00e0 de sa parfaite adaptation. Il faudrait aussi que Strasbourg, son club, le souhaite. Et Beno\u00eet Tavenot, in fine, de rappeler\u00a0: \u00a0\u00bb Le Sporting est interdit de recrutement \u00e0 titre on\u00e9reux. Et nous ne sommes pas dans une politique de pr\u00eats. \u00a0\u00bb Avant d&rsquo;ajouter que S\u00e9bas est un joueur d&rsquo;avenir, comme Aiki qui n&rsquo;a pas eu les m\u00eames chances \u00e0 son arriv\u00e9e.<\/p>\n<p>Le jeune joueur st\u00e9phanois sera d&rsquo;ailleurs absent ce vendredi 25 avril\u00a0apr\u00e8s s&rsquo;\u00eatre bless\u00e9 lors du derby de N3 face \u00e0 l&rsquo;ACA. Tout comme Jocelyn Janneh, sorti pour une blessure au quadriceps \u00e0 Paris (\u00a0\u00bb on esp\u00e8re le r\u00e9cup\u00e9rer pour le d\u00e9placement \u00e0 Guingamp \u00ab\u00a0). Mais cela tombe bien donc pour Oulai\u00a0: \u00a0\u00bb Mon poste favori c&rsquo;est en 6\u00a0! \u00a0\u00bb Le staff a rappel\u00e9 Etoga dans le groupe, sachant que pour l&rsquo;heure Oulai a encore du mal \u00e0 terminer ses matches. Il y aura de la jeunesse encore sous ce maillot bleu.<\/p>\n<p>Le Sporting reste sur quatre victoires d&rsquo;affil\u00e9e \u00e0 la maison. Et \u00e7a aussi, c&rsquo;est \u00e0 d\u00e9fendre.<\/p>\n","protected":false},"excerpt":{"rendered":"C&rsquo;est un vent de fra\u00eecheur qui a souffl\u00e9 ce jeudi lors de la traditionnelle conf\u00e9rence de presse d&rsquo;avant-match&hellip;\n","protected":false},"author":2,"featured_media":50263,"comment_status":"","ping_status":"","sticky":false,"template":"","format":"standard","meta":{"footnotes":""},"categories":[9566],"tags":[17,14291,1111,11,2430,5621,1777,674,1011,27,2731,10771,3022,12,14290,25,60,1810,13703],"class_list":{"0":"post-50262","1":"post","2":"type-post","3":"status-publish","4":"format-standard","5":"has-post-thumbnail","7":"category-grenoble","8":"tag-17","9":"tag-accueillant","10":"tag-actu","11":"tag-actualites","12":"tag-auvergne-rhone-alpes","13":"tag-bastia","14":"tag-eu","15":"tag-europe","16":"tag-fr","17":"tag-france","18":"tag-grenoble","19":"tag-haut","20":"tag-ligue","21":"tag-news","22":"tag-regarde","23":"tag-republique-francaise","24":"tag-sports","25":"tag-toujours","26":"tag-vers"},"share_on_mastodon":{"url":"https:\/\/pubeurope.com\/@fr\/114395330848934550","error":""},"_links":{"self":[{"href":"https:\/\/www.europesays.com\/fr\/wp-json\/wp\/v2\/posts\/50262","targetHints":{"allow":["GET"]}}],"collection":[{"href":"https:\/\/www.europesays.com\/fr\/wp-json\/wp\/v2\/posts"}],"about":[{"href":"https:\/\/www.europesays.com\/fr\/wp-json\/wp\/v2\/types\/post"}],"author":[{"embeddable":true,"href":"https:\/\/www.europesays.com\/fr\/wp-json\/wp\/v2\/users\/2"}],"replies":[{"embeddable":true,"href":"https:\/\/www.europesays.com\/fr\/wp-json\/wp\/v2\/comments?post=50262"}],"version-history":[{"count":0,"href":"https:\/\/www.europesays.com\/fr\/wp-json\/wp\/v2\/posts\/50262\/revisions"}],"wp:featuredmedia":[{"embeddable":true,"href":"https:\/\/www.europesays.com\/fr\/wp-json\/wp\/v2\/media\/50263"}],"wp:attachment":[{"href":"https:\/\/www.europesays.com\/fr\/wp-json\/wp\/v2\/media?parent=50262"}],"wp:term":[{"taxonomy":"category","embeddable":true,"href":"https:\/\/www.europesays.com\/fr\/wp-json\/wp\/v2\/categories?post=50262"},{"taxonomy":"post_tag","embeddable":true,"href":"https:\/\/www.europesays.com\/fr\/wp-json\/wp\/v2\/tags?post=50262"}],"curies":[{"name":"wp","href":"https:\/\/api.w.org\/{rel}","templated":true}]}}