{"id":502621,"date":"2025-10-31T16:50:22","date_gmt":"2025-10-31T16:50:22","guid":{"rendered":"https:\/\/www.europesays.com\/fr\/502621\/"},"modified":"2025-10-31T16:50:22","modified_gmt":"2025-10-31T16:50:22","slug":"deplacement-perilleux-pour-les-espoirs","status":"publish","type":"post","link":"https:\/\/www.europesays.com\/fr\/502621\/","title":{"rendered":"d\u00e9placement p\u00e9rilleux pour les espoirs"},"content":{"rendered":"<p>En cinq journ\u00e9es de championnat, les espoirs du SLUC (1v &#8211; 4d) ont exp\u00e9riment\u00e9 \u00e0 deux reprises le concept d\u00e9sagr\u00e9able de la d\u00e9faite de deux points. Samedi dernier, \u00e0 Dunkerque, ils ont fait encore plus\u2026 frustrant, en s\u2019inclinant d\u2019une longueur (79-78). En mati\u00e8re de r\u00e9sultats, le d\u00e9but de saison de la nouvelle formation dirig\u00e9e par Pierre Verdi\u00e8re est relativement compliqu\u00e9. Et le d\u00e9placement en Alsace, ce samedi (14h30), risque bien de s\u2019inscrire dans la continuit\u00e9.<\/p>\n<p>En effet, les espoirs de la SIG (4v &#8211; 1d) restent sur une dynamique positive (4 succ\u00e8s cons\u00e9cutifs) et comptent bien conserver leur place sur le podium, \u00e0 l\u2019issue de cette sixi\u00e8me journ\u00e9e.<\/p>\n","protected":false},"excerpt":{"rendered":"En cinq journ\u00e9es de championnat, les espoirs du SLUC (1v &#8211; 4d) ont exp\u00e9riment\u00e9 \u00e0 deux reprises le&hellip;\n","protected":false},"author":2,"featured_media":502622,"comment_status":"","ping_status":"","sticky":false,"template":"","format":"standard","meta":{"footnotes":""},"categories":[9635],"tags":[1111,11,1791,1704,1777,674,1011,27,775,1702,1703,12,25,11567,517,1700],"class_list":{"0":"post-502621","1":"post","2":"type-post","3":"status-publish","4":"format-standard","5":"has-post-thumbnail","7":"category-nancy","8":"tag-actu","9":"tag-actualites","10":"tag-basket-ball","11":"tag-edition-nancy-et-agglomeration","12":"tag-eu","13":"tag-europe","14":"tag-fr","15":"tag-france","16":"tag-grand-est","17":"tag-nancy","18":"tag-nancy-ville-54b","19":"tag-news","20":"tag-republique-francaise","21":"tag-sluc","22":"tag-sport","23":"tag-sport-lorrain"},"share_on_mastodon":{"url":"https:\/\/pubeurope.com\/@fr\/115469813216505970","error":""},"_links":{"self":[{"href":"https:\/\/www.europesays.com\/fr\/wp-json\/wp\/v2\/posts\/502621","targetHints":{"allow":["GET"]}}],"collection":[{"href":"https:\/\/www.europesays.com\/fr\/wp-json\/wp\/v2\/posts"}],"about":[{"href":"https:\/\/www.europesays.com\/fr\/wp-json\/wp\/v2\/types\/post"}],"author":[{"embeddable":true,"href":"https:\/\/www.europesays.com\/fr\/wp-json\/wp\/v2\/users\/2"}],"replies":[{"embeddable":true,"href":"https:\/\/www.europesays.com\/fr\/wp-json\/wp\/v2\/comments?post=502621"}],"version-history":[{"count":0,"href":"https:\/\/www.europesays.com\/fr\/wp-json\/wp\/v2\/posts\/502621\/revisions"}],"wp:featuredmedia":[{"embeddable":true,"href":"https:\/\/www.europesays.com\/fr\/wp-json\/wp\/v2\/media\/502622"}],"wp:attachment":[{"href":"https:\/\/www.europesays.com\/fr\/wp-json\/wp\/v2\/media?parent=502621"}],"wp:term":[{"taxonomy":"category","embeddable":true,"href":"https:\/\/www.europesays.com\/fr\/wp-json\/wp\/v2\/categories?post=502621"},{"taxonomy":"post_tag","embeddable":true,"href":"https:\/\/www.europesays.com\/fr\/wp-json\/wp\/v2\/tags?post=502621"}],"curies":[{"name":"wp","href":"https:\/\/api.w.org\/{rel}","templated":true}]}}