{"id":502628,"date":"2025-10-31T17:02:13","date_gmt":"2025-10-31T17:02:13","guid":{"rendered":"https:\/\/www.europesays.com\/fr\/502628\/"},"modified":"2025-10-31T17:02:13","modified_gmt":"2025-10-31T17:02:13","slug":"rouen-il-va-falloir-prendre-exemple-sur-cette-equipe-la","status":"publish","type":"post","link":"https:\/\/www.europesays.com\/fr\/502628\/","title":{"rendered":"Rouen ? Il va falloir prendre exemple sur cette \u00e9quipe l\u00e0"},"content":{"rendered":"<p><img loading=\"lazy\" decoding=\"async\" width=\"696\" height=\"464\" class=\"lazyload entry-thumb\" src=\"https:\/\/www.europesays.com\/fr\/wp-content\/uploads\/2025\/10\/ABC_3204-696x464.jpg\" alt=\"National J8 Valenciennes - Villefranche-sur-Sa\u00f4ne (Photo Philippe Le Brech)\" title=\"National J8 Valenciennes - Villefranche-sur-Sa\u00f4ne (Photo Philippe Le Brech)\"\/>Fabien Pujo (FCVB) (\u00a9 Philippe Le Brech)<\/p>\n<p style=\"font-size:20px\"><strong>Avant le d\u00e9placement de son \u00e9quipe sur le terrain du FC Rouen ce samedi, l\u2019entra\u00eeneur du FC Villefranche Beaujolais Fabien Pujo s\u2019est montr\u00e9 \u00e9logieux sur le leader du National <a href=\"https:\/\/mesinfos.fr\/69400-villefranche-sur-saone\/avant-fc-rouen-fcvbfabien-pujo-changer-la-dynamique-actuelle-232943.html\" target=\"_blank\" rel=\"noreferrer noopener\">dans les colonnes du Patriote<\/a>. <\/strong><\/p>\n<p>\u00ab\u00a0Si on fait le parall\u00e8le entre qui ils sont et ce qu\u2019on est, on va dire qu\u2019entre les deux surfaces, on est \u00e0 peu pr\u00e8s l\u2019\u00e9quivalent de ce qu\u2019ils peuvent faire. Mais par contre, ce sont des tueurs. C\u2019est-\u00e0-dire que quand il rentre dans le dernier tiers adverse, c\u2019est incroyable ce qu\u2019ils font. Benzia\u00a0(milieu)\u00a0\u00e9tait capable de mettre deux frappe de 35 m\u00e8tres et de marquer. Ils ont Seydi\u00a0(milieu)\u00a0qui arrive d\u2019Avranches de N2. Il est sur des bases incroyables en termes d\u2019efficacit\u00e9. Ils ont Bassin\u00a0(d\u00e9fenseur)\u00a0qui est capable de fermer au second poteau. <\/p>\n<p>En fait, ils ont une multitude de joueurs qui, d\u00e8s qu\u2019ils rentrent dans cette surface, se subliment et, \u00e0 contrario, ils acceptent quelquefois de d\u00e9fendre bas parce qu\u2019ils ne perdent pas de duels. Ils n\u2019ont pris deux penalties. Ils sont tr\u00e8s forts. Il va falloir prendre exemple sur cette \u00e9quipe-l\u00e0. Poursuivre ce qu\u2019on fait de bien sur le plan collectif, y aller avec beaucoup de courage puisqu\u2019on est une \u00e9quipe qui n\u2019a pas peur d\u2019aller chercher l\u2019adversaire. Ce que l\u2019on doit vraiment corriger, c\u2019est l\u2019hyper-concentration, l\u2019hyper-agressivit\u00e9, les notions de marquages, les notions de d\u00e9fis physiques, les notions de communication forte.<\/p>\n<p>Parce que l\u00e0-bas, ce sont 6000 personnes qui vont nous attendre ! Pour moi, \u00e7a peut ressembler un peu \u00e0 Sochaux chez nous o\u00f9 on n\u2019\u00e9tait pas dans une super dynamique. Est-ce qu\u2019il n\u2019y a pas meilleur match que d\u2019aller jouer le leader qui, aujourd\u2019hui, survole le championnat, pour r\u00e9aliser une tr\u00e8s grosse performance l\u00e0-bas ? Je l\u2019esp\u00e8re, en tout cas. C\u2019est l\u2019envie qu\u2019on a. La premi\u00e8re chose qui nous donne du plaisir et de la joie et du bonheur, c\u2019est la gagne. Il faut retrouver ce go\u00fbt de la victoire. <\/p>\n<p>Si on parle d\u2019humilit\u00e9, il faut faire tourner le compteur de points. L\u2019id\u00e9e \u00e0 Rouen c\u2019est d\u2019\u00eatre en capacit\u00e9 de montrer notre meilleur visage que \u00e7a soit dans l\u2019expression collective parce que \u00e7a va \u00eatre important de pouvoir utiliser le ballon, mais aussi dans la capacit\u00e9 \u00e0 montrer une d\u00e9termination et une rage sup\u00e9rieure \u00e0 ce qu\u2019on a pu faire.\u00ab\u00a0<\/p>\n<p><a href=\"https:\/\/footamateur.ouest-france.fr\/author\/fred\/\" class=\"url\" title=\"Fr\u00e9d\u00e9ric Sougey\" target=\"_blank\" rel=\"noopener\"> <img decoding=\"async\" src=\"https:\/\/www.europesays.com\/fr\/wp-content\/uploads\/2025\/04\/gnlpcfya_400x400.jpg\" class=\"lazyload photo\" width=\"250\" alt=\"Fr\u00e9d\u00e9ric Sougey\"\/><\/a><\/p>\n<p>Journaliste chez Sports M\u00e9dia<\/p>\n<p>Elev\u00e9 au c\u0153ur des Alpes, Fred quitte (temporairement) son Grenoble ador\u00e9 pour pr\u00eater sa plume et son regard au monde amateur et plus particuli\u00e8rement au Championnat National dont il est un assidu observateur. Fan de tartiflette, de Karim Mokeddem et de Mulholland Drive. Les bonnes choses de la vie, en somme.<\/p>\n<p><a href=\"https:\/\/footamateur.ouest-france.fr\/author\/fred\/\" class=\"url\" title=\"Fr\u00e9d\u00e9ric Sougey\" target=\"_blank\" rel=\"noopener\"><img decoding=\"async\" src=\"https:\/\/www.europesays.com\/fr\/wp-content\/uploads\/2025\/04\/gnlpcfya_400x400.jpg\" class=\"lazyload photo\" width=\"250\" alt=\"Fr\u00e9d\u00e9ric Sougey\"\/><\/a>Les derniers articles par Fr\u00e9d\u00e9ric Sougey (<a href=\"https:\/\/footamateur.ouest-france.fr\/author\/fred\/\" target=\"_blank\" rel=\"noopener\">tout voir<\/a>)<\/p>\n","protected":false},"excerpt":{"rendered":"Fabien Pujo (FCVB) (\u00a9 Philippe Le Brech) Avant le d\u00e9placement de son \u00e9quipe sur le terrain du FC&hellip;\n","protected":false},"author":2,"featured_media":502629,"comment_status":"","ping_status":"","sticky":false,"template":"","format":"standard","meta":{"footnotes":""},"categories":[9587],"tags":[1111,11,1777,674,62470,39241,1011,27,12,5161,25,9590],"class_list":{"0":"post-502628","1":"post","2":"type-post","3":"status-publish","4":"format-standard","5":"has-post-thumbnail","7":"category-rouen","8":"tag-actu","9":"tag-actualites","10":"tag-eu","11":"tag-europe","12":"tag-fabien-pujo","13":"tag-fc-villefranche-beaujolais","14":"tag-fr","15":"tag-france","16":"tag-news","17":"tag-normandie","18":"tag-republique-francaise","19":"tag-rouen"},"share_on_mastodon":{"url":"https:\/\/pubeurope.com\/@fr\/115469861039613707","error":""},"_links":{"self":[{"href":"https:\/\/www.europesays.com\/fr\/wp-json\/wp\/v2\/posts\/502628","targetHints":{"allow":["GET"]}}],"collection":[{"href":"https:\/\/www.europesays.com\/fr\/wp-json\/wp\/v2\/posts"}],"about":[{"href":"https:\/\/www.europesays.com\/fr\/wp-json\/wp\/v2\/types\/post"}],"author":[{"embeddable":true,"href":"https:\/\/www.europesays.com\/fr\/wp-json\/wp\/v2\/users\/2"}],"replies":[{"embeddable":true,"href":"https:\/\/www.europesays.com\/fr\/wp-json\/wp\/v2\/comments?post=502628"}],"version-history":[{"count":0,"href":"https:\/\/www.europesays.com\/fr\/wp-json\/wp\/v2\/posts\/502628\/revisions"}],"wp:featuredmedia":[{"embeddable":true,"href":"https:\/\/www.europesays.com\/fr\/wp-json\/wp\/v2\/media\/502629"}],"wp:attachment":[{"href":"https:\/\/www.europesays.com\/fr\/wp-json\/wp\/v2\/media?parent=502628"}],"wp:term":[{"taxonomy":"category","embeddable":true,"href":"https:\/\/www.europesays.com\/fr\/wp-json\/wp\/v2\/categories?post=502628"},{"taxonomy":"post_tag","embeddable":true,"href":"https:\/\/www.europesays.com\/fr\/wp-json\/wp\/v2\/tags?post=502628"}],"curies":[{"name":"wp","href":"https:\/\/api.w.org\/{rel}","templated":true}]}}