{"id":502634,"date":"2025-10-31T17:05:10","date_gmt":"2025-10-31T17:05:10","guid":{"rendered":"https:\/\/www.europesays.com\/fr\/502634\/"},"modified":"2025-10-31T17:05:10","modified_gmt":"2025-10-31T17:05:10","slug":"musees-gratuits-foire-aux-disques-que-faire-a-rennes-ce-week-end-voici-nos-idees-de-sorties-du-week-end","status":"publish","type":"post","link":"https:\/\/www.europesays.com\/fr\/502634\/","title":{"rendered":"Mus\u00e9es gratuits, foire aux disques\u2026 Que faire \u00e0 Rennes ce week-end ? Voici nos id\u00e9es de sorties du week-end"},"content":{"rendered":"<p>            Par<br \/>\n        <strong><br \/>\n            <a href=\"https:\/\/actu.fr\/auteur\/clemence-pays02-actu-fr\" title=\"Consulter tous les articles de Cl\u00e9mence Pays\" target=\"_blank\" rel=\"noopener\">Cl\u00e9mence Pays<\/a><br \/>\n        <\/strong><\/p>\n<p>        Publi\u00e9 le<\/p>\n<p>            31 oct. 2025 \u00e0 17h30        <\/p>\n<p>Les derniers jours des vacances scolaires arrivent avec le mois de novembre. Comme chaque fin de semaine, la r\u00e9daction d\u2019<a href=\"https:\/\/actu.fr\/rennes\/\" target=\"_blank\" rel=\"noopener\">actu Rennes<\/a> vous a concoct\u00e9 <strong>une s\u00e9lection d\u2019id\u00e9es de sorties,<\/strong> du vendredi 31\u00a0octobre au dimanche 2\u00a0novembre 2025. Seul, en famille ou entre amis, en int\u00e9rieur ou en ext\u00e9rieur, il y a de quoi faire. Et pour tous les porte-monnaie.<\/p>\n<p>Le salon des vins et de la gastronomie<\/p>\n<p class=\" wall-content\">Pour les amateurs de bonne ch\u00e8re, nul doute que le<strong> Rennes Parc Expo<\/strong> sera une destination \u00e0 privil\u00e9gier ce week-end. <a href=\"https:\/\/actu.fr\/bretagne\/rennes_35238\/ce-salon-des-vins-et-de-la-gastronomie-bientot-de-retour-au-rennes-parc-expo-avec-des-nouveautes_63358486.html\" target=\"_blank\" rel=\"noopener\">Le salon Aux Vignobles\u2009! fait son retour du 31\u00a0octobre au 3\u00a0novembre, dans deux halls<\/a>.<\/p>\n<p class=\" wall-content\"><strong>Vignerons et producteurs locaux<\/strong> feront d\u00e9guster leurs vins, mais aussi miel, saucisson, truffes\u2026<\/p>\n<p class=\" wall-content\">Parmi les nouveaut\u00e9s\u2009: un espace d\u00e9di\u00e9 aux <strong>spiritueux<\/strong> fait son apparition avec France Quintessence.<\/p>\n<p>Aux Vignobles\u2009!, vendredi 31\u00a0octobre et samedi 1er\u00a0novembre, de 10h \u00e0 20h, dimanche 2\u00a0novembre de 10h \u00e0 19h et lundi 3\u00a0novembre, de 10h \u00e0 17h, au Rennes Parc Expo, La Haie Gautrais, Bruz.<br \/>Tarifs\u2009: 5\u00a0euros sur place\u2009; gratuit pour les moins de 18\u00a0ans. Verre de d\u00e9gustation obligatoire \u00e0 l\u2019entr\u00e9e, vendu 2\u00a0euros.<\/p>\n<p>Fin de saison pour le March\u00e9 \u00e0 manger<\/p>\n<p class=\" wall-content\">Dimanche, ce sera le clap de fin pour <strong>le March\u00e9 \u00e0 manger<\/strong> \u00e9dition 2025. Pour cette derni\u00e8re avant la<strong> pause hivernale,<\/strong> les organisateurs ont pr\u00e9vu <strong>une battle<\/strong> entre les restaurateurs de Rennes et ceux du reste de la Bretagne.<\/p>\n<p class=\" wall-content\"><strong>Quinze restaurants et food-trucks<\/strong> seront pr\u00e9sents de 11h \u00e0 17h, pour proposer des recettes \u00e0 manger sur le pouce, \u00e0 La Cri\u00e9e-March\u00e9 central et place Honor\u00e9-Commeurec. Retrouv\u00e9 la liste des participants dans <a href=\"https:\/\/actu.fr\/bretagne\/rennes_35238\/pour-le-dernier-marche-a-manger-de-l-annee-une-battle-entre-les-restaurants-de-rennes-et-de-bretagne_63361492.html\" target=\"_blank\" rel=\"noopener\">notre article d\u00e9di\u00e9<\/a>.<\/p>\n<p>Votre r\u00e9gion, votre actu !<\/p>\n<p>Recevez chaque jour les infos qui comptent pour vous.<\/p>\n<p>\t<a href=\"https:\/\/actu.fr\/newsletter\" class=\"ac-btn ac-btn--corner ac-btn--medium ac-btn--blue800\" target=\"_blank\" rel=\"noopener\">S&rsquo;incrire<\/a><\/p>\n<p>Dimanche 2\u00a0novembre, de 11h \u00e0 17h, March\u00e9 \u00e0 manger, place Honor\u00e9-Commeurec. Pensez \u00e0 apporter vos contenants pour limiter les d\u00e9chets.<\/p>\n<p>Le Salon de l\u2019auto et de la mobilit\u00e9<\/p>\n<p class=\" wall-content\">La<strong> Glaz Arena<\/strong> accueille <a href=\"https:\/\/actu.fr\/bretagne\/cesson-sevigne_35051\/l-entree-est-gratuite-actu-organise-un-nouveau-salon-de-l-auto-et-de-la-mobilite-ce-week-end-a-rennes_63375395.html\" target=\"_blank\" rel=\"noopener\">le Salon de l\u2019auto et de la mobilit\u00e9 organis\u00e9 par le Groupe actu<\/a>. Voitures neuves ou d\u2019occasion, nouveaux modes de d\u00e9placements, ateliers participatifs, s\u00e9curit\u00e9 routi\u00e8re\u2026 D\u00e9monstrations et animations rythmeront ces deux journ\u00e9es gratuites et ouvertes \u00e0 toutes et tous.<\/p>\n<p>Vendredi 31\u00a0octobre, de 15h \u00e0 21h et samedi 1er\u00a0novembre, de 10h \u00e0 19h, Salon de l\u2019auto et de la mobilit\u00e9, \u00e0 la Glaz Arena, chemin du Bois de la Justice, Cesson-S\u00e9vign\u00e9. Gratuit.<\/p>\n<p>Le Cirque m\u00e9tropole<\/p>\n<p class=\" wall-content\">Le <strong>Cirque m\u00e9tropole<\/strong> est de retour \u00e0 Rennes pour pr\u00e9senter son <strong>nouveau spectacle<\/strong> F\u00e9eries.<\/p>\n<blockquote class=\"ac-article-quote wall-content\">\n<p>Avec des num\u00e9ros vari\u00e9s allant de l\u2019\u00e9quilibrisme \u00e0 la jonglerie, en passant par les tours des magiciens et les \u00e9clats de rire des clowns, chaque page du \u00ab Grand Livre d\u2019Images \u00bb d\u00e9voile une nouvelle merveille.<\/p>\n<p>    <strong>Destination Rennes<\/strong>\n            <\/p><\/blockquote>\n<p class=\" wall-content\">Dans ce spectacle, <strong>pas d\u2019animaux,<\/strong> seulement des num\u00e9ros visuels.<\/p>\n<p>Samedi\u00a01er et dimanche 2\u00a0novembre, \u00e0 16h, Cirque m\u00e9tropole, esplanade Charles-de-Gaulle, \u00e0 Rennes. Tarifs \u00e0 partir de 16,40\u00a0euros par adulte et 13,10\u00a0euros par enfant. <a href=\"https:\/\/www.tourisme-rennes.com\/sortir\/cirque-metropole-spectacle-feeries\/\" target=\"_blank\" rel=\"noopener\">R\u00e9servation conseill\u00e9e<\/a>.La Foire aux disques<\/p>\n<p class=\" wall-content\">Banana Juice et Les Enrag\u00e9s Prod organisent <strong>une foire aux disques<\/strong> dans la halle Martenot de la place des Lices.<\/p>\n<p class=\" wall-content\"><strong>80\u00a0exposants<\/strong> viendront de toute la France, \u00ab\u2009pour tous les styles et pour tous les budgets\u2009\u00bb.<\/p>\n<p>Dimanche 2\u00a0novembre, de 9h \u00e0 18h, halle Martenot, place des Lices, \u00e0 Rennes. Tarif\u2009: 2,50\u00a0euros.<\/p>\n<p>D\u00e9couvrir les mus\u00e9es de Rennes<\/p>\n<p class=\" wall-content\">Ce dimanche,<strong> les mus\u00e9es de la ville sont gratuits\u2009:<\/strong><\/p>\n<ul class=\" wall-content\">\n<li>mus\u00e9e des Beaux-Arts, quai \u00c9mile-Zola, de 10h \u00e0 18h\u2009;<\/li>\n<li>mus\u00e9e des Beaux-Arts Maurepas, 2, all\u00e9e Georges-de-la-Tour, de 14h \u00e0 19h\u2009;<\/li>\n<li>mus\u00e9e de Bretagne, aux Champs Libres, cours des Alli\u00e9s, de 14h \u00e0 19h\u2009;<\/li>\n<li>\u00e9comus\u00e9e de la Bintinais, de 14h \u00e0 19h\u2009;<\/li>\n<li>la Cri\u00e9e, centre d\u2019art contemporain, place Honor\u00e9-Commeurec, de 14h \u00e0 19h\u2009;<\/li>\n<li>Frac \u2013 Fonds r\u00e9gional d\u2019art contemporain, 19 avenue Andr\u00e9-Mussat, de 12h \u00e0 19h.<\/li>\n<\/ul>\n<p class=\" wall-content\">L\u2019occasion de d\u00e9couvrir les collections et <strong>expositions permanentes<\/strong> pr\u00e9sent\u00e9es.<\/p>\n<p>Dimanche 2\u00a0novembre, divers lieux.<\/p>\n<p class=\" wall-content\">Personnalisez votre actualit\u00e9 en ajoutant vos villes et m\u00e9dias en favori avec <a href=\"https:\/\/moncompte.actu.fr\" title=\"D\u00e9couvez Mon Actu\" rel=\"nofollow noopener\" data-trk=\"{&quot;cta&quot;:{&quot;action&quot;:&quot;https:\\\/\\\/moncompte.actu.fr&quot;,&quot;category&quot;:&quot;mon compte&quot;,&quot;from&quot;:&quot;article footer&quot;,&quot;name&quot;:&quot;Mon actu&quot;,&quot;type&quot;:&quot;cta&quot;}}\" target=\"_blank\">Mon Actu<\/a>.<\/p>\n","protected":false},"excerpt":{"rendered":"Par Cl\u00e9mence Pays Publi\u00e9 le 31 oct. 2025 \u00e0 17h30 Les derniers jours des vacances scolaires arrivent avec&hellip;\n","protected":false},"author":2,"featured_media":502635,"comment_status":"","ping_status":"","sticky":false,"template":"","format":"standard","meta":{"footnotes":""},"categories":[2821],"tags":[1111,11,1063,646,829,1777,674,1011,27,1305,12,584,25],"class_list":{"0":"post-502634","1":"post","2":"type-post","3":"status-publish","4":"format-standard","5":"has-post-thumbnail","7":"category-rennes","8":"tag-actu","9":"tag-actualites","10":"tag-animations","11":"tag-automobile","12":"tag-bretagne","13":"tag-eu","14":"tag-europe","15":"tag-fr","16":"tag-france","17":"tag-lifestyle","18":"tag-news","19":"tag-rennes","20":"tag-republique-francaise"},"share_on_mastodon":{"url":"https:\/\/pubeurope.com\/@fr\/115469872399172315","error":""},"_links":{"self":[{"href":"https:\/\/www.europesays.com\/fr\/wp-json\/wp\/v2\/posts\/502634","targetHints":{"allow":["GET"]}}],"collection":[{"href":"https:\/\/www.europesays.com\/fr\/wp-json\/wp\/v2\/posts"}],"about":[{"href":"https:\/\/www.europesays.com\/fr\/wp-json\/wp\/v2\/types\/post"}],"author":[{"embeddable":true,"href":"https:\/\/www.europesays.com\/fr\/wp-json\/wp\/v2\/users\/2"}],"replies":[{"embeddable":true,"href":"https:\/\/www.europesays.com\/fr\/wp-json\/wp\/v2\/comments?post=502634"}],"version-history":[{"count":0,"href":"https:\/\/www.europesays.com\/fr\/wp-json\/wp\/v2\/posts\/502634\/revisions"}],"wp:featuredmedia":[{"embeddable":true,"href":"https:\/\/www.europesays.com\/fr\/wp-json\/wp\/v2\/media\/502635"}],"wp:attachment":[{"href":"https:\/\/www.europesays.com\/fr\/wp-json\/wp\/v2\/media?parent=502634"}],"wp:term":[{"taxonomy":"category","embeddable":true,"href":"https:\/\/www.europesays.com\/fr\/wp-json\/wp\/v2\/categories?post=502634"},{"taxonomy":"post_tag","embeddable":true,"href":"https:\/\/www.europesays.com\/fr\/wp-json\/wp\/v2\/tags?post=502634"}],"curies":[{"name":"wp","href":"https:\/\/api.w.org\/{rel}","templated":true}]}}