{"id":502636,"date":"2025-10-31T17:06:19","date_gmt":"2025-10-31T17:06:19","guid":{"rendered":"https:\/\/www.europesays.com\/fr\/502636\/"},"modified":"2025-10-31T17:06:19","modified_gmt":"2025-10-31T17:06:19","slug":"rennes-habib-beye-hausse-le-ton-pour-deux-cadres","status":"publish","type":"post","link":"https:\/\/www.europesays.com\/fr\/502636\/","title":{"rendered":"Rennes, Habib Beye hausse le ton pour deux cadres"},"content":{"rendered":"<p>Mercredi soir, lors du d\u00e9placement \u00e0 Toulouse (2-2),<a href=\"https:\/\/rmcsport.bfmtv.com\/football\/ligue-1\/seko-fofana-et-ludovic-blas-ecartes-le-choix-radical-d-habib-beye-pour-relancer-rennes-a-toulouse_AV-202510290417.html\" target=\"_self\" rel=\"noopener\">\u00a0Habib Beye avait surpris tout le monde en se passant de Seko Fofana et Ludovic Blas, deux cadres de son effectif.<\/a> Un choix fort, lourd de symboles, qui a suscit\u00e9 de nombreuses interrogations chez les supporters et observateurs. En conf\u00e9rence de presse ce vendredi, en marge de la r\u00e9ception de Strasbourg, le coach rennais a tenu \u00e0 clarifier sa position. \u00ab Il n\u2019y a pas \u00e0 les \u2018r\u00e9int\u00e9grer\u2019, puisqu\u2019ils ont continu\u00e9 \u00e0 s\u2019entra\u00eener avec le groupe, ils n\u2019\u00e9taient juste pas l\u00e0 pour le match contre Toulouse et j\u2019ai expliqu\u00e9 pourquoi \u00bb, a affirm\u00e9 Habib Beye, avant d\u2019ajouter : \u00ab L\u00e0, ils \u00e9taient pr\u00e9sents \u00e0 l\u2019entra\u00eenement, tout le monde s\u2019est bien entra\u00een\u00e9, il y a encore la s\u00e9ance de demain o\u00f9 il faudra \u00eatre comp\u00e9titif et le plus investi possible, et on prendra des d\u00e9cisions \u00e0 ce moment-l\u00e0. \u00bb<\/p>\n<p>L\u2019entra\u00eeneur breton, visiblement agac\u00e9 par les sp\u00e9culations, a rappel\u00e9 qu\u2019il restait le garant de l\u2019exigence au sein du Stade Rennais. \u00ab Je suis le garant de l\u2019exigence qu\u2019on doit avoir au Stade rennais, et quand elle n\u2019est pas sur le terrain, j\u2019estime que je dois faire des choix. Les 20 joueurs qui \u00e9taient l\u00e0 \u00e0 Toulouse \u00e9taient les plus performants \u00bb, a-t-il soulign\u00e9. Avant de conclure sur un ton ferme : \u00ab D\u00e8s le lendemain, c\u2019\u00e9tait rouvert \u00e0 la comp\u00e9tition, et jusqu\u2019\u00e0 demain, on verra qui sera le plus comp\u00e9titif pour jouer face \u00e0 Strasbourg. Il faudra \u00eatre \u00e0 200 % dans l\u2019engagement et montrer de la personnalit\u00e9 comme \u00e0 Toulouse. \u00bb<\/p>\n","protected":false},"excerpt":{"rendered":"Mercredi soir, lors du d\u00e9placement \u00e0 Toulouse (2-2),\u00a0Habib Beye avait surpris tout le monde en se passant de&hellip;\n","protected":false},"author":2,"featured_media":502637,"comment_status":"","ping_status":"","sticky":false,"template":"","format":"standard","meta":{"footnotes":""},"categories":[2821],"tags":[1111,11,829,1777,674,1011,27,25442,62472,66,12,584,62473,25,62471,640],"class_list":{"0":"post-502636","1":"post","2":"type-post","3":"status-publish","4":"format-standard","5":"has-post-thumbnail","7":"category-rennes","8":"tag-actu","9":"tag-actualites","10":"tag-bretagne","11":"tag-eu","12":"tag-europe","13":"tag-fr","14":"tag-france","15":"tag-h-beye","16":"tag-l-blas","17":"tag-ligue-1","18":"tag-news","19":"tag-rennes","20":"tag-rennes-vs-strasbourg","21":"tag-republique-francaise","22":"tag-s-fofana","23":"tag-strasbourg"},"share_on_mastodon":{"url":"https:\/\/pubeurope.com\/@fr\/115469876200376623","error":""},"_links":{"self":[{"href":"https:\/\/www.europesays.com\/fr\/wp-json\/wp\/v2\/posts\/502636","targetHints":{"allow":["GET"]}}],"collection":[{"href":"https:\/\/www.europesays.com\/fr\/wp-json\/wp\/v2\/posts"}],"about":[{"href":"https:\/\/www.europesays.com\/fr\/wp-json\/wp\/v2\/types\/post"}],"author":[{"embeddable":true,"href":"https:\/\/www.europesays.com\/fr\/wp-json\/wp\/v2\/users\/2"}],"replies":[{"embeddable":true,"href":"https:\/\/www.europesays.com\/fr\/wp-json\/wp\/v2\/comments?post=502636"}],"version-history":[{"count":0,"href":"https:\/\/www.europesays.com\/fr\/wp-json\/wp\/v2\/posts\/502636\/revisions"}],"wp:featuredmedia":[{"embeddable":true,"href":"https:\/\/www.europesays.com\/fr\/wp-json\/wp\/v2\/media\/502637"}],"wp:attachment":[{"href":"https:\/\/www.europesays.com\/fr\/wp-json\/wp\/v2\/media?parent=502636"}],"wp:term":[{"taxonomy":"category","embeddable":true,"href":"https:\/\/www.europesays.com\/fr\/wp-json\/wp\/v2\/categories?post=502636"},{"taxonomy":"post_tag","embeddable":true,"href":"https:\/\/www.europesays.com\/fr\/wp-json\/wp\/v2\/tags?post=502636"}],"curies":[{"name":"wp","href":"https:\/\/api.w.org\/{rel}","templated":true}]}}