{"id":502640,"date":"2025-10-31T17:08:12","date_gmt":"2025-10-31T17:08:12","guid":{"rendered":"https:\/\/www.europesays.com\/fr\/502640\/"},"modified":"2025-10-31T17:08:12","modified_gmt":"2025-10-31T17:08:12","slug":"le-derby-de-lest-sig-strasbourg","status":"publish","type":"post","link":"https:\/\/www.europesays.com\/fr\/502640\/","title":{"rendered":"Le Derby de l&rsquo;EST | SIG Strasbourg"},"content":{"rendered":"<p class=\"titre\">2&#8230; comme le nombre de contres r\u00e9alis\u00e9s en moyenne par la SIG Strasbourg cette saison en Betclic Elite<\/p>\n<p>Avec 2,8 contres en moyenne depuis le d\u00e9but de la saison, la SIG Strasbourg est tout simplement Top 5 dans le domaine. Adepte des d\u00e9fenses physiques et agressives, les SIGmen vont encore tout faire pour dissuader les diff\u00e9rentes tentatives de p\u00e9n\u00e9trations des Nanc\u00e9iens. Le contr\u00f4le des 1 contre 1 sera donc tr\u00e8s important afin de ne pas laisser les Lorrains installer leur jeu. Nelly Junior Joseph repr\u00e9sente la plus grande menace avec 1 ballon rejet\u00e9 par match. William Pfister et Abdoulaye N\u2019Doye sont \u00e9galement \u00e0 l\u2019aise dans le secteur. En maintenant le nombre de contres, la SIG Strasbourg limiterait une force principale adverse et pourrait envisager une victoire au Rhenus Sport samedi soir !<\/p>\n<p class=\"titre\">La parole au coach\u00a0<\/p>\n<p class=\"titre\">la parole \u00e0 jb maille\u00a0<\/p>\n<p>\u00a0<\/p>\n<p class=\"titre\">Focus : Landers Nolley II<\/p>\n<p>L\u2019ailier au CV bien rempli sera \u00e0 coup s\u00fbr le joueur \u00e0 suivre pour cette rencontre de la 6\u00e8me journ\u00e9e de Betclic Elite. Ce poste 3 de 2m fait tout simplement partie des meilleurs two way players. Ses capacit\u00e9s physiques et athl\u00e9tiques sup\u00e9rieures \u00e0 la moyenne lui permettent de faire vivre de v\u00e9ritables calvaires aux attaquants adverses, tout en \u00e9tant impliqu\u00e9 en attaque.<br \/>\n\u00c0 l\u2019\u00e9t\u00e9 2024,\u00a0Landers Nolley II d\u00e9cidait de quitter pour la premi\u00e8re fois les Etats-Unis pour d\u00e9couvrir le basket europ\u00e9en. L\u2019ailier am\u00e9ricain d\u00e9barquait \u00e0 l\u2019Aris Salonique et faisait forte impression dans les chaudes ambiances grecques. Une fois sa saison termin\u00e9e, le SLUC Nancy a flair\u00e9 le bon coup en le signant pour la saison 2025\/2026. Sa polyvalence et sa r\u00e9gularit\u00e9 font un bien fou \u00e0 l\u2019effectif de Sylvain Lauti\u00e9. Aux c\u00f4t\u00e9s de Phlandrous Flamming et Martin Breunig, il est devenu l\u2019un des joueurs les plus fiables de l\u2019effectif. D\u00e9j\u00e0 reconnu par sa d\u00e9fense de plomb sur le Vieux Continent,\u00a0Landers Nolley II a ajout\u00e9 une fiabilit\u00e9 au tir, qui fait de lui un des meilleurs 3&amp;D en France. Sous les couleurs lorraines, il affiche une ligne statistique tr\u00e8s compl\u00e8te avec 21,4 points, 3,2 rebonds et 3,8 passes d\u00e9cisives de moyenne en Betclic Elite. Sa principale \u00e9volution depuis son passage \u00e0 Birmingham Squadron se situe au niveau de l\u2019adresse au tir. L\u2019ailier tournait \u00e0 30% derri\u00e8re l\u2019arc en G League avant d\u2019avoir une progression fulgurante en Gr\u00e8ce avec 36% de moyenne. Pour \u00e9viter de le faire briller, les SIGmen devront le surveiller comme le lait sur le feu au-del\u00e0 des 6,75 m, une condition sine qua non pour esp\u00e9rer s&rsquo;imposer dans le derby au Rhenus Sport.\u00a0<\/p>\n<p class=\"text-align-justify\">\u00a0<\/p><\/p>\n","protected":false},"excerpt":{"rendered":"2&#8230; comme le nombre de contres r\u00e9alis\u00e9s en moyenne par la SIG Strasbourg cette saison en Betclic Elite&hellip;\n","protected":false},"author":2,"featured_media":502641,"comment_status":"","ping_status":"","sticky":false,"template":"","format":"standard","meta":{"footnotes":""},"categories":[2820],"tags":[1111,11,3146,1777,674,1011,27,775,3145,12,25,3144,640],"class_list":{"0":"post-502640","1":"post","2":"type-post","3":"status-publish","4":"format-standard","5":"has-post-thumbnail","7":"category-strasbourg","8":"tag-actu","9":"tag-actualites","10":"tag-betclic-elite","11":"tag-eu","12":"tag-europe","13":"tag-fr","14":"tag-france","15":"tag-grand-est","16":"tag-lnb","17":"tag-news","18":"tag-republique-francaise","19":"tag-sig","20":"tag-strasbourg"},"share_on_mastodon":{"url":"https:\/\/pubeurope.com\/@fr\/115469884214996542","error":""},"_links":{"self":[{"href":"https:\/\/www.europesays.com\/fr\/wp-json\/wp\/v2\/posts\/502640","targetHints":{"allow":["GET"]}}],"collection":[{"href":"https:\/\/www.europesays.com\/fr\/wp-json\/wp\/v2\/posts"}],"about":[{"href":"https:\/\/www.europesays.com\/fr\/wp-json\/wp\/v2\/types\/post"}],"author":[{"embeddable":true,"href":"https:\/\/www.europesays.com\/fr\/wp-json\/wp\/v2\/users\/2"}],"replies":[{"embeddable":true,"href":"https:\/\/www.europesays.com\/fr\/wp-json\/wp\/v2\/comments?post=502640"}],"version-history":[{"count":0,"href":"https:\/\/www.europesays.com\/fr\/wp-json\/wp\/v2\/posts\/502640\/revisions"}],"wp:featuredmedia":[{"embeddable":true,"href":"https:\/\/www.europesays.com\/fr\/wp-json\/wp\/v2\/media\/502641"}],"wp:attachment":[{"href":"https:\/\/www.europesays.com\/fr\/wp-json\/wp\/v2\/media?parent=502640"}],"wp:term":[{"taxonomy":"category","embeddable":true,"href":"https:\/\/www.europesays.com\/fr\/wp-json\/wp\/v2\/categories?post=502640"},{"taxonomy":"post_tag","embeddable":true,"href":"https:\/\/www.europesays.com\/fr\/wp-json\/wp\/v2\/tags?post=502640"}],"curies":[{"name":"wp","href":"https:\/\/api.w.org\/{rel}","templated":true}]}}