{"id":502644,"date":"2025-10-31T17:10:13","date_gmt":"2025-10-31T17:10:13","guid":{"rendered":"https:\/\/www.europesays.com\/fr\/502644\/"},"modified":"2025-10-31T17:10:13","modified_gmt":"2025-10-31T17:10:13","slug":"alpes-maritimes-depuis-10-ans-ce-square-de-nice-en-hommage-a-un-resistant-porte-un-mauvais-prenom","status":"publish","type":"post","link":"https:\/\/www.europesays.com\/fr\/502644\/","title":{"rendered":"Alpes-Maritimes. Depuis 10 ans, ce square de Nice en hommage \u00e0 un r\u00e9sistant porte un mauvais pr\u00e9nom"},"content":{"rendered":"<p>Depuis 10 ans, les Ni\u00e7ois ont l&rsquo;habitude de se rendre au square \u201cFerdinand\u201d Suarez, baptis\u00e9 ainsi en hommage \u00e0 un r\u00e9sistant tu\u00e9 lors de la lib\u00e9ration de la ville le 28 ao\u00fbt 1944. Reste que Ferdinand Suarez n&rsquo;a jamais exist\u00e9. Le r\u00e9sistant en question s&rsquo;appelait&#8230; Fran\u00e7ois Suarez, relate <a href=\"https:\/\/www.nicematin.com\/societe\/histoire\/une-telle-confusion-aussi-irrespectueuse-c-est-incroyable-le-square-dedie-a-la-memoire-d-un-resistant-tue-en-1944-comportait-un-mauvais-prenom-depuis-dix-ans-a-nice-10654735\" target=\"_blank\" rel=\"nofollow noopener\">Nice-Matin<\/a>.<\/p>\n<p>Les descendants de Fran\u00e7ois Suarez se sont aper\u00e7us de cette erreur de pr\u00e9nom au printemps dernier. \u00ab Nous pensions que c\u2019\u00e9tait une r\u00e9cente m\u00e9prise. Mais apprendre que \u00e7a fait 10 ans que \u00e7a dure\u2026 Une telle confusion, aussi irrespectueuse\u2026 C\u2019est incroyable. Je suis sid\u00e9r\u00e9e. En plus, les comm\u00e9morations ne manquent pas. Comment ont-ils pu passer \u00e0 c\u00f4t\u00e9 de cette \u00e9normit\u00e9 ? \u00bb, s&rsquo;est \u00e9mue Julia Graham, une proche des descendants, aupr\u00e8s de Nice-Matin. Une erreur d&rsquo;autant plus incompr\u00e9hensible que la plaque de marbre du square est quant \u00e0 elle correctement orthographi\u00e9e, et annuellement fleurie.<\/p>\n<p>Ce contenu est bloqu\u00e9 car vous n&rsquo;avez pas accept\u00e9 les cookies et autres traceurs.<\/p>\n<p>En cliquant sur \u00ab J\u2019accepte \u00bb, les cookies et autres traceurs seront d\u00e9pos\u00e9s et vous pourrez visualiser les contenus  (<a href=\"\" class=\"consentModule_policy\" target=\"_blank\" title=\"Consulter la politique de protection des donn\u00e9es du fournisseur\">plus d&rsquo;informations<\/a>).<\/p>\n<p>En cliquant sur \u00ab J\u2019accepte tous les cookies \u00bb, vous autorisez des d\u00e9p\u00f4ts de cookies et autres traceurs pour le stockage de vos donn\u00e9es sur nos sites et applications \u00e0 des fins de personnalisation et de ciblage publicitaire.<\/p>\n<p class=\"consentModule_secondaryText\">Vous gardez la possibilit\u00e9 de retirer votre consentement \u00e0 tout moment en consultant notre <a href=\"https:\/\/www.ledauphine.com\/protection-des-donnees\" target=\"_blank\" title=\"Consulter notre politique de protection des donn\u00e9es\" rel=\"nofollow noopener\">politique de protection des donn\u00e9es<\/a>. <br \/>&#13;<br \/>\n            <a href=\"https:\/\/www.ledauphine.com\/societe\/2025\/10\/31\/javascript:Didomi.notice.show()\" class=\"consentModule_cmp\" rel=\"nofollow noopener\" target=\"_blank\">G\u00e9rer mes choix<\/a>&#13;\n        <\/p>\n<p>&#13;<br \/>\n                        J&rsquo;accepte&#13;<br \/>\n            J&rsquo;accepte tous les cookies&#13;\n        <\/p>\n<p>  Une nouvelle plaque install\u00e9e<\/p>\n<p>La marie affirme qu&rsquo;une nouvelle plaque a \u00e9t\u00e9 command\u00e9e en mai et que le pr\u00e9nom erron\u00e9 a \u00e9t\u00e9 recouvert d&rsquo;un scotch en attendant. L&rsquo;erreur s&rsquo;est \u00e9galement r\u00e9pandue sur les cartes num\u00e9riques et sur les documents administratifs. La municipalit\u00e9 assure qu\u2019une mise \u00e0 jour des supports num\u00e9riques a \u00e9galement \u00e9t\u00e9 r\u00e9alis\u00e9e. Sur Google Maps, en tout cas, l&rsquo;erreur a bien \u00e9t\u00e9 corrig\u00e9e.<\/p>\n<p class=\"note\">&gt;&gt; Lire l&rsquo;article de\u00a0<a href=\"https:\/\/www.nicematin.com\/societe\/histoire\/une-telle-confusion-aussi-irrespectueuse-c-est-incroyable-le-square-dedie-a-la-memoire-d-un-resistant-tue-en-1944-comportait-un-mauvais-prenom-depuis-dix-ans-a-nice-10654735\" target=\"_blank\" rel=\"nofollow noopener\">Nice-Matin<\/a>.<\/p>\n","protected":false},"excerpt":{"rendered":"Depuis 10 ans, les Ni\u00e7ois ont l&rsquo;habitude de se rendre au square \u201cFerdinand\u201d Suarez, baptis\u00e9 ainsi en hommage&hellip;\n","protected":false},"author":2,"featured_media":502645,"comment_status":"","ping_status":"","sticky":false,"template":"","format":"standard","meta":{"footnotes":""},"categories":[2819],"tags":[1111,11,1777,674,107,1011,27,329,937,12,2401,882,25,104],"class_list":{"0":"post-502644","1":"post","2":"type-post","3":"status-publish","4":"format-standard","5":"has-post-thumbnail","7":"category-nice","8":"tag-actu","9":"tag-actualites","10":"tag-eu","11":"tag-europe","12":"tag-fil-info","13":"tag-fr","14":"tag-france","15":"tag-france-monde","16":"tag-histoire","17":"tag-news","18":"tag-nice","19":"tag-provence-alpes-cote-dazur","20":"tag-republique-francaise","21":"tag-societe"},"share_on_mastodon":{"url":"https:\/\/pubeurope.com\/@fr\/115469891984156315","error":""},"_links":{"self":[{"href":"https:\/\/www.europesays.com\/fr\/wp-json\/wp\/v2\/posts\/502644","targetHints":{"allow":["GET"]}}],"collection":[{"href":"https:\/\/www.europesays.com\/fr\/wp-json\/wp\/v2\/posts"}],"about":[{"href":"https:\/\/www.europesays.com\/fr\/wp-json\/wp\/v2\/types\/post"}],"author":[{"embeddable":true,"href":"https:\/\/www.europesays.com\/fr\/wp-json\/wp\/v2\/users\/2"}],"replies":[{"embeddable":true,"href":"https:\/\/www.europesays.com\/fr\/wp-json\/wp\/v2\/comments?post=502644"}],"version-history":[{"count":0,"href":"https:\/\/www.europesays.com\/fr\/wp-json\/wp\/v2\/posts\/502644\/revisions"}],"wp:featuredmedia":[{"embeddable":true,"href":"https:\/\/www.europesays.com\/fr\/wp-json\/wp\/v2\/media\/502645"}],"wp:attachment":[{"href":"https:\/\/www.europesays.com\/fr\/wp-json\/wp\/v2\/media?parent=502644"}],"wp:term":[{"taxonomy":"category","embeddable":true,"href":"https:\/\/www.europesays.com\/fr\/wp-json\/wp\/v2\/categories?post=502644"},{"taxonomy":"post_tag","embeddable":true,"href":"https:\/\/www.europesays.com\/fr\/wp-json\/wp\/v2\/tags?post=502644"}],"curies":[{"name":"wp","href":"https:\/\/api.w.org\/{rel}","templated":true}]}}