{"id":502650,"date":"2025-10-31T17:13:12","date_gmt":"2025-10-31T17:13:12","guid":{"rendered":"https:\/\/www.europesays.com\/fr\/502650\/"},"modified":"2025-10-31T17:13:12","modified_gmt":"2025-10-31T17:13:12","slug":"apres-plusieurs-mois-dattente-le-premier-five-guys-de-bordeaux-vient-douvrir-ses-portes","status":"publish","type":"post","link":"https:\/\/www.europesays.com\/fr\/502650\/","title":{"rendered":"Apr\u00e8s plusieurs mois d&rsquo;attente, le premier Five Guys de Bordeaux vient d&rsquo;ouvrir ses portes"},"content":{"rendered":"<p>            Par<br \/>\n        <strong><br \/>\n            <a href=\"https:\/\/actu.fr\/auteur\/redaction-bordeaux\" title=\"Consulter tous les articles de R\u00e9daction Bordeaux\" rel=\"nofollow noopener\" target=\"_blank\">R\u00e9daction Bordeaux<\/a><br \/>\n        <\/strong><\/p>\n<p>        Publi\u00e9 le<\/p>\n<p>            31 oct. 2025 \u00e0 17h25        <\/p>\n<p>Ce vendredi 31 octobre 2025, <strong>Five Guys<\/strong> a enfin ouvert ses portes \u00e0 Bordeaux. Install\u00e9e dans la rue Saint-R\u00e9mi \u00e0 la place du restaurant <a href=\"https:\/\/actu.fr\/nouvelle-aquitaine\/bordeaux_33063\/la-celebre-chaine-de-fast-food-five-guys-va-remplacer-ce-restaurant-adore-a-bordeaux_62669281.html\" rel=\"nofollow noopener\" target=\"_blank\">Ganache<\/a>, la c\u00e9l\u00e8bre enseigne am\u00e9ricaine de fast-food \u00e9tait <strong>tr\u00e8s attendue<\/strong> en Gironde.\u00a0<\/p>\n<p class=\" wall-content\">L\u2019arriv\u00e9e avait \u00e9t\u00e9 <a href=\"https:\/\/actu.fr\/nouvelle-aquitaine\/bordeaux_33063\/five-guys-fast-food-prefere-de-barack-obama-veut-ouvrir-son-premier-restaurant-a-bordeaux_61960424.html\" rel=\"nofollow noopener\" target=\"_blank\">annonc\u00e9e <\/a>en d\u00e9cembre dernier par <a href=\"https:\/\/actu.fr\/bordeaux\/\" rel=\"nofollow noopener\" target=\"_blank\">actu Bordeaux<\/a>.\u00a0Plusieurs travaux se sont encha\u00een\u00e9s ces derni\u00e8res semaines pour \u00eatre fin pr\u00eat pour le <strong>jour J<\/strong>. D\u00e8s l\u2019ouverture, de nombreux clients se sont dirig\u00e9s vers l\u2019enseigne bordelaise qui devient la <strong>38\u00e8me adresse<\/strong> du groupe dans l\u2019Hexagone. Huit ans seulement apr\u00e8s son lancement sur le territoire.\u00a0<\/p>\n<p class=\" wall-content\"><a href=\"https:\/\/www.instagram.com\/reel\/DQeWMhtCEF_\/embed\" title=\"Ouvrir le lien sur Instagram\" rel=\"nofollow noopener\" target=\"_blank\">Visualiser le contenu sur Instagram<\/a><\/p>\n<p>250 000 combinaisons possibles<\/p>\n<p class=\" wall-content\">Au 43 rue Saint-R\u00e9mi, Five Guys s\u2019\u00e9tend sur deux \u00e9tages et 380m\u00b2 avec <strong>114 places assises<\/strong>. Aux fourneaux, 48 \u00e9quipiers s\u2019activent pour pr\u00e9parer les (tr\u00e8s) nombreuses commandes de ce premier jour.<\/p>\n<p class=\" wall-content\">L\u2019enseigne est r\u00e9put\u00e9e pour ses burgers enti\u00e8rement personnalisables. \u00a0Five Guys promet plus de <strong>250 000 combinaisons<\/strong> de sandwichs possibles. En accompagnement, la franchise propose des frites coup\u00e9es \u00e0 la main et de nombreux milkshakes.\u00a0<\/p>\n<p class=\" wall-content\">Personnalisez votre actualit\u00e9 en ajoutant vos villes et m\u00e9dias en favori avec <a href=\"https:\/\/moncompte.actu.fr\" title=\"D\u00e9couvez Mon Actu\" rel=\"nofollow noopener\" data-trk=\"{&quot;cta&quot;:{&quot;action&quot;:&quot;https:\\\/\\\/moncompte.actu.fr&quot;,&quot;category&quot;:&quot;mon compte&quot;,&quot;from&quot;:&quot;article footer&quot;,&quot;name&quot;:&quot;Mon actu&quot;,&quot;type&quot;:&quot;cta&quot;}}\" target=\"_blank\">Mon Actu<\/a>.<\/p>\n<p>                    <script async src=\"\/\/www.instagram.com\/embed.js\"><\/script><\/p>\n","protected":false},"excerpt":{"rendered":"Par R\u00e9daction Bordeaux Publi\u00e9 le 31 oct. 2025 \u00e0 17h25 Ce vendredi 31 octobre 2025, Five Guys a&hellip;\n","protected":false},"author":2,"featured_media":502651,"comment_status":"","ping_status":"","sticky":false,"template":"","format":"standard","meta":{"footnotes":""},"categories":[2817],"tags":[1111,11,1997,1777,674,1011,27,1661,12,2219,25,1340,104],"class_list":{"0":"post-502650","1":"post","2":"type-post","3":"status-publish","4":"format-standard","5":"has-post-thumbnail","7":"category-bordeaux","8":"tag-actu","9":"tag-actualites","10":"tag-bordeaux","11":"tag-eu","12":"tag-europe","13":"tag-fr","14":"tag-france","15":"tag-gastronomie","16":"tag-news","17":"tag-nouvelle-aquitaine","18":"tag-republique-francaise","19":"tag-restaurant","20":"tag-societe"},"share_on_mastodon":{"url":"https:\/\/pubeurope.com\/@fr\/115469903767239239","error":""},"_links":{"self":[{"href":"https:\/\/www.europesays.com\/fr\/wp-json\/wp\/v2\/posts\/502650","targetHints":{"allow":["GET"]}}],"collection":[{"href":"https:\/\/www.europesays.com\/fr\/wp-json\/wp\/v2\/posts"}],"about":[{"href":"https:\/\/www.europesays.com\/fr\/wp-json\/wp\/v2\/types\/post"}],"author":[{"embeddable":true,"href":"https:\/\/www.europesays.com\/fr\/wp-json\/wp\/v2\/users\/2"}],"replies":[{"embeddable":true,"href":"https:\/\/www.europesays.com\/fr\/wp-json\/wp\/v2\/comments?post=502650"}],"version-history":[{"count":0,"href":"https:\/\/www.europesays.com\/fr\/wp-json\/wp\/v2\/posts\/502650\/revisions"}],"wp:featuredmedia":[{"embeddable":true,"href":"https:\/\/www.europesays.com\/fr\/wp-json\/wp\/v2\/media\/502651"}],"wp:attachment":[{"href":"https:\/\/www.europesays.com\/fr\/wp-json\/wp\/v2\/media?parent=502650"}],"wp:term":[{"taxonomy":"category","embeddable":true,"href":"https:\/\/www.europesays.com\/fr\/wp-json\/wp\/v2\/categories?post=502650"},{"taxonomy":"post_tag","embeddable":true,"href":"https:\/\/www.europesays.com\/fr\/wp-json\/wp\/v2\/tags?post=502650"}],"curies":[{"name":"wp","href":"https:\/\/api.w.org\/{rel}","templated":true}]}}