{"id":502654,"date":"2025-10-31T17:15:10","date_gmt":"2025-10-31T17:15:10","guid":{"rendered":"https:\/\/www.europesays.com\/fr\/502654\/"},"modified":"2025-10-31T17:15:10","modified_gmt":"2025-10-31T17:15:10","slug":"le-volet-hivernal-de-la-tarification-saisonniere-demarre","status":"publish","type":"post","link":"https:\/\/www.europesays.com\/fr\/502654\/","title":{"rendered":"le volet hivernal de la tarification saisonni\u00e8re d\u00e9marre"},"content":{"rendered":"<p>            Par<br \/>\n        <strong><br \/>\n            <a href=\"https:\/\/actu.fr\/auteur\/mareva-laville-actu-fr\" title=\"Consulter tous les articles de Mar\u00e9va Laville\" target=\"_blank\" rel=\"noopener\">Mar\u00e9va Laville<\/a><br \/>\n        <\/strong><\/p>\n<p>        Publi\u00e9 le<\/p>\n<p>            31 oct. 2025 \u00e0 17h54        <\/p>\n<p>C\u2019est une nouvelle qui reste bonne \u00e0 prendre, bien qu\u2019elle ne constitue en rien un v\u00e9ritable rabais. Mais <strong>\u00e0 compter du 1\u1d49\u02b3 novembre\u00a02025,<\/strong> le prix de l\u2019eau va bel et bien baisser.<\/p>\n<p class=\" wall-content\"><a href=\"https:\/\/actu.fr\/occitanie\/toulouse_31555\/toulouse-combien-d-eau-avons-nous-consomme-cet-ete-les-premiers-resultats-de-la-tarification-saisonniere_61686016.html\" target=\"_blank\" rel=\"noopener\">Depuis juin\u00a02024<\/a>, un tarif saisonnier de l\u2019eau est en place dans la M\u00e9tropole de Toulouse, afin d\u2019assurer \u00ab\u2009une gestion responsable de l\u2019eau\u2009\u00bb. En clair, <a href=\"http:\/\/actu.fr\/occitanie\/toulouse_31555\/toulouse-plus-que-quelques-jours-avant-la-hausse-estivale-du-prix-de-l-eau-ce-qu-il-faut-savoir_61074855.html\" target=\"_blank\" rel=\"noopener\">pendant cinq mois, entre juin et octobre,<\/a> l\u2019eau est plus ch\u00e8re <a href=\"https:\/\/actu.fr\/occitanie\/colomiers_31149\/toulouse-le-prix-de-l-eau-pourrait-bientot-augmenter-l-ete-dans-l-agglo-voici-la-hausse-envisagee_60427458.html\" target=\"_blank\" rel=\"noopener\">(+42%)<\/a>. Le reste de l\u2019ann\u00e9e, son prix est abaiss\u00e9.<\/p>\n<p>Le prix baisse d\u00e8s samedi 1er\u00a0novembre<\/p>\n<p class=\" wall-content\">Et ce moment est arriv\u00e9. \u00c0 partir de samedi 1er\u00a0novembre,<strong> jusqu\u2019au 31\u00a0mai prochain<\/strong>, le prix du m\u00e8tre cube d\u2019eau baisse de 30\u2009%. Il sera donc \u00e0 <strong>2,62\u20ac\/m\u00b3 TTC,<\/strong> soit une baisse par rapport au tarif de base, de 3.39 \u20ac\/m\u00b3 TTC.<\/p>\n<p class=\" wall-content\">\u00ab\u2009La baisse hivernale et la hausse estivale s\u2019appliquent <strong>uniquement aux prix de l\u2019eau potable<\/strong> <strong>et de l\u2019assainissement<\/strong>, sans y inclure les taxes fixes sur l\u2019eau. Ces redevances sont per\u00e7ues par les organismes publics (\u00c9tat, SMEAG\u2026) et comprises dans le prix final\u2009\u00bb, explique Toulouse M\u00e9tropole.<\/p>\n<p>Objectif\u2009: \u00e9conomiser l\u2019eau<\/p>\n<p class=\" wall-content\">Cette mesure a permis d\u2019\u00e9conomiser, l\u2019an pass\u00e9, 800\u2009000 m\u00b3 d\u2019eau, sur une consommation totale de quelque 52,5\u00a0millions de m3 en 2024, durant la p\u00e9riode de tarification saisonni\u00e8re d\u00e9marr\u00e9e en juin. <a href=\"https:\/\/actu.fr\/occitanie\/toulouse_31555\/toulouse-on-sait-combien-de-m3-d-eau-ont-ete-economises-avec-la-tarification-saisonniere-de-l-eau_62742912.html\" target=\"_blank\" rel=\"noopener\">Un chiffre dont s\u2019\u00e9tait f\u00e9licit\u00e9 le pr\u00e9sident de la M\u00e9tropole,<\/a> Jean-Luc Moudenc, \u00e9voquant une \u00e9conomie d\u2019eau <strong>m\u00eame en p\u00e9riode d\u2019hiver.<\/strong><\/p>\n<p class=\" wall-content\">Pour rappel, <a href=\"https:\/\/actu.fr\/occitanie\/toulouse_31555\/toulouse-metropole-pourrait-bientot-instaurer-une-tarification-de-l-eau-saisonniere_60403796.html\" target=\"_blank\" rel=\"noopener\">la tr\u00e8s d\u00e9battue tarification saisonni\u00e8re<\/a> a pour but de \u00ab<strong>\u2009pr\u00e9server la ressource<\/strong> quand elle est rare et inciter chacun \u00e0 une utilisation plus raisonn\u00e9e de l\u2019eau\u2009\u00bb. Les p\u00e9riodes estivales, o\u00f9 l\u2019eau est la plus ch\u00e8re, correspondent \u00e0 celle o\u00f9 le d\u00e9bit d\u2019\u00e9tiage de la Garonne est le plus susceptible de diminuer.<\/p>\n<p>Vid\u00e9os : en ce moment sur ActuUne facture \u00e0 lisser sur l\u2019ann\u00e9e<\/p>\n<p class=\" wall-content\">Ce syst\u00e8me est donc cens\u00e9 adapter les \u00ab\u2009usages aux saisons et pr\u00e9server l\u2019\u00e9quit\u00e9\u2009\u00bb. D\u2019apr\u00e8s la m\u00e9tropole, ce tarif saisonnier n\u2019augmentera pas la facture annuelle de l\u2019eau. \u00ab\u2009Sur l\u2019ensemble de l\u2019ann\u00e9e, un utilisateur dont la consommation est uniforme <strong>ne paie pas plus cher<\/strong>, les cinq mois major\u00e9s \u00e9tant compens\u00e9s par les sept mois de baisse.\u2009\u00bb<\/p>\n<p class=\" wall-content\">Personnalisez votre actualit\u00e9 en ajoutant vos villes et m\u00e9dias en favori avec <a href=\"https:\/\/moncompte.actu.fr\" title=\"D\u00e9couvez Mon Actu\" rel=\"nofollow noopener\" data-trk=\"{&quot;cta&quot;:{&quot;action&quot;:&quot;https:\\\/\\\/moncompte.actu.fr&quot;,&quot;category&quot;:&quot;mon compte&quot;,&quot;from&quot;:&quot;article footer&quot;,&quot;name&quot;:&quot;Mon actu&quot;,&quot;type&quot;:&quot;cta&quot;}}\" target=\"_blank\">Mon Actu<\/a>.<\/p>\n","protected":false},"excerpt":{"rendered":"Par Mar\u00e9va Laville Publi\u00e9 le 31 oct. 2025 \u00e0 17h54 C\u2019est une nouvelle qui reste bonne \u00e0 prendre,&hellip;\n","protected":false},"author":2,"featured_media":502655,"comment_status":"","ping_status":"","sticky":false,"template":"","format":"standard","meta":{"footnotes":""},"categories":[2816],"tags":[1111,11,1777,674,1011,27,12,2680,25,104,2312,1090],"class_list":{"0":"post-502654","1":"post","2":"type-post","3":"status-publish","4":"format-standard","5":"has-post-thumbnail","7":"category-toulouse","8":"tag-actu","9":"tag-actualites","10":"tag-eu","11":"tag-europe","12":"tag-fr","13":"tag-france","14":"tag-news","15":"tag-occitanie","16":"tag-republique-francaise","17":"tag-societe","18":"tag-toulouse","19":"tag-toulouse-metropole"},"share_on_mastodon":{"url":"https:\/\/pubeurope.com\/@fr\/115469911615137652","error":""},"_links":{"self":[{"href":"https:\/\/www.europesays.com\/fr\/wp-json\/wp\/v2\/posts\/502654","targetHints":{"allow":["GET"]}}],"collection":[{"href":"https:\/\/www.europesays.com\/fr\/wp-json\/wp\/v2\/posts"}],"about":[{"href":"https:\/\/www.europesays.com\/fr\/wp-json\/wp\/v2\/types\/post"}],"author":[{"embeddable":true,"href":"https:\/\/www.europesays.com\/fr\/wp-json\/wp\/v2\/users\/2"}],"replies":[{"embeddable":true,"href":"https:\/\/www.europesays.com\/fr\/wp-json\/wp\/v2\/comments?post=502654"}],"version-history":[{"count":0,"href":"https:\/\/www.europesays.com\/fr\/wp-json\/wp\/v2\/posts\/502654\/revisions"}],"wp:featuredmedia":[{"embeddable":true,"href":"https:\/\/www.europesays.com\/fr\/wp-json\/wp\/v2\/media\/502655"}],"wp:attachment":[{"href":"https:\/\/www.europesays.com\/fr\/wp-json\/wp\/v2\/media?parent=502654"}],"wp:term":[{"taxonomy":"category","embeddable":true,"href":"https:\/\/www.europesays.com\/fr\/wp-json\/wp\/v2\/categories?post=502654"},{"taxonomy":"post_tag","embeddable":true,"href":"https:\/\/www.europesays.com\/fr\/wp-json\/wp\/v2\/tags?post=502654"}],"curies":[{"name":"wp","href":"https:\/\/api.w.org\/{rel}","templated":true}]}}