{"id":502656,"date":"2025-10-31T17:16:14","date_gmt":"2025-10-31T17:16:14","guid":{"rendered":"https:\/\/www.europesays.com\/fr\/502656\/"},"modified":"2025-10-31T17:16:14","modified_gmt":"2025-10-31T17:16:14","slug":"toulouse-avec-mallia-en-10-et-un-pack-amoindri-le-stade-francais-envoie-du-lourd-les-compos-du-classique-de-samedi","status":"publish","type":"post","link":"https:\/\/www.europesays.com\/fr\/502656\/","title":{"rendered":"Toulouse avec Mallia en 10 et un pack amoindri, le Stade Fran\u00e7ais envoie du lourd&#8230; Les compos du Classique de samedi"},"content":{"rendered":"<p>\n    Choc au sommet ce samedi entre des Toulousains et des Parisiens qui se disputent la place de leader, \u00e0 l\u2019occasion de ma 9e journ\u00e9e.<\/p>\n<p class=\"fig-paragraph\">Une affiche qui promet. Coleaders du Top 14, le Stade Toulousain et le Stade fran\u00e7ais s\u2019affrontent ce samedi (21h05) pour la place de leader \u00e0 l\u2019issue du premier bloc de neuf journ\u00e9es en Top 14. Les Rouge et Noir, qui auront l\u2019avantage du terrain, devront se passer &#8211; comme ils en ont l\u2019habitude lors des fen\u00eatres internationales &#8211; de neuf internationaux, retenus \u00e0 Marcoussis pour pr\u00e9parer les matches de novembre du XV de France.<\/p>\n<p class=\"fig-paragraph\">Ugo Mola, le manager haut-garonnais, est surtout impact\u00e9 au niveau de son pack, priv\u00e9 d\u2019Aldegheri, Cramont, Flament, Meafou et Jelonch. Sans compter les nombreux bless\u00e9s, notamment\u00a0<a href=\"http:\/\/www.lefigaro.fr\/sports\/rugby\/top-14\/top-14-nouvelles-rassurantes-pour-colombe-mais-toulouse-en-effectif-tres-restreint-pour-la-reception-du-stade-francais-20251028\" data-fig-type=\"NewsFlash\" data-gtm-custom-categorie=\"navigation\" data-gtm-custom-action=\"crossclick\" data-gtm-custom-label=\"Contextuel\" data-gtm-event=\"customEventSPE\" data-fig-domain=\"LEFIGARO\" target=\"_blank\" rel=\"noopener\">Colombe<\/a>, Mauvaka, Brennan ou encore Cros. Dans ces conditions, Neti &#8211; qui a \u00e9t\u00e9 pr\u00e9f\u00e9r\u00e9 \u00e0 Baille \u00e0 gauche de la m\u00eal\u00e9e -, Lacombre et Ainu\u2019u composeront la premi\u00e8re ligne, avec Elias et Verg\u00e9 dans la cage. Willis, Roumat et T. Ntamack sont align\u00e9s en troisi\u00e8me ligne.<\/p>\n<p>                                    <a class=\"fig-a11y-skip a11y-hidden\" href=\"#fig-a11y-skip-main-inarticle\"><br \/>\n        Passer la publicit\u00e9<br \/>\n    <\/a><\/p>\n<p class=\"fig-paragraph\">\u00c0 la m\u00eal\u00e9e, Graou a \u00e9t\u00e9 pr\u00e9f\u00e9r\u00e9 \u00e0 Saito et sera associ\u00e9 \u00e0 la charni\u00e8re \u00e0 Mallia qui, au poste d\u2019ailier, avait inscrit un tripl\u00e9 le week-end dernier contre Toulon. Du lourd au centre avec Ahki et Chocobares. Kinghorn d\u00e9butera, lui, \u00e0 l\u2019arri\u00e8re. Les prometteurs Castro-Frerraira et\u00a0<a href=\"http:\/\/www.lefigaro.fr\/sports\/rugby\/top-14\/top-14-couteau-suisse-artere-bouchee-suivi-par-galthie-cinq-choses-a-savoir-sur-kalvin-gourgues-le-jeune-phenomene-du-stade-toulousain-20251018\" data-fig-type=\"NewsFlash\" data-gtm-custom-categorie=\"navigation\" data-gtm-custom-action=\"crossclick\" data-gtm-custom-label=\"Contextuel\" data-gtm-event=\"customEventSPE\" data-fig-domain=\"LEFIGARO\" target=\"_blank\" rel=\"noopener\">Gourgues<\/a>\u00a0d\u00e9buteront sur le banc, tout comme Hawkes et Portat qui sont revenus cette semaine de leur pr\u00eat \u00e0 Provence Rugby (Pro D2).<\/p>\n<p>\u00abPour nous, domicile ou ext\u00e9rieur, c\u2019est la m\u00eame chose\u00bb<\/p>\n<p class=\"fig-paragraph\">En face, le Stade Fran\u00e7ais ne fait clairement pas l\u2019impasse pour ce Classique. Alignant notamment sa charni\u00e8re type avec Kerr-Barlow et Carbonel, et la paire Nene-Ward au centre. Face \u00e0 un pack toulousain d\u00e9cim\u00e9, Gustard envoie du lourd avec une premi\u00e8re ligne Iscaro-Nicotera-P. Alo Emile, mais aussi Gabrillagues et Azalgoh dans la cage, et une solide troisi\u00e8me ligne compos\u00e9e de Halaifonua, Briatte et Macalou. Le triangle arri\u00e8re parisien sera constitu\u00e9 de Ezeala et Laloi aux ailes, avec Barr\u00e9 (lib\u00e9r\u00e9 par le staff du XV de France) \u00e0 l\u2019arri\u00e8re. \u00c0 noter que le jeune trois-quarts Mathis Ibo est pour la premi\u00e8re fois sur une feuille de match.<\/p>\n<p class=\"fig-paragraph\">Les Parisiens, de retour au premier plan apr\u00e8s une derni\u00e8re saison rat\u00e9e, s\u2019avancent avec le statut de meilleure \u00e9quipe \u00e0 l\u2019ext\u00e9rieur, comptant une victoire et deux bonus d\u00e9fensifs en quatre matches. \u00abPour nous, domicile ou ext\u00e9rieur, c\u2019est la m\u00eame chose. Le terrain c\u2019est le m\u00eame, 70 m\u00e8tres sur 100, avec les m\u00eames poteaux. L\u2019important, c\u2019est de rester consistant\u00bb, a martel\u00e9 l\u2019entra\u00eeneur parisien Paul Gustard.<\/p>\n","protected":false},"excerpt":{"rendered":"Choc au sommet ce samedi entre des Toulousains et des Parisiens qui se disputent la place de leader,&hellip;\n","protected":false},"author":2,"featured_media":502657,"comment_status":"","ping_status":"","sticky":false,"template":"","format":"standard","meta":{"footnotes":""},"categories":[2816],"tags":[1111,11,1777,674,1011,27,12,2680,25,2558,476,2312,1088],"class_list":{"0":"post-502656","1":"post","2":"type-post","3":"status-publish","4":"format-standard","5":"has-post-thumbnail","7":"category-toulouse","8":"tag-actu","9":"tag-actualites","10":"tag-eu","11":"tag-europe","12":"tag-fr","13":"tag-france","14":"tag-news","15":"tag-occitanie","16":"tag-republique-francaise","17":"tag-stade-francais","18":"tag-stade-toulousain","19":"tag-toulouse","20":"tag-ugo-mola"},"share_on_mastodon":{"url":"https:\/\/pubeurope.com\/@fr\/115469915700806450","error":""},"_links":{"self":[{"href":"https:\/\/www.europesays.com\/fr\/wp-json\/wp\/v2\/posts\/502656","targetHints":{"allow":["GET"]}}],"collection":[{"href":"https:\/\/www.europesays.com\/fr\/wp-json\/wp\/v2\/posts"}],"about":[{"href":"https:\/\/www.europesays.com\/fr\/wp-json\/wp\/v2\/types\/post"}],"author":[{"embeddable":true,"href":"https:\/\/www.europesays.com\/fr\/wp-json\/wp\/v2\/users\/2"}],"replies":[{"embeddable":true,"href":"https:\/\/www.europesays.com\/fr\/wp-json\/wp\/v2\/comments?post=502656"}],"version-history":[{"count":0,"href":"https:\/\/www.europesays.com\/fr\/wp-json\/wp\/v2\/posts\/502656\/revisions"}],"wp:featuredmedia":[{"embeddable":true,"href":"https:\/\/www.europesays.com\/fr\/wp-json\/wp\/v2\/media\/502657"}],"wp:attachment":[{"href":"https:\/\/www.europesays.com\/fr\/wp-json\/wp\/v2\/media?parent=502656"}],"wp:term":[{"taxonomy":"category","embeddable":true,"href":"https:\/\/www.europesays.com\/fr\/wp-json\/wp\/v2\/categories?post=502656"},{"taxonomy":"post_tag","embeddable":true,"href":"https:\/\/www.europesays.com\/fr\/wp-json\/wp\/v2\/tags?post=502656"}],"curies":[{"name":"wp","href":"https:\/\/api.w.org\/{rel}","templated":true}]}}