{"id":502658,"date":"2025-10-31T17:17:25","date_gmt":"2025-10-31T17:17:25","guid":{"rendered":"https:\/\/www.europesays.com\/fr\/502658\/"},"modified":"2025-10-31T17:17:25","modified_gmt":"2025-10-31T17:17:25","slug":"les-fabricants-boutique-ephemere-aux-pepites-locales-ouvre-a-lille-pour-les-fetes","status":"publish","type":"post","link":"https:\/\/www.europesays.com\/fr\/502658\/","title":{"rendered":"Les Fabricants, boutique \u00e9ph\u00e9m\u00e8re aux p\u00e9pites locales, ouvre \u00e0 Lille pour les f\u00eates"},"content":{"rendered":"<p>            Par<br \/>\n        <strong><br \/>\n            <a href=\"https:\/\/actu.fr\/auteur\/annesophie-2\" title=\"Consulter tous les articles de Anne-Sophie Hourdeaux\" rel=\"nofollow noopener\" target=\"_blank\">Anne-Sophie Hourdeaux<\/a><br \/>\n        <\/strong><\/p>\n<p>        Publi\u00e9 le<\/p>\n<p>            31 oct. 2025 \u00e0 18h05        <\/p>\n<p>C\u2019est une histoire de partage\u2009: <b>une nouvelle boutique avec 7 marques<\/b> vient d\u2019ouvrir \u00e0 <b>Lille, au centre-ville<\/b>. Elle s\u2019appelle \u00ab\u2009les Fabricants\u2009\u00bb. <b>Ouverte du 31\u00a0octobre 2025 au 31\u00a0janvier 2026<\/b>, elle r\u00e9unit des entreprises qui ont un point commun\u2009: leurs produits sont<b> faits dans le Nord<\/b>. C\u2019est le bar \u00e0 chaussettes de Roubaix<b> les 3 Tricoteurs<\/b> qui est \u00e0 l\u2019initiative de ce beau projet. On vous pr\u00e9sente ce que vous trouverez dans cette <b>boutique \u00e9ph\u00e9m\u00e8re<\/b> pleine de couleurs et de surprises.<\/p>\n<p>    <img   decoding=\"async\" loading=\"lazy\" class=\"size-large\" src=\"https:\/\/www.europesays.com\/fr\/wp-content\/uploads\/2025\/10\/a90f12c6840962e0f12c68409121f1v-960x640.jpeg\" alt=\"boutique les fabricants lille 3T\" width=\"960\" height=\"640\"\/><br \/>\n    La boutique Les Fabricants \u00e0 Lille est ouvert au 28 rue Pierre-Mauroy du 31\u00a0octobre 2025 au 31\u00a0janvier 2026. \u00a9Anne-Sophie Hourdeaux\/Croix du Nord7 marques, un local bien plac\u00e9 \u00e0 Lille, 3\u00a0mois<\/p>\n<p class=\" wall-content\">Il y a du changement au 28 rue Pierre Mauroy \u00e0 Lille tout pr\u00e8s du Caf\u00e9 Joyeux\u2009! Cela faisait un an que le local, anciennement occup\u00e9 par la marque de v\u00eatements pour enfants Du Pareil au M\u00eame (DPAM), \u00e9tait vide. Depuis ce 31\u00a0octobre 2025, de nouveaux occupants sont visibles, et ils sont nombreux\u2009!<\/p>\n<p class=\" wall-content\">En effet, 7 marques ont investi le lieu pour 3\u00a0mois, jusqu\u2019au 31\u00a0janvier 2026. Il s\u2019agit de\u2009:<\/p>\n<ul class=\" wall-content\">\n<li>les 3 Tricoteurs (3T) et ses produits en laine (bonnets, chaussettes, \u00e9charpes) faits \u00e0 Roubaix,<\/li>\n<li>Maison Lemahieu et ses v\u00eatements en fibres naturelles, cr\u00e9\u00e9es \u00e0 Saint-Andr\u00e9,<\/li>\n<li>Frizette et sa vaisselle upcycl\u00e9e,<\/li>\n<li>Minuit 05 et ses affiches urbaines,<\/li>\n<li>Juin fait le lin et ses v\u00eatements en lin,<\/li>\n<li>Maressang et ses v\u00eatements de luxe en lin,<\/li>\n<li>la Vie est belt et ses ceintures et accessoires en pneu de v\u00e9lo.<\/li>\n<\/ul>\n<p>    <img   decoding=\"async\" loading=\"lazy\" class=\"size-large\" src=\"https:\/\/www.europesays.com\/fr\/wp-content\/uploads\/2025\/10\/e088bf06840963588bf0684091988bv-960x640.jpeg\" alt=\"boutique les fabricants lille 3T\" width=\"960\" height=\"640\"\/><br \/>\n    Sacha, des 3 Tricoteurs, est heureuse de ce nouveau projet lillois apr\u00e8s le succ\u00e8s \u00e0 Roubaix\u2009! \u00a9Anne-Sophie Hourdeaux\/Croix du NordRoubaix d\u00e9barque \u00e0 Lille<\/p>\n<p class=\" wall-content\">On pourrait dire que Roubaix d\u00e9barque \u00e0 Lille, car plusieurs de ses entreprises produisent \u00e0 Roubaix\u2009! Les 3T ont m\u00eame un bar-boutique pr\u00e8s du Mus\u00e9e la Piscine depuis 2020. C\u2019est cette marque qui est \u00e0 l\u2019origine du projet de boutique \u00e9ph\u00e9m\u00e8re.<\/p>\n<p>Votre r\u00e9gion, votre actu !<\/p>\n<p>Recevez chaque jour les infos qui comptent pour vous.<\/p>\n<p>\t<a href=\"https:\/\/actu.fr\/newsletter\" class=\"ac-btn ac-btn--corner ac-btn--medium ac-btn--blue800\" rel=\"nofollow noopener\" target=\"_blank\">S&rsquo;incrire<\/a><\/p>\n<p class=\" wall-content\">Sacha Boyadjian explique\u2009: \u00ab\u2009Nous avons acquis ce local tr\u00e8s bien plac\u00e9 car nous voulons nous d\u00e9velopper \u00e0 Lille. Mais il faudra attendre quelques mois de travaux pour installer tout notre mat\u00e9riel, alors on a pens\u00e9 \u00e0 une boutique \u00e9ph\u00e9m\u00e8re le temps des f\u00eates. Et comme le local est grand, plus de 200\u00a0m2, on s\u2019est dit qu\u2019on allait proposer \u00e0 d\u2019autres de nous rejoindre\u2009!\u2009\u00bb<\/p>\n<p>    <img   decoding=\"async\" loading=\"lazy\" class=\"size-large\" src=\"https:\/\/www.europesays.com\/fr\/wp-content\/uploads\/2025\/10\/eaa19f0684096dea19f06840933b19v-960x640.jpeg\" alt=\"boutique les fabricants lille 3T\" width=\"960\" height=\"640\"\/><br \/>\n    Les 3T, bas\u00e9s \u00e0 Roubaix, investissent Lille\u2009: apr\u00e8s la boutique \u00e9ph\u00e9m\u00e8re, le local sera en travaux, pour ouvrir un nouveau bar \u00e0 chaussettes \u00e0 partir de la Braderie 2026. \u00a9Anne-Sophie Hourdeaux\/Croix du NordDes \u00ab\u2009collab\u2009\u00bb qui vont plus loin<\/p>\n<p class=\" wall-content\">Les 3T connaissent d\u00e9j\u00e0 beaucoup de marques qui partagent les m\u00eames valeurs autour du made in France, du local, de l\u2019\u00e9co-responsable. Notamment \u00e0 Roubaix, puisqu\u2019en plus de leur bar \u00e0 tricot du centre-ville, leurs machines sont aussi pr\u00e9sentes \u00e0 l\u2019usine Tissel, tiers-lieux qui regroupent aussi la Vie est belt et Juin fait le lin. Des collaborations entre ces marques ont d\u00e9j\u00e0 eu lieu\u2009: par exemple, Maison Lemahieu a cr\u00e9\u00e9 un tee-shirt avec la Vie est belt, les 3T ont cr\u00e9\u00e9 des chaussettes pour Lemahieu et la Vie est belt\u2026 Les liens cr\u00e9\u00e9s ces derni\u00e8res ann\u00e9es donnent envie d\u2019aller plus loin\u2009!<\/p>\n<p class=\" wall-content\">Chacune des 7 marques des Fabricants dispose d\u2019un bel espace, des cabines d\u2019essayages sont aussi pr\u00e9sentes.<\/p>\n<p>    <img   decoding=\"async\" loading=\"lazy\" class=\"size-large\" src=\"https:\/\/www.europesays.com\/fr\/wp-content\/uploads\/2025\/10\/65224f0684096a9224f068409ed224v-960x640.jpeg\" alt=\"boutique les fabricants lille 3T\" width=\"960\" height=\"640\"\/><br \/>\n    Les Fabricants \u00e0 Lille est une nouvelle boutique \u00e9ph\u00e9m\u00e8re qui unit 7 marques nordistes jusqu\u2019au 31\u00a0janvier 2026 \u00a9Anne-Sophie Hourdeaux\/Croix du Nord<\/p>\n<p class=\" wall-content\">Que trouvera-t-on dans cette boutique multi-marques locales\u2009? Les produits en pneu de v\u00e9lo de la Vie est belt \u00e9tonnent\u2009: outre les incontournables ceintures (de 39 \u00e0 79\u00a0\u20ac), vous aurez des nouveaut\u00e9s comme les portes-cartes en ballon de rugby recycl\u00e9 (35\u00a0\u20ac), les ceintures en lance \u00e0 incendie et les \u00e9tiquettes \u00e0 bagage en chambre \u00e0 air (15\u00a0\u20ac). La gamme chien est aussi pr\u00e9sent\u00e9e, sans oublier les fameux cale\u00e7ons en drap recycl\u00e9 des stocks dormants de la Redoute et des wagons-lits SNCF\u2009! Petit plus\u2009: vous pouvez faire percer les ceintures \u00e0 votre taille directement sur place.<\/p>\n<p>    <img   decoding=\"async\" loading=\"lazy\" class=\"size-large\" src=\"https:\/\/www.europesays.com\/fr\/wp-content\/uploads\/2025\/10\/8a44af06840964254af068409e654av-960x640.jpeg\" alt=\"maison lemahieu boutique les fabricants lille\" width=\"960\" height=\"640\"\/><br \/>\n    C\u2019est une premi\u00e8re\u2009: l\u2019\u00e9quipe de la Maison Lemahieu investit une boutique \u00e0 Lille avec d\u2019autres marques locales le temps des f\u00eates. \u00a9Anne-Sophie Hourdeaux\/Croix du Nord<\/p>\n<p class=\" wall-content\"><b>Pour Lemahieu<\/b>, vous trouverez la nouvelle collection avec des tee-shirts, sweats, lingerie en fibres naturelles coton ou lin, hyper confortables. Parmi les originalit\u00e9s, un boxer baptis\u00e9 \u00ab\u2009Je me t\u00e2te\u2009\u00bb (25\u00a0\u20ac) en collaboration avec le LOSC et le CHR sensibilise \u00e0 l\u2019autopalpation masculine pour lutter contre le cancer des testicules, premi\u00e8re cause de cancer chez les jeunes hommes. Sans oublier des body confort.<\/p>\n<p>    <img   decoding=\"async\" loading=\"lazy\" class=\"size-large\" src=\"https:\/\/www.europesays.com\/fr\/wp-content\/uploads\/2025\/10\/8ddc22c68409662ec22c6840996ec2v-960x640.jpeg\" alt=\"lemahieu lille\" width=\"960\" height=\"640\"\/><br \/>\n    Les incontournables de la Maison Lemahieu, bas\u00e9e \u00e0 Saint-Andr\u00e9, sont pr\u00e9sent\u00e9s\u2009: tee-shirts, sweats, lingerie, en mati\u00e8re lin et coton. De la belle qualit\u00e9 made in Nord\u2009! \u00a9Anne-Sophie Hourdeaux\/Croix du Nord<\/p>\n<p class=\" wall-content\">Dans la gamme <b>des 3T<\/b>, les nouveaut\u00e9s sont les bonnets bicolores, les chaussettes \u00e0 paillettes et \u00e0 message, notamment une sp\u00e9ciale Lille \u00e9videmment, les mitaines, les mini-foulards \u00e0 la Sophie Scarf\u2026<\/p>\n<p>    <img   decoding=\"async\" loading=\"lazy\" class=\"size-large\" src=\"https:\/\/www.europesays.com\/fr\/wp-content\/uploads\/2025\/10\/90c58f068409667c58f068409abc58v-960x640.jpeg\" alt=\"Maressang\" width=\"960\" height=\"640\"\/><br \/>\n    La r\u00e9cente marque Maressang, tout en lin cat\u00e9gorie v\u00eatement de luxe, a aussi investi la boutique des Fabricants jusqu\u2019au 31\u00a0janvier 2026. \u00a9Anne-Sophie Hourdeaux\/Croix du Nord<\/p>\n<p class=\" wall-content\"><b>Maressang<\/b>, ce sont des v\u00eatements de luxe en lin local, avec une nouveaut\u00e9\u2009: des maillots de foot en lin (90\u00a0\u20ac)\u2009!<\/p>\n<p class=\" wall-content\"><b>Frizette<\/b> propose de la vaisselle chin\u00e9e et aussi upcycl\u00e9e, avec deux best-off\u2009: des serviteurs cr\u00e9\u00e9s de toutes pi\u00e8ces avec des assiettes vintage (24 \u00e0 45\u00a0\u20ac), et des mangeoires \u00e0 oiseaux en tasses de porcelaine adorables (29\u00a0\u20ac)\u2009!<\/p>\n<p>    <img   decoding=\"async\" loading=\"lazy\" class=\"size-large\" src=\"https:\/\/www.europesays.com\/fr\/wp-content\/uploads\/2025\/10\/85688f0684096a3788f06840968788v-960x640.jpeg\" alt=\"frizette boutique les fabricants lille\" width=\"960\" height=\"640\"\/><br \/>\n    Derri\u00e8re Frizette, voil\u00e0 Charlotte Lacombe qui vous propose de la vaisselle chin\u00e9e et upcycl\u00e9e en \u00ab\u2009serviteurs\u2009\u00bb et mangeoires \u00e0 oiseaux. \u00a9Anne-Sophie Hourdeaux\/Croix du NordToucher un nouveau public, se faire conna\u00eetre<\/p>\n<p class=\" wall-content\">Cl\u00e9ment Gimeno, de la Vie est belt, se r\u00e9jouit. \u00ab\u2009C\u2019est la 2e fois que nous avons une boutique \u00e9ph\u00e9m\u00e8re \u00e0 Lille pour les f\u00eates, l\u2019an dernier c\u2019\u00e9tait dans le Vieux dans la boutique Cabane Recyclette. L\u00e0, on est en plein centre-ville, sur une dur\u00e9e plus longue, on passe de un \u00e0 3\u00a0mois\u2009!\u2009\u00bb Il ajoute\u2009: \u00ab\u2009Voil\u00e0 l\u2019occasion de toucher un nouveau public, et surtout, de rencontrer nos clients, car nous vendons surtout sur le web. \u00catre ensemble, avec des marques qui partagent les m\u00eames valeurs permet une belle synergie. C\u2019est une joie\u2009!\u2009\u00bb.<\/p>\n<p>    <img   decoding=\"async\" loading=\"lazy\" class=\"size-large\" src=\"https:\/\/www.europesays.com\/fr\/wp-content\/uploads\/2025\/10\/60629f0684096a4629f068409b8629v-960x640.jpeg\" alt=\"vie est belt boutique lille\" width=\"960\" height=\"640\"\/><br \/>\n    Les fameuses ceintures en pneu de v\u00e9lo de la Vie est belt sont taill\u00e9s sur place dans la boutique \u00e9ph\u00e9m\u00e8re lilloise. \u00a9Anne-Sophie Hourdeaux\/Croix du Nord<\/p>\n<p class=\" wall-content\">Pour Nicolas Th\u00e9baud de Maison Lemahieu, \u00eatre \u00e0 Lille est une premi\u00e8re\u2009: \u00ab\u2009Cela nous permet de sortir de notre usine, de rencontrer les Lillois. Cela nous fera une belle exp\u00e9rience, un test\u2009\u00bb.<\/p>\n<p>    <img   decoding=\"async\" loading=\"lazy\" class=\"size-large\" src=\"https:\/\/www.europesays.com\/fr\/wp-content\/uploads\/2025\/10\/e7f96f06840962cf96f068409200a6v-960x640.jpeg\" alt=\"boutique les fabricants lille 3T\" width=\"960\" height=\"640\"\/><br \/>\n    Les 3T proposent leur gamme de bonnets, \u00e9charpes, mitaines, chaussettes\u2026 \u00a9Anne-Sophie Hourdeaux\/Croix du Nord<\/p>\n<p class=\" wall-content\">Premi\u00e8re aussi pour R\u00e9mi Besson, de la jeune marque Maressang, n\u00e9e d\u00e9but 2024\u2009: \u00ab\u2009C\u2019est \u00e9norme pour nous, on va pouvoir se faire conna\u00eetre\u2009!\u2009\u00bb<\/p>\n<p class=\" wall-content\">Pour Frizette, Charlotte Lacombe et sa vaisselle recycl\u00e9e, c\u2019est aussi une belle opportunit\u00e9. \u00ab\u2009mes produits sont dans quelques boutiques, comme Balt \u00e0 Villeneuve d\u2019Ascq, mais l\u00e0, je serai un peu comme chez moi\u2009! C\u2019est compliqu\u00e9 d\u2019avoir une boutique quand on est seul, c\u2019est sympa de se rassembler surtout qu\u2019on partage les m\u00eames valeurs.\u2009\u00bb<\/p>\n<p>    <img   decoding=\"async\" loading=\"lazy\" class=\"size-large\" src=\"https:\/\/www.europesays.com\/fr\/wp-content\/uploads\/2025\/10\/ee077f068409644177f06840998177v-960x640.jpeg\" alt=\"frizette boutique les fabricants lille\" width=\"960\" height=\"640\"\/><br \/>\n    Voici les mangeoires styl\u00e9es de Frizette. \u00a9Anne-Sophie Hourdeaux\/Croix du NordBient\u00f4t un bar et des machines<\/p>\n<p class=\" wall-content\">Le local a le projet de proposer aussi un bar, pour accentuer la convivialit\u00e9 et l\u2019exp\u00e9rience client. Il faut dire que le local est tr\u00e8s grand\u2009! Mais il faudra attendre encore un peu, les autorisations sont en cours.<\/p>\n<p class=\" wall-content\">Dans les prochains jours, le look du lieu va encore \u00e9voluer, car deux machines vont arriver pour les 3T\u2009: \u00ab\u2009Une brodeuse pourra broder en direct du texte et des pr\u00e9noms sur nos accessoires comme les bonnets. Une machine \u00e0 tricoter fera \u00e9galement des d\u00e9monstrations\u2009!\u2009\u00bb ajoute Sacha.<\/p>\n<p>Ouvert du mercredi au dimanche de 10\u2009h\u200930 \u00e0 20\u2009h\u200930. Ferm\u00e9 les 25\u00a0d\u00e9cembre et 1er\u00a0janvier, ouvert le 1er\u00a0novembre.<\/p>\n<p class=\" wall-content\">Personnalisez votre actualit\u00e9 en ajoutant vos villes et m\u00e9dias en favori avec <a href=\"https:\/\/moncompte.actu.fr\" title=\"D\u00e9couvez Mon Actu\" rel=\"nofollow noopener\" data-trk=\"{&quot;cta&quot;:{&quot;action&quot;:&quot;https:\\\/\\\/moncompte.actu.fr&quot;,&quot;category&quot;:&quot;mon compte&quot;,&quot;from&quot;:&quot;article footer&quot;,&quot;name&quot;:&quot;Mon actu&quot;,&quot;type&quot;:&quot;cta&quot;}}\" target=\"_blank\">Mon Actu<\/a>.<\/p>\n","protected":false},"excerpt":{"rendered":"Par Anne-Sophie Hourdeaux Publi\u00e9 le 31 oct. 2025 \u00e0 18h05 C\u2019est une histoire de partage\u2009: une nouvelle boutique&hellip;\n","protected":false},"author":2,"featured_media":502659,"comment_status":"","ping_status":"","sticky":false,"template":"","format":"standard","meta":{"footnotes":""},"categories":[2815],"tags":[1111,11,215,33,1777,674,1011,27,811,1307,12,25],"class_list":{"0":"post-502658","1":"post","2":"type-post","3":"status-publish","4":"format-standard","5":"has-post-thumbnail","7":"category-lille","8":"tag-actu","9":"tag-actualites","10":"tag-commerce","11":"tag-economie","12":"tag-eu","13":"tag-europe","14":"tag-fr","15":"tag-france","16":"tag-hauts-de-france","17":"tag-lille","18":"tag-news","19":"tag-republique-francaise"},"share_on_mastodon":{"url":"https:\/\/pubeurope.com\/@fr\/115469920641012544","error":""},"_links":{"self":[{"href":"https:\/\/www.europesays.com\/fr\/wp-json\/wp\/v2\/posts\/502658","targetHints":{"allow":["GET"]}}],"collection":[{"href":"https:\/\/www.europesays.com\/fr\/wp-json\/wp\/v2\/posts"}],"about":[{"href":"https:\/\/www.europesays.com\/fr\/wp-json\/wp\/v2\/types\/post"}],"author":[{"embeddable":true,"href":"https:\/\/www.europesays.com\/fr\/wp-json\/wp\/v2\/users\/2"}],"replies":[{"embeddable":true,"href":"https:\/\/www.europesays.com\/fr\/wp-json\/wp\/v2\/comments?post=502658"}],"version-history":[{"count":0,"href":"https:\/\/www.europesays.com\/fr\/wp-json\/wp\/v2\/posts\/502658\/revisions"}],"wp:featuredmedia":[{"embeddable":true,"href":"https:\/\/www.europesays.com\/fr\/wp-json\/wp\/v2\/media\/502659"}],"wp:attachment":[{"href":"https:\/\/www.europesays.com\/fr\/wp-json\/wp\/v2\/media?parent=502658"}],"wp:term":[{"taxonomy":"category","embeddable":true,"href":"https:\/\/www.europesays.com\/fr\/wp-json\/wp\/v2\/categories?post=502658"},{"taxonomy":"post_tag","embeddable":true,"href":"https:\/\/www.europesays.com\/fr\/wp-json\/wp\/v2\/tags?post=502658"}],"curies":[{"name":"wp","href":"https:\/\/api.w.org\/{rel}","templated":true}]}}