{"id":50266,"date":"2025-04-24T22:37:11","date_gmt":"2025-04-24T22:37:11","guid":{"rendered":"https:\/\/www.europesays.com\/fr\/50266\/"},"modified":"2025-04-24T22:37:11","modified_gmt":"2025-04-24T22:37:11","slug":"agression-devant-la-faculte-de-droit-a-rennes-relaxe-generale-pour-les-prevenus-de","status":"publish","type":"post","link":"https:\/\/www.europesays.com\/fr\/50266\/","title":{"rendered":"Agression devant la facult\u00e9 de droit \u00e0 Rennes\u00a0: relaxe g\u00e9n\u00e9rale pour les pr\u00e9venus de"},"content":{"rendered":"<p>20\u00a0h\u00a030, jeudi 25 avril 2025. Un tonnerre d\u2019applaudissements retentit dans le tribunal correctionnel de Rennes (Ille-et-Vilaine). Les soutiens aux sept militants d\u2019ultra-gauche, qui ont comparu six heures durant pour violences aggrav\u00e9es, exultent. <a href=\"https:\/\/rennes.maville.com\/actu\/actudet_-agression-de-deux-etudiants-a-la-faculte-de-droit-de-rennes-cinq-prevenus-devant-le-tribunal-_7-6702390_actu.Htm\" target=\"_blank\" rel=\"noopener\">Accus\u00e9s d\u2019avoir pass\u00e9 \u00e0 tabac deux \u00e9tudiants, membres du Rassemblement national (RN), le 27\u00a0f\u00e9vrier dernier, devant la fac de droit \u00e0 Rennes, ils sont tous relax\u00e9s.<\/a><\/p>\n<p>Et pour cause\u00a0: la cour vient de prononcer l\u2019annulation pure et simple de la proc\u00e9dure. Les vid\u00e9os, tourn\u00e9es depuis le ciel par la police gr\u00e2ce \u00e0 un drone, sont jug\u00e9es ill\u00e9gales, car r\u00e9alis\u00e9es en dehors du p\u00e9rim\u00e8tre g\u00e9ographique, d\u00e9limit\u00e9 par arr\u00eat\u00e9 pr\u00e9fectoral.<\/p>\n<p>Erreur\u00a0? Oubli\u00a0? Toujours est-il que les avocats des pr\u00e9venus se sont engouffr\u00e9s dans la br\u00e8che. <strong>\u00ab\u00a0Ce dossier ne repose que sur des images tourn\u00e9es ill\u00e9galement,<\/strong> constate Me Nicolas Prigent. <strong>Comment, dans ces conditions, avoir un d\u00e9bat sur le fond\u00a0?\u00a0\u00bb<\/strong> La procureure de la R\u00e9publique est d\u2019un autre avis. Pour elle, <strong>\u00ab\u00a0les images tourn\u00e9es en violation de l\u2019arr\u00eat\u00e9 pr\u00e9fectoral restent valables judiciairement.\u00a0\u00bb<\/strong> Le tribunal en a d\u00e9cid\u00e9 autrement. Mais, le proc\u00e8s s\u2019est n\u00e9anmoins tenu avec r\u00e9quisitoire et plaidoiries.<\/p>\n<p>\u00ab\u00a0Violence politique inqui\u00e9tante\u00a0\u00bb<\/p>\n<p>Le 27\u00a0f\u00e9vrier, dans l\u2019apr\u00e8s-midi, une manifestation d\u00e9g\u00e9n\u00e8re, au niveau de la facult\u00e9 de droit \u00e0 Rennes. <a href=\"https:\/\/rennes.maville.com\/actu\/actudet_-agression-a-la-faculte-de-droit-de-rennes-cinq-militants-d-extreme-gauche-seront-juges-ce-jeudi-_7-6778347_actu.Htm\" target=\"_blank\" rel=\"noopener\">Les victimes sont deux \u00e9tudiants qui sont d\u00e9sign\u00e9s \u00e0 la vindicte populaire comme \u00ab\u00a0fascistes\u00a0\u00bb pour leur appartenance assum\u00e9e au RN<\/a>.<\/p>\n<p>Une quinzaine de personnes encagoul\u00e9es, v\u00eatues de noir, les jettent au sol et les rouent de coups. Bless\u00e9es, les deux victimes devront respecter cinq jours d\u2019interruption totale de travail pour l\u2019une, deux jours pour l\u2019autre.<\/p>\n<p>Les pr\u00e9venus sont des militants de l\u2019ultra-gauche, \u00e2g\u00e9s de 19 \u00e0 29\u00a0ans. <strong>\u00ab\u00a0\u00c0 Rennes, la l\u00e9gitimation de la violence politique est tr\u00e8s inqui\u00e9tante,<\/strong> estime Me Valentin Le Dily, l\u2019avocat des deux \u00e9tudiants frapp\u00e9s. <strong>Les pr\u00e9venus estiment que tous ceux, qui ne pensent pas comme eux, m\u00e9ritent d\u2019\u00eatre agress\u00e9s. Le RN est le premier parti de France. Mais, eux ont d\u00e9cid\u00e9 qu\u2019il n\u2019a pas le droit d\u2019exister \u00e0 Rennes\u00a0!\u00a0\u00bb<\/strong><\/p>\n<p>Les pr\u00e9venus ont tous gard\u00e9 le silence, jeudi, \u00e0 l\u2019audience. Deux d\u2019entre eux ont d\u00e9j\u00e0 eu affaire \u00e0 la justice pour des d\u00e9lits mineurs. Le casier judiciaire des trois autres est vierge. Jusqu\u2019\u00e0 huit\u00a0mois de prison ferme ont \u00e9t\u00e9 requis \u00e0 leur encontre. Avant que la relaxe g\u00e9n\u00e9rale soit prononc\u00e9e.<\/p>\n<p>\u00a0<\/p>\n","protected":false},"excerpt":{"rendered":"20\u00a0h\u00a030, jeudi 25 avril 2025. Un tonnerre d\u2019applaudissements retentit dans le tribunal correctionnel de Rennes (Ille-et-Vilaine). Les soutiens&hellip;\n","protected":false},"author":2,"featured_media":50267,"comment_status":"","ping_status":"","sticky":false,"template":"","format":"standard","meta":{"footnotes":""},"categories":[2821],"tags":[1111,11,1120,829,6084,1777,674,14026,1011,27,14293,12,14294,14292,584,25,14295],"class_list":{"0":"post-50266","1":"post","2":"type-post","3":"status-publish","4":"format-standard","5":"has-post-thumbnail","7":"category-rennes","8":"tag-actu","9":"tag-actualites","10":"tag-agression","11":"tag-bretagne","12":"tag-droit","13":"tag-eu","14":"tag-europe","15":"tag-faculte","16":"tag-fr","17":"tag-france","18":"tag-generale","19":"tag-news","20":"tag-prevenus","21":"tag-relaxe","22":"tag-rennes","23":"tag-republique-francaise","24":"tag-ultra-gauche"},"share_on_mastodon":{"url":"https:\/\/pubeurope.com\/@fr\/114395338923717362","error":""},"_links":{"self":[{"href":"https:\/\/www.europesays.com\/fr\/wp-json\/wp\/v2\/posts\/50266","targetHints":{"allow":["GET"]}}],"collection":[{"href":"https:\/\/www.europesays.com\/fr\/wp-json\/wp\/v2\/posts"}],"about":[{"href":"https:\/\/www.europesays.com\/fr\/wp-json\/wp\/v2\/types\/post"}],"author":[{"embeddable":true,"href":"https:\/\/www.europesays.com\/fr\/wp-json\/wp\/v2\/users\/2"}],"replies":[{"embeddable":true,"href":"https:\/\/www.europesays.com\/fr\/wp-json\/wp\/v2\/comments?post=50266"}],"version-history":[{"count":0,"href":"https:\/\/www.europesays.com\/fr\/wp-json\/wp\/v2\/posts\/50266\/revisions"}],"wp:featuredmedia":[{"embeddable":true,"href":"https:\/\/www.europesays.com\/fr\/wp-json\/wp\/v2\/media\/50267"}],"wp:attachment":[{"href":"https:\/\/www.europesays.com\/fr\/wp-json\/wp\/v2\/media?parent=50266"}],"wp:term":[{"taxonomy":"category","embeddable":true,"href":"https:\/\/www.europesays.com\/fr\/wp-json\/wp\/v2\/categories?post=50266"},{"taxonomy":"post_tag","embeddable":true,"href":"https:\/\/www.europesays.com\/fr\/wp-json\/wp\/v2\/tags?post=50266"}],"curies":[{"name":"wp","href":"https:\/\/api.w.org\/{rel}","templated":true}]}}