{"id":502663,"date":"2025-10-31T17:20:19","date_gmt":"2025-10-31T17:20:19","guid":{"rendered":"https:\/\/www.europesays.com\/fr\/502663\/"},"modified":"2025-10-31T17:20:19","modified_gmt":"2025-10-31T17:20:19","slug":"pour-la-toussaint-des-voitures-avec-chauffeurs-mises-a-disposition-a-lentree-des-cimetieres","status":"publish","type":"post","link":"https:\/\/www.europesays.com\/fr\/502663\/","title":{"rendered":"Pour la Toussaint, des voitures avec chauffeurs mises \u00e0 disposition \u00e0 l\u2019entr\u00e9e des cimeti\u00e8res"},"content":{"rendered":"<p> \u00abDirection la tombe de mon p\u00e8re s\u2019il vous pla\u00eet\u00a0!\u00a0\u00bb La ville de <a href=\"https:\/\/www.20minutes.fr\/marseille\/\" class=\"c-link c-link--is-underlined\" target=\"_blank\" rel=\"noopener\">Marseille<\/a>, dans les <a href=\"https:\/\/www.20minutes.fr\/dossier\/bouches-rhone\" class=\"c-link c-link--is-underlined\" target=\"_blank\" rel=\"noopener\">Bouches-du-Rh\u00f4ne<\/a>, a mis en place \u00e0 l\u2019occasion de la <a href=\"https:\/\/www.20minutes.fr\/dossier\/toussaint\" class=\"c-link c-link--is-underlined\" target=\"_blank\" rel=\"noopener\">Toussaint<\/a> des minibus ou des berlines avec chauffeurs dans certains de ses cimeti\u00e8res pour \u00ab\u00a0faciliter les d\u00e9placements des visiteurs dans les plus grands cimeti\u00e8res municipaux\u00a0\u00bb, selon un communiqu\u00e9 parvenu \u00e0 la r\u00e9daction de 20 Minutes.<\/p>\n<p>Concr\u00e8tement, ces navettes gratuites sont mises \u00e0 la disposition de tous les usagers, positionn\u00e9s aux entr\u00e9es de certains <a href=\"https:\/\/www.20minutes.fr\/dossier\/cimetiere\" class=\"c-link c-link--is-underlined\" target=\"_blank\" rel=\"noopener\">cimeti\u00e8res<\/a> de la ville parmi les plus fr\u00e9quent\u00e9s. Elles permettront \u00e0 ceux qui montent \u00e0 bord d\u2019aller visiter les concessions de leurs proches d\u00e9funts.<\/p>\n<\/p>\n<p>Aider aux d\u00e9placements<\/p>\n<p>L\u2019exp\u00e9rimentation vise \u00e0 \u00ab\u00a0mieux accompagner les familles dans leurs d\u00e9placements\u00a0\u00bb, notamment les personnes en situation de handicap ou les plus \u00e2g\u00e9es qui ont parfois du mal \u00e0 parcourir le chemin jusqu\u2019aux tombes de leurs proches. Au cimeti\u00e8re Saint-Pierre, situ\u00e9 dans le 5e\u00a0arrondissement, 45 kilom\u00e8tres d\u2019all\u00e9es s\u2019\u00e9parpillent dans 63 hectares. Jusqu\u2019\u00e0 lundi, deux minibus et deux voitures seront disponibles aux entr\u00e9es, de 9 heures \u00e0 12 heures et de 13h30 \u00e0 17 heures.<\/p>\n<p>Le cimeti\u00e8re des Vaudrans, du Canet, des Aygalades et du Ch\u00e2teau-Gombert sont aussi concern\u00e9s par cette exp\u00e9rimentation qui vise aussi \u00e0 \u00ab\u00a0limiter la circulation automobile\u00a0\u00bb dans ces espaces, notamment en cette p\u00e9riode de fr\u00e9quentation \u00e9lev\u00e9e.<\/p>\n<p><a href=\"https:\/\/www.20minutes.fr\/dossier\/toussaint\" class=\"c-link c-btn c-btn--primary\" target=\"_blank\" rel=\"noopener\">Retrouvez notre dossier consacr\u00e9 \u00e0 la Toussaint<\/a><\/p>\n<p>Et cette exp\u00e9rimentation pourrait \u00eatre le premier pas vers un dispositif p\u00e9renne imagin\u00e9 par la municipalit\u00e9, avec la mise en place de voiturettes \u00e9lectriques type golf pour aider \u00e0 la circulation dans les tr\u00e8s grands cimeti\u00e8res de Marseille. \u00ab\u00a0Elles seraient propos\u00e9es quant \u00e0 elles apr\u00e8s une prise de rendez-vous en amont, soit par t\u00e9l\u00e9phone soit sur Internet\u00a0\u00bb, explique dans <a href=\"https:\/\/www.laprovence.com\/article\/societe\/7802959316348114\/a-marseille-pour-la-toussaint-apres-un-uber-des-cimetieres-des-voiturettes-de-golf\" rel=\"nofollow noopener\" target=\"_blank\" class=\"c-link c-link--is-underlined\">La Provence<\/a>, Hattab Fadhla, adjoint municipal charg\u00e9 des cimeti\u00e8res.<\/p>\n","protected":false},"excerpt":{"rendered":"\u00abDirection la tombe de mon p\u00e8re s\u2019il vous pla\u00eet\u00a0!\u00a0\u00bb La ville de Marseille, dans les Bouches-du-Rh\u00f4ne, a mis&hellip;\n","protected":false},"author":2,"featured_media":502664,"comment_status":"","ping_status":"","sticky":false,"template":"","format":"standard","meta":{"footnotes":""},"categories":[2814],"tags":[1111,11,885,9698,6313,1777,674,1011,27,5415,884,12,883,2571,882,1306,25,10919],"class_list":{"0":"post-502663","1":"post","2":"type-post","3":"status-publish","4":"format-standard","5":"has-post-thumbnail","7":"category-marseille","8":"tag-actu","9":"tag-actualites","10":"tag-bouches-du-rhone","11":"tag-chauffeur","12":"tag-cimetiere","13":"tag-eu","14":"tag-europe","15":"tag-fr","16":"tag-france","17":"tag-mairie","18":"tag-marseille","19":"tag-news","20":"tag-paca","21":"tag-personnes-agees","22":"tag-provence-alpes-cote-dazur","23":"tag-regions","24":"tag-republique-francaise","25":"tag-toussaint"},"share_on_mastodon":{"url":"https:\/\/pubeurope.com\/@fr\/115469931268057996","error":""},"_links":{"self":[{"href":"https:\/\/www.europesays.com\/fr\/wp-json\/wp\/v2\/posts\/502663","targetHints":{"allow":["GET"]}}],"collection":[{"href":"https:\/\/www.europesays.com\/fr\/wp-json\/wp\/v2\/posts"}],"about":[{"href":"https:\/\/www.europesays.com\/fr\/wp-json\/wp\/v2\/types\/post"}],"author":[{"embeddable":true,"href":"https:\/\/www.europesays.com\/fr\/wp-json\/wp\/v2\/users\/2"}],"replies":[{"embeddable":true,"href":"https:\/\/www.europesays.com\/fr\/wp-json\/wp\/v2\/comments?post=502663"}],"version-history":[{"count":0,"href":"https:\/\/www.europesays.com\/fr\/wp-json\/wp\/v2\/posts\/502663\/revisions"}],"wp:featuredmedia":[{"embeddable":true,"href":"https:\/\/www.europesays.com\/fr\/wp-json\/wp\/v2\/media\/502664"}],"wp:attachment":[{"href":"https:\/\/www.europesays.com\/fr\/wp-json\/wp\/v2\/media?parent=502663"}],"wp:term":[{"taxonomy":"category","embeddable":true,"href":"https:\/\/www.europesays.com\/fr\/wp-json\/wp\/v2\/categories?post=502663"},{"taxonomy":"post_tag","embeddable":true,"href":"https:\/\/www.europesays.com\/fr\/wp-json\/wp\/v2\/tags?post=502663"}],"curies":[{"name":"wp","href":"https:\/\/api.w.org\/{rel}","templated":true}]}}