{"id":502665,"date":"2025-10-31T17:21:11","date_gmt":"2025-10-31T17:21:11","guid":{"rendered":"https:\/\/www.europesays.com\/fr\/502665\/"},"modified":"2025-10-31T17:21:11","modified_gmt":"2025-10-31T17:21:11","slug":"securite-routiere-alerte-aux-zombies-phone-a-lyon","status":"publish","type":"post","link":"https:\/\/www.europesays.com\/fr\/502665\/","title":{"rendered":"S\u00e9curit\u00e9 routi\u00e8re : alerte aux \u00ab\u00a0zombies phone\u00a0\u00bb \u00e0 Lyon"},"content":{"rendered":"<p class=\"content\" style=\"font-size:1.2em;font-weight:700\">\u00c0 l\u2019occasion d\u2019Halloween, la s\u00e9curit\u00e9 routi\u00e8re frappe fort avec sa nouvelle campagne \u00ab\u00a0Zombies Phone\u00a0\u00bb. Objectif : sensibiliser aux dangers du smartphone en marchant. A Lyon, le nombre d&rsquo;accidents est en baisse.<\/p>\n<p>En cette p\u00e9riode d&rsquo;Halloween, la s\u00e9curit\u00e9 routi\u00e8re d\u00e9voilait une nouvelle campagne de sensibilisation nomm\u00e9e \u00ab\u00a0Zombies Phone\u00a0\u00bb le 22 octobre dernier. Cette action, sous-titr\u00e9e \u00ab\u00a0Ils sont une menace pour eux-m\u00eames, un danger pour les autres\u00a0\u00bb alerte sur un danger trop souvent sous-estim\u00e9 :\u00a0l\u2019inattention li\u00e9e au t\u00e9l\u00e9phone en marchant.\u00a0En effet, selon les chiffres de la s\u00e9curit\u00e9 routi\u00e8re, \u00ab\u00a027 <strong>%<\/strong>\u00a0des pi\u00e9tons qui traversent la chauss\u00e9e utilisent un distracteur\u00a0\u00bb.<\/p>\n<p>Autre indicateur, la\u00a0mortalit\u00e9 pi\u00e9tonne\u00a0repr\u00e9sente\u00a014 %\u00a0de la mortalit\u00e9 routi\u00e8re. En 2024, 456 pi\u00e9tons\u00a0ont perdu la vie (+17 par rapport \u00e0 2023) et\u00a017 000\u00a0ont \u00e9t\u00e9 bless\u00e9s. A noter que dans 10% de ces accidents mortels, l&rsquo;inattention du pi\u00e9ton est un facteur d\u00e9clenchant. <\/p>\n<\/p>\n<p>Si l&rsquo;on se concentre sur les chiffres de la M\u00e9tropole lyonnaise, le nombre d&rsquo;accidents est en baisse. En effet, 1\u2009291 accidents ont \u00e9t\u00e9 recens\u00e9s en 2024, selon l&rsquo;Observatoire national interminist\u00e9riel de la s\u00e9curit\u00e9 routi\u00e8re. On en d\u00e9nombrait 1\u2009581 en 2023. Dans la capitale des Gaules, le bilan est similaire. Sur la p\u00e9riode 2019-2023, le nombre d&rsquo;accidents corporels a baiss\u00e9 de 35 %. Pour ce qui est des bless\u00e9s graves, c&rsquo;est une diminution de 39 %, <a href=\"https:\/\/www.lyoncapitale.fr\/actualite\/baisse-de-35-des-accidents-a-lyon-le-bilan-du-dispositif-ville-30-deux-ans-apres-son-instauration\" target=\"_blank\" rel=\"noreferrer noopener\">annon\u00e7ait Gr\u00e9gory Doucet en mars 2024.<\/a> <\/p>\n","protected":false},"excerpt":{"rendered":"\u00c0 l\u2019occasion d\u2019Halloween, la s\u00e9curit\u00e9 routi\u00e8re frappe fort avec sa nouvelle campagne \u00ab\u00a0Zombies Phone\u00a0\u00bb. Objectif : sensibiliser aux&hellip;\n","protected":false},"author":2,"featured_media":502666,"comment_status":"","ping_status":"","sticky":false,"template":"","format":"standard","meta":{"footnotes":""},"categories":[1889],"tags":[1111,11,2430,1777,674,1011,27,20815,2428,12,25,5009],"class_list":{"0":"post-502665","1":"post","2":"type-post","3":"status-publish","4":"format-standard","5":"has-post-thumbnail","7":"category-lyon","8":"tag-actu","9":"tag-actualites","10":"tag-auvergne-rhone-alpes","11":"tag-eu","12":"tag-europe","13":"tag-fr","14":"tag-france","15":"tag-halloween","16":"tag-lyon","17":"tag-news","18":"tag-republique-francaise","19":"tag-securite-routiere"},"share_on_mastodon":{"url":"https:\/\/pubeurope.com\/@fr\/115469935277888740","error":""},"_links":{"self":[{"href":"https:\/\/www.europesays.com\/fr\/wp-json\/wp\/v2\/posts\/502665","targetHints":{"allow":["GET"]}}],"collection":[{"href":"https:\/\/www.europesays.com\/fr\/wp-json\/wp\/v2\/posts"}],"about":[{"href":"https:\/\/www.europesays.com\/fr\/wp-json\/wp\/v2\/types\/post"}],"author":[{"embeddable":true,"href":"https:\/\/www.europesays.com\/fr\/wp-json\/wp\/v2\/users\/2"}],"replies":[{"embeddable":true,"href":"https:\/\/www.europesays.com\/fr\/wp-json\/wp\/v2\/comments?post=502665"}],"version-history":[{"count":0,"href":"https:\/\/www.europesays.com\/fr\/wp-json\/wp\/v2\/posts\/502665\/revisions"}],"wp:featuredmedia":[{"embeddable":true,"href":"https:\/\/www.europesays.com\/fr\/wp-json\/wp\/v2\/media\/502666"}],"wp:attachment":[{"href":"https:\/\/www.europesays.com\/fr\/wp-json\/wp\/v2\/media?parent=502665"}],"wp:term":[{"taxonomy":"category","embeddable":true,"href":"https:\/\/www.europesays.com\/fr\/wp-json\/wp\/v2\/categories?post=502665"},{"taxonomy":"post_tag","embeddable":true,"href":"https:\/\/www.europesays.com\/fr\/wp-json\/wp\/v2\/tags?post=502665"}],"curies":[{"name":"wp","href":"https:\/\/api.w.org\/{rel}","templated":true}]}}