{"id":502667,"date":"2025-10-31T17:22:11","date_gmt":"2025-10-31T17:22:11","guid":{"rendered":"https:\/\/www.europesays.com\/fr\/502667\/"},"modified":"2025-10-31T17:22:11","modified_gmt":"2025-10-31T17:22:11","slug":"explosifs-gyrophare-et-metaux-precieux-un-braquage-a-12-millions-deuros-dejoue-par-la-bri-de-lyon","status":"publish","type":"post","link":"https:\/\/www.europesays.com\/fr\/502667\/","title":{"rendered":"Explosifs, gyrophare et m\u00e9taux pr\u00e9cieux\u00a0: un braquage \u00e0 12\u00a0millions d\u2019euros d\u00e9jou\u00e9 par la BRI de Lyon"},"content":{"rendered":"<p class=\"paragraph text_align_left lp-f-body-02\">Depuis deux mois, ils ne les l\u00e2chaient pas, traquaient tous leurs mouvements. Des heures de surveillance et de filatures, pour parvenir \u00e0 un coup de filet spectaculaire et l\u2019arrestation de cinq braqueurs et d\u2019une complice interpell\u00e9s jeudi, quelques minutes seulement apr\u00e8s <a href=\"https:\/\/www.leparisien.fr\/faits-divers\/lyon-un-laboratoire-de-metaux-precieux-braque-avec-des-armes-lourdes-30-10-2025-E4ITGTD3YVHBXKQ5HCV6IXZ5UE.php\" target=\"_blank\" rel=\"noreferrer nofollow noopener\">le braquage \u00e0 l\u2019explosif d\u2019une entreprise d\u2019affinage de m\u00e9taux pr\u00e9cieux<\/a>. Sp\u00e9cialis\u00e9s dans les enqu\u00eates d\u2019initiatives, les policiers de la Brigade de recherches et d\u2019intervention (BRI) de Lyon (Rh\u00f4ne) avaient commenc\u00e9 \u00e0 travailler, il y a pr\u00e8s d\u2019un an, sur une \u00e9quipe de braqueurs suspect\u00e9s d\u2019avoir cambriol\u00e9 \u00e0 l\u2019explosif, d\u00e9j\u00e0, une soci\u00e9t\u00e9 de m\u00e9taux pr\u00e9cieux.<\/p>\n<p class=\"paragraph text_align_left lp-f-body-02\">Au fil des investigations, plusieurs noms remontent aux oreilles des policiers. Tout s\u2019acc\u00e9l\u00e8re il y a deux mois, lorsque la BRI d\u00e9couvre qu\u2019une voiture vol\u00e9e est r\u00e9guli\u00e8rement utilis\u00e9e par une de leur cible, un homme d\u00e9j\u00e0 connu de la justice pour des vols\u2026 \u00c0 leurs yeux, c\u2019est le signe qu\u2019un nouveau coup se pr\u00e9pare dans cette r\u00e9gion lyonnaise o\u00f9 les laboratoires de transformation de m\u00e9taux pr\u00e9cieux sont nombreux.<\/p>\n","protected":false},"excerpt":{"rendered":"Depuis deux mois, ils ne les l\u00e2chaient pas, traquaient tous leurs mouvements. Des heures de surveillance et de&hellip;\n","protected":false},"author":2,"featured_media":502668,"comment_status":"","ping_status":"","sticky":false,"template":"","format":"standard","meta":{"footnotes":""},"categories":[1889],"tags":[1111,11,2430,459,1777,674,118,1011,27,2428,12,25],"class_list":{"0":"post-502667","1":"post","2":"type-post","3":"status-publish","4":"format-standard","5":"has-post-thumbnail","7":"category-lyon","8":"tag-actu","9":"tag-actualites","10":"tag-auvergne-rhone-alpes","11":"tag-departements-horsidfo","12":"tag-eu","13":"tag-europe","14":"tag-faits-divers","15":"tag-fr","16":"tag-france","17":"tag-lyon","18":"tag-news","19":"tag-republique-francaise"},"share_on_mastodon":{"url":"https:\/\/pubeurope.com\/@fr\/115469939086630583","error":""},"_links":{"self":[{"href":"https:\/\/www.europesays.com\/fr\/wp-json\/wp\/v2\/posts\/502667","targetHints":{"allow":["GET"]}}],"collection":[{"href":"https:\/\/www.europesays.com\/fr\/wp-json\/wp\/v2\/posts"}],"about":[{"href":"https:\/\/www.europesays.com\/fr\/wp-json\/wp\/v2\/types\/post"}],"author":[{"embeddable":true,"href":"https:\/\/www.europesays.com\/fr\/wp-json\/wp\/v2\/users\/2"}],"replies":[{"embeddable":true,"href":"https:\/\/www.europesays.com\/fr\/wp-json\/wp\/v2\/comments?post=502667"}],"version-history":[{"count":0,"href":"https:\/\/www.europesays.com\/fr\/wp-json\/wp\/v2\/posts\/502667\/revisions"}],"wp:featuredmedia":[{"embeddable":true,"href":"https:\/\/www.europesays.com\/fr\/wp-json\/wp\/v2\/media\/502668"}],"wp:attachment":[{"href":"https:\/\/www.europesays.com\/fr\/wp-json\/wp\/v2\/media?parent=502667"}],"wp:term":[{"taxonomy":"category","embeddable":true,"href":"https:\/\/www.europesays.com\/fr\/wp-json\/wp\/v2\/categories?post=502667"},{"taxonomy":"post_tag","embeddable":true,"href":"https:\/\/www.europesays.com\/fr\/wp-json\/wp\/v2\/tags?post=502667"}],"curies":[{"name":"wp","href":"https:\/\/api.w.org\/{rel}","templated":true}]}}