{"id":502671,"date":"2025-10-31T17:25:19","date_gmt":"2025-10-31T17:25:19","guid":{"rendered":"https:\/\/www.europesays.com\/fr\/502671\/"},"modified":"2025-10-31T17:25:19","modified_gmt":"2025-10-31T17:25:19","slug":"quels-sont-les-dispositifs-anti-intrusion-promis-par-rachida-dati-avant-la-fin-de-lannee","status":"publish","type":"post","link":"https:\/\/www.europesays.com\/fr\/502671\/","title":{"rendered":"quels sont les dispositifs anti-intrusion promis par Rachida Dati \u00ab\u00a0avant la fin de l&rsquo;ann\u00e9e\u00a0\u00bb"},"content":{"rendered":"<p>            Par<br \/>\n        <strong><br \/>\n            <a href=\"https:\/\/actu.fr\/auteur\/redaction-paris\" title=\"Consulter tous les articles de R\u00e9daction Paris\" target=\"_blank\" rel=\"noopener\">R\u00e9daction Paris<\/a><br \/>\n        <\/strong><\/p>\n<p>        Publi\u00e9 le<\/p>\n<p>            31 oct. 2025 \u00e0 17h18        <\/p>\n<p>\u00ab\u00a0Ca fait plus de vingt ans que les risques intrusion et vol ont \u00e9t\u00e9 structurellement sous-estim\u00e9s\u00a0\u00bb au <a href=\"https:\/\/actu.fr\/tag\/musee-du-louvre\" target=\"_blank\" rel=\"noopener\">Louvre<\/a>, a estim\u00e9 la ministre de la Culture sur TF1, assurant que des <strong>\u00ab\u00a0mesures d\u2019urgence\u00a0\u00bb<\/strong> s\u2019imposaient. \u00ab\u00a0On ne peut pas continuer comme \u00e7a\u00a0\u00bb, a-t-elle ajout\u00e9.<\/p>\n<p>Une \u00ab\u00a0sous-estimation chronique, structurelle\u00a0\u00bb<\/p>\n<p class=\" wall-content\">Rachida Dati a promis ce vendredi 31 octobre 2025, la mise en place de dispositifs anti-intrusion au mus\u00e9e \u00ab\u00a0avant la fin de l\u2019ann\u00e9e\u00a0\u00bb, apr\u00e8s qu\u2019une <strong>enqu\u00eate administrative<\/strong> a r\u00e9v\u00e9l\u00e9 une \u00ab\u00a0sous-estimation chronique des risques\u00a0\u00bb de vol au sein du mus\u00e9e, cible d\u2019un casse le 19 octobre.<\/p>\n<p class=\" wall-content\">La ministre a expliqu\u00e9 fonder ses recommandations sur les premi\u00e8res conclusions de l\u2019enqu\u00eate administrative lanc\u00e9e au lendemain du <a href=\"https:\/\/actu.fr\/tag\/cambriolage\" target=\"_blank\" rel=\"noopener\">cambriolage<\/a>, au cours duquel huit joyaux de la Couronne d\u2019une valeur estim\u00e9e \u00e0 <a href=\"https:\/\/actu.fr\/ile-de-france\/paris_75056\/cambriolage-au-musee-du-louvre-a-paris-la-somme-spectaculaire-du-vol-des-joyaux-de-la-couronne-devoilee_63332904.html\" target=\"_blank\" rel=\"noopener\">88 millions d\u2019euros<\/a> ont \u00e9t\u00e9 d\u00e9rob\u00e9s en plein jour par un <strong>commando de quatre malfaiteurs<\/strong>. Des bijoux qui n\u2019ont toujours \u00e9t\u00e9 retrouv\u00e9s et restent activement recherch\u00e9s.<\/p>\n<p class=\" wall-content\">Selon la maire du 7\u00e8me arrondissement, ce rapport provisoire a mis en lumi\u00e8re une \u00ab\u00a0sous-estimation chronique, structurelle, du <strong>risque intrusion et vol<\/strong>\u00ab\u00a0, \u00ab\u00a0un sous-\u00e9quipement des dispositifs de s\u00e9curit\u00e9\u00a0\u00bb, une gouvernance \u00ab\u00a0pas adapt\u00e9e\u00a0\u00bb aux risques et des protocoles de <a href=\"https:\/\/actu.fr\/ile-de-france\/paris_75056\/vol-au-louvre-des-senateurs-tirent-la-sonnette-d-alarme-apres-une-visite-des-installations-de-securite_63361457.html\" target=\"_blank\" rel=\"noopener\">r\u00e9action aux vols et intrusions<\/a> \u00ab\u00a0totalement obsol\u00e8tes\u00a0\u00bb.<\/p>\n<p class=\" wall-content\">Tout en r\u00e9affirmant que les <strong>dispositifs de s\u00e9curit\u00e9<\/strong> \u00e0 l\u2019int\u00e9rieur du Louvre avaient fonctionn\u00e9 le jour du casse, la ministre a annonc\u00e9 des mesures pour r\u00e9pondre, selon elle, \u00e0 une \u00ab\u00a0faille s\u00e9curitaire majeure\u00a0\u00bb \u00e0 l\u2019ext\u00e9rieur du mus\u00e9e. \u00ab\u00a0Nous allons mettre des dispositifs anti-voiture-b\u00e9liers, anti-intrusion\u00a0\u00bb, a-t-elle annonc\u00e9, assurant que ces nouvelles installations seraient en place \u00ab\u00a0avant la fin de l\u2019ann\u00e9e\u00a0\u00bb.<\/p>\n<p>Vers une nouvelle gouvernance ?\u00a0<\/p>\n<p class=\" wall-content\">La semaine derni\u00e8re, la pr\u00e9sidente du Louvre, Laurence des Cars, avait <a href=\"https:\/\/actu.fr\/ile-de-france\/paris_75056\/vol-au-musee-du-louvre-les-deux-suspects-ont-partiellement-reconnu-les-faits-les-bijoux-sont-introuvables_63368231.html\" target=\"_blank\" rel=\"noopener\">expliqu\u00e9 devant des s\u00e9nateurs<\/a> que le premier de ces \u00e9quipements \u00ab\u00a0anti-b\u00e9liers\u00a0\u00bb pr\u00e9vus depuis plusieurs ann\u00e9es \u00e9tait en cours de pose. Elle avait aussi demand\u00e9 des mesures pour \u00ab\u00a0la <strong>s\u00e9curisation des abords imm\u00e9diats<\/strong>\u00a0\u00bb du palais.<\/p>\n<p class=\" wall-content\">La ministre a par ailleurs ordonn\u00e9 \u00e0 la pr\u00e9sidente du mus\u00e9e, sous tr\u00e8s forte pression depuis le casse, de <strong>r\u00e9unir d\u2019urgence un conseil d\u2019administration<\/strong>, afin de \u00ab\u00a0revoir la gouvernance\u00a0\u00bb du mus\u00e9e le plus fr\u00e9quent\u00e9 au monde.<\/p>\n<p>Votre r\u00e9gion, votre actu !<\/p>\n<p>Recevez chaque jour les infos qui comptent pour vous.<\/p>\n<p>\t<a href=\"https:\/\/actu.fr\/newsletter\" class=\"ac-btn ac-btn--corner ac-btn--medium ac-btn--blue800\" target=\"_blank\" rel=\"noopener\">S&rsquo;incrire<\/a><\/p>\n<p class=\" wall-content\">Cette nouvelle gouvernance devra pr\u00e9voir de cr\u00e9er \u00ab\u00a0une <strong>nouvelle direction de la s\u00fbret\u00e9<\/strong> et de la s\u00e9curit\u00e9 au niveau de la pr\u00e9sidence\u00a0\u00bb du mus\u00e9e, a d\u00e9taill\u00e9 la ministre, demandant par ailleurs la r\u00e9alisation d\u2019ici \u00e0 la fin de l\u2019ann\u00e9e d\u2019un \u00ab\u00a0audit global sur les risques d\u2019intrusion et de vol\u00a0\u00bb au Louvre.<\/p>\n<p class=\" wall-content\">Avec AFP.<\/p>\n<p class=\" wall-content\">Personnalisez votre actualit\u00e9 en ajoutant vos villes et m\u00e9dias en favori avec <a href=\"https:\/\/moncompte.actu.fr\" title=\"D\u00e9couvez Mon Actu\" rel=\"nofollow noopener\" data-trk=\"{&quot;cta&quot;:{&quot;action&quot;:&quot;https:\\\/\\\/moncompte.actu.fr&quot;,&quot;category&quot;:&quot;mon compte&quot;,&quot;from&quot;:&quot;article footer&quot;,&quot;name&quot;:&quot;Mon actu&quot;,&quot;type&quot;:&quot;cta&quot;}}\" target=\"_blank\">Mon Actu<\/a>.<\/p>\n","protected":false},"excerpt":{"rendered":"Par R\u00e9daction Paris Publi\u00e9 le 31 oct. 2025 \u00e0 17h18 \u00ab\u00a0Ca fait plus de vingt ans que les&hellip;\n","protected":false},"author":2,"featured_media":502672,"comment_status":"","ping_status":"","sticky":false,"template":"","format":"standard","meta":{"footnotes":""},"categories":[1888],"tags":[1111,1928,11,1927,1777,674,1011,27,3094,12,1926,626,1925,62201,25,104],"class_list":{"0":"post-502671","1":"post","2":"type-post","3":"status-publish","4":"format-standard","5":"has-post-thumbnail","7":"category-paris","8":"tag-actu","9":"tag-actu-paris","10":"tag-actualites","11":"tag-actualites-paris","12":"tag-eu","13":"tag-europe","14":"tag-fr","15":"tag-france","16":"tag-musee-du-louvre","17":"tag-news","18":"tag-news-paris","19":"tag-paris","20":"tag-paris-news","21":"tag-quartier-du-louvre-rivoli","22":"tag-republique-francaise","23":"tag-societe"},"share_on_mastodon":{"url":"https:\/\/pubeurope.com\/@fr\/115469950965157012","error":""},"_links":{"self":[{"href":"https:\/\/www.europesays.com\/fr\/wp-json\/wp\/v2\/posts\/502671","targetHints":{"allow":["GET"]}}],"collection":[{"href":"https:\/\/www.europesays.com\/fr\/wp-json\/wp\/v2\/posts"}],"about":[{"href":"https:\/\/www.europesays.com\/fr\/wp-json\/wp\/v2\/types\/post"}],"author":[{"embeddable":true,"href":"https:\/\/www.europesays.com\/fr\/wp-json\/wp\/v2\/users\/2"}],"replies":[{"embeddable":true,"href":"https:\/\/www.europesays.com\/fr\/wp-json\/wp\/v2\/comments?post=502671"}],"version-history":[{"count":0,"href":"https:\/\/www.europesays.com\/fr\/wp-json\/wp\/v2\/posts\/502671\/revisions"}],"wp:featuredmedia":[{"embeddable":true,"href":"https:\/\/www.europesays.com\/fr\/wp-json\/wp\/v2\/media\/502672"}],"wp:attachment":[{"href":"https:\/\/www.europesays.com\/fr\/wp-json\/wp\/v2\/media?parent=502671"}],"wp:term":[{"taxonomy":"category","embeddable":true,"href":"https:\/\/www.europesays.com\/fr\/wp-json\/wp\/v2\/categories?post=502671"},{"taxonomy":"post_tag","embeddable":true,"href":"https:\/\/www.europesays.com\/fr\/wp-json\/wp\/v2\/tags?post=502671"}],"curies":[{"name":"wp","href":"https:\/\/api.w.org\/{rel}","templated":true}]}}