{"id":502678,"date":"2025-10-31T17:29:11","date_gmt":"2025-10-31T17:29:11","guid":{"rendered":"https:\/\/www.europesays.com\/fr\/502678\/"},"modified":"2025-10-31T17:29:11","modified_gmt":"2025-10-31T17:29:11","slug":"cest-quoi-le-krill-ce-minuscule-crustace-au-coeur-dune-bataille-entre-lukraine-et-la-russie","status":"publish","type":"post","link":"https:\/\/www.europesays.com\/fr\/502678\/","title":{"rendered":"C\u2019est quoi le krill, ce minuscule crustac\u00e9 au c\u0153ur d\u2019une bataille entre l\u2019Ukraine et la Russie\u00a0?"},"content":{"rendered":"<p>      <img fetchpriority=\"high\" decoding=\"async\" class=\"mx-auto\" src=\"data:image\/svg+xml,%3Csvg%20xmlns%3D%27http%3A%2F%2Fwww.w3.org%2F2000%2Fsvg%27%20fill%3D%22%23e4e4e4%22%20viewBox%3D%270%200%20510%20340%27%20width%3D%22510%22%20height%3D%22340%22%3E%3Cpath%20d%3D%27M0%200h510v340H0z%27%2F%3E%3C%2Fsvg%3E\"  loading=\"eager\" width=\"510\" height=\"340\" data-oncrawl-image-size=\"510x340\" alt=\"Le krill est petit crustac\u00e9 de 1\u00a0\u00e0 2\u00a0centim\u00e8tres, qui ressemble \u00e0 une minuscule crevette.\"\/>      <\/p>\n<p class=\"latino-100m text-grey-600\">\n            Le krill est petit crustac\u00e9 de 1\u00a0\u00e0 2\u00a0centim\u00e8tres, qui ressemble \u00e0 une minuscule crevette.\u00a0PATRICK SEMANSKY\/AP\/SIPA        <\/p>\n<p>        Lire\u00a0plus\u00a0tard      <\/p>\n<p><a aria-label=\"Nous suivre sur Google News\" href=\"https:\/\/news.google.com\/publications\/CAAqBwgKMJe4nQkw3dFs?hl=fr&amp;gl=FR&amp;ceid=FR%3Afr\" target=\"_blank\" data-piano=\"Page_Article,Sous_date_publi,Nous_suivre_sur_google_news,1er_clic,action\" class=\"btn btn--small btn--tertiary btn--icon-only\" rel=\"noopener\"><\/p>\n<p>      Google Actualit\u00e9s<br \/>\n  <\/a><\/p>\n<p>  Partager<\/p>\n<p>        Facebook<\/p>\n<p>        Bluesky<\/p>\n<p>        E-mail<\/p>\n<p>        Copier le lien<\/p>\n<p>      Envoyer<\/p>\n<p>      S\u2019abonner pour lire    <\/p>\n<p class=\"node__paragraphe antonia-750r text-grey-800 pb-24 pb-md-32\">\nLeonid Pshenichnov, un biologiste ukrainien de 70\u00a0ans, vient d\u2019\u00eatre arr\u00eat\u00e9 par Moscou pour haute trahison. Il se trouvait en Crim\u00e9e, <a href=\"https:\/\/www.nouvelobs.com\/guerre-en-ukraine\/20220329.OBS56325\/l-occupation-de-la-crimee-c-est-comme-ca-que-tout-a-commence-le-journal-de-bord-de-l-ecrivain-markiyan-kamysh.html\" target=\"_blank\" rel=\"noopener\">territoire occup\u00e9 par la Russie<\/a>, alors qu\u2019il se pr\u00e9parait \u00e0 rejoindre une conf\u00e9rence sur la protection de la vie marine en Antarctique. Le Kremlin l\u2019accuse de saper la p\u00eache industrielle russe du krill.<\/p>\n<p class=\"node__paragraphe antonia-750r text-grey-800 pb-8\">\nCe tout petit crustac\u00e9 de 1 \u00e0 2 centim\u00e8tres, qui ressemble \u00e0 une minuscule crevette, semble bien anodin. Et pourtant, il constitue la cl\u00e9 de vo\u00fbte de tout l\u2019\u00e9cosyst\u00e8me des mers du Sud, qui bordent <a href=\"https:\/\/www.nouvelobs.com\/societe\/20250306.OBS101110\/la-banquise-mondiale-atteint-un-nouveau-plus-bas-historique-en-fevrier.html\" target=\"_blank\" rel=\"noopener\">l\u2019Antarctique<\/a>. Il ne se nourrit que de plancton mais sert d\u2019aliment de base aux baleines, aux phoques e\u2026<\/p>\n<p class=\"latino-100m text-blue-400\">Article r\u00e9serv\u00e9 aux abonn\u00e9s.<\/p>\n<p>        Se connecter      <\/p>\n<p class=\"text-center antonia-1550b antonia-lg-1850c\" style=\"margin-bottom:4px;\">Envie de lire la suite\u00a0?<\/p>\n<p class=\"description text-center pb-16\">Tous nos contenus exclusifs en acc\u00e8s illimit\u00e9<\/p>\n<p>            S\u2019abonner 7,99\u20ac 3,99\u20ac\/mois                          pendant 1 an                      <\/p>\n<p class=\"text-grey-700 or d-none d-md-flex\">ou<\/p>\n<p>                        <img width=\"164\" height=\"20\" src=\"data:image\/svg+xml,%3Csvg%20xmlns%3D%27http%3A%2F%2Fwww.w3.org%2F2000%2Fsvg%27%20fill%3D%22%23e4e4e4%22%20viewBox%3D%270%200%20282%2054%27%20width%3D%22282%22%20height%3D%2254%22%3E%3Cpath%20d%3D%27M0%200h282v54H0z%27%2F%3E%3C%2Fsvg%3E\"  class=\"js-swg-placeholder\" alt=\"Subscribe with Google\" loading=\"lazy\" decoding=\"async\"\/><\/p>\n","protected":false},"excerpt":{"rendered":"Le krill est petit crustac\u00e9 de 1\u00a0\u00e0 2\u00a0centim\u00e8tres, qui ressemble \u00e0 une minuscule crevette.\u00a0PATRICK SEMANSKY\/AP\/SIPA Lire\u00a0plus\u00a0tard Google Actualit\u00e9s&hellip;\n","protected":false},"author":2,"featured_media":502679,"comment_status":"","ping_status":"","sticky":false,"template":"","format":"standard","meta":{"footnotes":""},"categories":[1591],"tags":[17,11,24997,62476,1887,62474,62475,12,1885,1886,132,41,220,11489],"class_list":{"0":"post-502678","1":"post","2":"type-post","3":"status-publish","4":"format-standard","5":"has-post-thumbnail","7":"category-russie","8":"tag-17","9":"tag-actualites","10":"tag-bataille","11":"tag-crustace","12":"tag-federation-de-russie","13":"tag-krill","14":"tag-minuscule","15":"tag-news","16":"tag-russia","17":"tag-russian-federation","18":"tag-russie","19":"tag-sciences","20":"tag-ukraine","21":"tag-ur"},"share_on_mastodon":{"url":"https:\/\/pubeurope.com\/@fr\/115469966997194909","error":""},"_links":{"self":[{"href":"https:\/\/www.europesays.com\/fr\/wp-json\/wp\/v2\/posts\/502678","targetHints":{"allow":["GET"]}}],"collection":[{"href":"https:\/\/www.europesays.com\/fr\/wp-json\/wp\/v2\/posts"}],"about":[{"href":"https:\/\/www.europesays.com\/fr\/wp-json\/wp\/v2\/types\/post"}],"author":[{"embeddable":true,"href":"https:\/\/www.europesays.com\/fr\/wp-json\/wp\/v2\/users\/2"}],"replies":[{"embeddable":true,"href":"https:\/\/www.europesays.com\/fr\/wp-json\/wp\/v2\/comments?post=502678"}],"version-history":[{"count":0,"href":"https:\/\/www.europesays.com\/fr\/wp-json\/wp\/v2\/posts\/502678\/revisions"}],"wp:featuredmedia":[{"embeddable":true,"href":"https:\/\/www.europesays.com\/fr\/wp-json\/wp\/v2\/media\/502679"}],"wp:attachment":[{"href":"https:\/\/www.europesays.com\/fr\/wp-json\/wp\/v2\/media?parent=502678"}],"wp:term":[{"taxonomy":"category","embeddable":true,"href":"https:\/\/www.europesays.com\/fr\/wp-json\/wp\/v2\/categories?post=502678"},{"taxonomy":"post_tag","embeddable":true,"href":"https:\/\/www.europesays.com\/fr\/wp-json\/wp\/v2\/tags?post=502678"}],"curies":[{"name":"wp","href":"https:\/\/api.w.org\/{rel}","templated":true}]}}