{"id":50268,"date":"2025-04-24T22:38:11","date_gmt":"2025-04-24T22:38:11","guid":{"rendered":"https:\/\/www.europesays.com\/fr\/50268\/"},"modified":"2025-04-24T22:38:11","modified_gmt":"2025-04-24T22:38:11","slug":"la-ville-serrera-bientot-la-vis-avec-des-amendes-de-135-euros","status":"publish","type":"post","link":"https:\/\/www.europesays.com\/fr\/50268\/","title":{"rendered":"la Ville serrera bient\u00f4t la vis avec des amendes de 135\u00a0euros"},"content":{"rendered":"<p>Tol\u00e9rance z\u00e9ro. Pour avoir \u00ab\u00a0une ville s\u00fbre et propre\u00a0\u00bb, le maire <a href=\"https:\/\/www.dna.fr\/p\/thibaud-philipps\" target=\"_blank\" rel=\"noopener\">Thibaud Philipps<\/a> entend faire respecter concr\u00e8tement l\u2019arr\u00eat\u00e9 municipal du 9\u00a0mars\u00a02023 interdisant les d\u00e9jections canines partout dans la commune (parcs, jardins publics, pelouses, trottoirs,\u00a0etc.), en touchant le porte-monnaie des propri\u00e9taires.<\/p>\n<p>Jusqu\u2019\u00e0 pr\u00e9sent, une certaine forme de tol\u00e9rance \u2013 et donc d\u2019impunit\u00e9 \u2013 entourait \u00ab\u00a0cette petite incivilit\u00e9 <a href=\"https:\/\/www.dna.fr\/culture-loisirs\/2020\/10\/22\/une-campagne-pollution-anti-canine\" target=\"_blank\" rel=\"noopener\">qui pourrit la vie des gens<\/a> \u00a0\u00a0\u00bb, dixit l\u2019\u00e9dile. L\u2019infraction ne peut \u00eatre constat\u00e9e qu\u2019en flagrant d\u00e9lit par un agent asserment\u00e9.<\/p>\n<p>  Ciblage strat\u00e9gique<\/p>\n<p>Ce temps de l\u2019insouciance va s\u2019arr\u00eater. La municipalit\u00e9 a d\u00e9cid\u00e9 de s\u00e9vir. Pour faire respecter la loi, des effectifs de police municipale, habilit\u00e9s \u00e0 verbaliser, seront d\u00e9ploy\u00e9s d\u2019ici un mois dans une dizaine de secteurs de la ville connus pour abriter des terrains min\u00e9s, dans des tranches horaires sp\u00e9cifiques.<\/p>\n<p>\u00ab\u00a0Nous savons que les gens sortent leur chien le matin, entre 7\u00a0h\u00a030 et 8\u00a0h, sur le temps de midi et le soir entre 20\u00a0h et le film\u00a0\u00bb, pointe <a href=\"https:\/\/www.dna.fr\/faits-divers-justice\/2021\/09\/18\/christian-millot-nomme-chef-de-la-police-municipale\" target=\"_blank\" rel=\"noopener\">le capitaine Christian Millot<\/a> , chef de <a href=\"https:\/\/www.dna.fr\/faits-divers-justice\/2023\/06\/24\/le-nouvel-hotel-de-police-inaugure\" target=\"_blank\" rel=\"noopener\">la police municipale d\u2019Illkirch-Graffenstaden<\/a>. En plus de leurs missions quotidiennes, les agents seront donc vigilants aux quadrup\u00e8des poilus tenus en laisse.<\/p>\n<p>Gare au caca n\u00e9gligemment abandonn\u00e9 sur la chauss\u00e9e\u00a0\u00a0: le contrevenant s\u2019expose \u00e0 une amende forfaitaire de quatri\u00e8me classe \u2013 soit 135\u00a0euros, major\u00e9e \u00e0 375\u00a0euros \u2013 pr\u00e9vue par le Code p\u00e9nal. \u00ab\u00a0Le but est de mettre l\u2019accent sur la propret\u00e9, assure <a href=\"https:\/\/www.dna.fr\/elections\/2025\/03\/30\/a-illkirch-graffenstaden-thibaud-philipps-briguera-un-second-mandat\" target=\"_blank\" rel=\"noopener\">Thibaud Philipps<\/a>. Pour que le cadre de vie soit appr\u00e9ciable, il faut qu\u2019il soit propre.\u00a0\u00bb<\/p>\n<p>  Des actions de sensibilisation dans les quartiers<\/p>\n<p>Avant de sortir le carnet de contraventions, la police municipale d\u00e9gaine actuellement les flyers au contact de la population dans les quartiers concern\u00e9s par cette probl\u00e9matique. Cette action p\u00e9dagogique vise \u00e0 rappeler la loi aux propri\u00e9taires de chiens, \u00e0 les sensibiliser aux actions r\u00e9pressives \u00e0 venir et \u00e0 leur indiquer les infrastructures sp\u00e9cifiquement cr\u00e9\u00e9es dans la ville.<\/p>\n<p>Elle s\u2019accompagne d\u2019un marquage au sol des crottes et d\u2019inscriptions au pochoir\u00a0: \u00ab\u00a0Trottoir. Pas crottoir\u00a0\u00bb \u00e0 la peinture orange biod\u00e9gradable. Les agents en profitent \u00e9galement pour alimenter les distributeurs de sachets \u00e0 d\u00e9jections.<\/p>\n<p>Mercredi, jour de march\u00e9 cours de l\u2019Illiade, dans un secteur r\u00e9sidentiel dens\u00e9ment peupl\u00e9 au bord de l\u2019Ill, \u00e0 proximit\u00e9 du parc Huron, la tourn\u00e9e de la police municipale, en pr\u00e9sence du maire, re\u00e7oit un accueil plut\u00f4t favorable.<\/p>\n<p>La plupart des propri\u00e9taires comprennent la d\u00e9marche et disposent de sachets. Ils s\u2019insurgent contre ces comportements d\u00e9plac\u00e9s qui souillent la ville, y compris dans les espaces enherb\u00e9s. \u00ab\u00a0L\u00e0 o\u00f9 jouent les enfants et o\u00f9 les agents d\u2019entretien passent le d\u00e9broussailleur. Cela pose des probl\u00e9matiques sanitaires\u00a0\u00bb, appuie le capitaine Christian Millot.<\/p>\n<p>Un homme, la cinquantaine, d\u00e9sapprouve l\u2019action. \u00ab\u00a0Ce n\u2019est pas bien ce que vous faites\u00a0\u00bb, lance-t-il comme une invitation implicite \u00e0 laisser les gens tranquilles. \u00ab\u00a0Ceux qui r\u00e2lent le plus sont souvent ceux qui respectent le moins\u00a0\u00bb, commente le maire. Finis les passe-droits\u00a0: les ma\u00eetres r\u00e9calcitrants devront \ufeffchoisir demain\u00a0de mettre la main \u00e0 la p\u00e2te ou au portefeuille.<\/p>\n","protected":false},"excerpt":{"rendered":"Tol\u00e9rance z\u00e9ro. Pour avoir \u00ab\u00a0une ville s\u00fbre et propre\u00a0\u00bb, le maire Thibaud Philipps entend faire respecter concr\u00e8tement l\u2019arr\u00eat\u00e9&hellip;\n","protected":false},"author":2,"featured_media":50269,"comment_status":"","ping_status":"","sticky":false,"template":"","format":"standard","meta":{"footnotes":""},"categories":[2820],"tags":[1111,11,1867,2880,1777,674,274,107,1011,27,775,3088,12,25,104,640,3089],"class_list":{"0":"post-50268","1":"post","2":"type-post","3":"status-publish","4":"format-standard","5":"has-post-thumbnail","7":"category-strasbourg","8":"tag-actu","9":"tag-actualites","10":"tag-animaux","11":"tag-edition-strasbourg","12":"tag-eu","13":"tag-europe","14":"tag-faits-divers-justice","15":"tag-fil-info","16":"tag-fr","17":"tag-france","18":"tag-grand-est","19":"tag-illkirch-graffenstaden","20":"tag-news","21":"tag-republique-francaise","22":"tag-societe","23":"tag-strasbourg","24":"tag-strasbourg-sud"},"share_on_mastodon":{"url":"https:\/\/pubeurope.com\/@fr\/114395342835999864","error":""},"_links":{"self":[{"href":"https:\/\/www.europesays.com\/fr\/wp-json\/wp\/v2\/posts\/50268","targetHints":{"allow":["GET"]}}],"collection":[{"href":"https:\/\/www.europesays.com\/fr\/wp-json\/wp\/v2\/posts"}],"about":[{"href":"https:\/\/www.europesays.com\/fr\/wp-json\/wp\/v2\/types\/post"}],"author":[{"embeddable":true,"href":"https:\/\/www.europesays.com\/fr\/wp-json\/wp\/v2\/users\/2"}],"replies":[{"embeddable":true,"href":"https:\/\/www.europesays.com\/fr\/wp-json\/wp\/v2\/comments?post=50268"}],"version-history":[{"count":0,"href":"https:\/\/www.europesays.com\/fr\/wp-json\/wp\/v2\/posts\/50268\/revisions"}],"wp:featuredmedia":[{"embeddable":true,"href":"https:\/\/www.europesays.com\/fr\/wp-json\/wp\/v2\/media\/50269"}],"wp:attachment":[{"href":"https:\/\/www.europesays.com\/fr\/wp-json\/wp\/v2\/media?parent=50268"}],"wp:term":[{"taxonomy":"category","embeddable":true,"href":"https:\/\/www.europesays.com\/fr\/wp-json\/wp\/v2\/categories?post=50268"},{"taxonomy":"post_tag","embeddable":true,"href":"https:\/\/www.europesays.com\/fr\/wp-json\/wp\/v2\/tags?post=50268"}],"curies":[{"name":"wp","href":"https:\/\/api.w.org\/{rel}","templated":true}]}}