{"id":502680,"date":"2025-10-31T17:30:16","date_gmt":"2025-10-31T17:30:16","guid":{"rendered":"https:\/\/www.europesays.com\/fr\/502680\/"},"modified":"2025-10-31T17:30:16","modified_gmt":"2025-10-31T17:30:16","slug":"prise-de-pokrovsk-moscou-pavoise-kiev-dement","status":"publish","type":"post","link":"https:\/\/www.europesays.com\/fr\/502680\/","title":{"rendered":"Prise de Pokrovsk : Moscou pavoise, Kiev d\u00e9ment"},"content":{"rendered":"\n<p>Sur le papier, Moscou tient sa victoire. \u201cPokrovsk est en situation d\u2019encerclement tactique\u201d, affirme le chef d\u2019\u00e9tat-major Valeri Guerassimov, <a class=\"ithalc\" data-ithal=\"lien_externe\" data-ithalc=\"[nav_article]\" target=\"_blank\" href=\"https:\/\/www.mk.ru\/politics\/2025\/10\/26\/tysyachi-boycov-v-okruzhenii-putinu-dolozhili-o-kotlakh-pod-kupyanskom-i-pokrovskom-namechaetsya-operaciya-ekstrakshn.html\" rel=\"noopener\">cit\u00e9 par le tablo\u00efd russe\u00a0<\/a><a class=\"ithalc\" data-ithal=\"lien_externe\" data-ithalc=\"[nav_article]\" target=\"_blank\" href=\"https:\/\/www.mk.ru\/politics\/2025\/10\/26\/tysyachi-boycov-v-okruzhenii-putinu-dolozhili-o-kotlakh-pod-kupyanskom-i-pokrovskom-namechaetsya-operaciya-ekstrakshn.html\" rel=\"noopener\"><strong>Moskovski Komsomolets<\/strong><\/a>, qui \u00e9voque plus de 5\u00a0000 soldats ukrainiens pris au pi\u00e8ge, r\u00e9partis en 31\u00a0bataillons, et une \u201ccapture massive probable\u201d.\u00a0<a class=\"ithalc\" data-ithal=\"lien_externe\" data-ithalc=\"[nav_article]\" target=\"_blank\" href=\"https:\/\/lenta.ru\/brief\/2025\/10\/29\/pokrovsk\/\" rel=\"noopener\">Le site d\u2019informations pro-Kremlin, <\/a><a class=\"ithalc\" data-ithal=\"lien_externe\" data-ithalc=\"[nav_article]\" target=\"_blank\" href=\"https:\/\/lenta.ru\/brief\/2025\/10\/29\/pokrovsk\/\" rel=\"noopener\"><strong>Lenta.ru<\/strong>, <\/a><a class=\"ithalc\" data-ithal=\"lien_externe\" data-ithalc=\"[nav_article]\" target=\"_blank\" href=\"https:\/\/lenta.ru\/brief\/2025\/10\/29\/pokrovsk\/\" rel=\"noopener\">ajoute<\/a>\u00a0que Vladimir Poutine lui-m\u00eame a personnellement f\u00e9licit\u00e9 les troupes et salu\u00e9 leur \u201ch\u00e9ro\u00efsme\u201d dans les combats pour la prise de Pokrovsk, qui est dans le viseur de Moscou depuis plus d\u2019un an, <a class=\"ithalc\" data-ithal=\"lien_externe\" data-ithalc=\"[nav_article]\" target=\"_blank\" href=\"https:\/\/www.moscowtimes.ru\/2025\/10\/30\/minoboroni-rossii-zayavilo-ogotovnosti-prekratit-boi-dlya-dopuska-smi-vpokrovsk-ikupyansk-a178883\" rel=\"noopener\">rappelle\u00a0<\/a><a class=\"ithalc\" data-ithal=\"lien_externe\" data-ithalc=\"[nav_article]\" target=\"_blank\" href=\"https:\/\/www.moscowtimes.ru\/2025\/10\/30\/minoboroni-rossii-zayavilo-ogotovnosti-prekratit-boi-dlya-dopuska-smi-vpokrovsk-ikupyansk-a178883\" rel=\"noopener\"><strong>The Moscow Times<\/strong><\/a>, m\u00e9dia ind\u00e9pendant russophone en exil.<\/p>\n<p>La ville, point n\u00e9vralgique de l\u2019ouest du Donbass, serait en passe de tomber, ce qui ouvrirait la voie \u00e0 une avanc\u00e9e vers toute la r\u00e9gion, souligne\u00a0Lenta.ru, insistant sur l\u2019importance de son industrie mini\u00e8re et de son n\u0153ud ferroviaire. Sa chute, pr\u00e9vient l\u2019analyste militaire Sergue\u00ef Poleta\u00efev, dans le m\u00e9dia, pourrait \u201cpeser autant qu\u2019Avdi\u00efvka ou Vougledar [occup\u00e9es par l\u2019arm\u00e9e russe]\u201d.<\/p>\n<p><a class=\"ithalc\" data-ithal=\"lien_externe\" data-ithalc=\"[nav_article]\" target=\"_blank\" href=\"https:\/\/verstka.media\/boi-pod-pokrovskom-rossiya-usilila-nastuplenie-na-vostoke-ukrainy-vsu-otbrosili-rossiyan-na-dobropolskom-napravlenii\" rel=\"noopener\">D\u2019apr\u00e8s\u00a0<\/a><a class=\"ithalc\" data-ithal=\"lien_externe\" data-ithalc=\"[nav_article]\" target=\"_blank\" href=\"https:\/\/verstka.media\/boi-pod-pokrovskom-rossiya-usilila-nastuplenie-na-vostoke-ukrainy-vsu-otbrosili-rossiyan-na-dobropolskom-napravlenii\" rel=\"noopener\"><strong>Verstka<\/strong><\/a>, l\u2019arm\u00e9e russe progresse par petites unit\u00e9s, s\u2019infiltrant dans les quartiers proches de la gare et de la zone industrielle de Pokrovsk. L\u2019avanc\u00e9e se ferait, selon l\u2019Institut am\u00e9ricain pour l\u2019\u00e9tude de la guerre (ISW), dans le but de perturber les lignes de ravitaillemen<\/p>\n","protected":false},"excerpt":{"rendered":"Sur le papier, Moscou tient sa victoire. \u201cPokrovsk est en situation d\u2019encerclement tactique\u201d, affirme le chef d\u2019\u00e9tat-major Valeri&hellip;\n","protected":false},"author":2,"featured_media":502681,"comment_status":"","ping_status":"","sticky":false,"template":"","format":"standard","meta":{"footnotes":""},"categories":[1590],"tags":[11,8998,1777,674,1892,131,12,220],"class_list":{"0":"post-502680","1":"post","2":"type-post","3":"status-publish","4":"format-standard","5":"has-post-thumbnail","7":"category-ukraine","8":"tag-actualites","9":"tag-donbass","10":"tag-eu","11":"tag-europe","12":"tag-gu00e9opolitique","13":"tag-guerre-en-ukraine","14":"tag-news","15":"tag-ukraine"},"share_on_mastodon":{"url":"https:\/\/pubeurope.com\/@fr\/115469970672024577","error":""},"_links":{"self":[{"href":"https:\/\/www.europesays.com\/fr\/wp-json\/wp\/v2\/posts\/502680","targetHints":{"allow":["GET"]}}],"collection":[{"href":"https:\/\/www.europesays.com\/fr\/wp-json\/wp\/v2\/posts"}],"about":[{"href":"https:\/\/www.europesays.com\/fr\/wp-json\/wp\/v2\/types\/post"}],"author":[{"embeddable":true,"href":"https:\/\/www.europesays.com\/fr\/wp-json\/wp\/v2\/users\/2"}],"replies":[{"embeddable":true,"href":"https:\/\/www.europesays.com\/fr\/wp-json\/wp\/v2\/comments?post=502680"}],"version-history":[{"count":0,"href":"https:\/\/www.europesays.com\/fr\/wp-json\/wp\/v2\/posts\/502680\/revisions"}],"wp:featuredmedia":[{"embeddable":true,"href":"https:\/\/www.europesays.com\/fr\/wp-json\/wp\/v2\/media\/502681"}],"wp:attachment":[{"href":"https:\/\/www.europesays.com\/fr\/wp-json\/wp\/v2\/media?parent=502680"}],"wp:term":[{"taxonomy":"category","embeddable":true,"href":"https:\/\/www.europesays.com\/fr\/wp-json\/wp\/v2\/categories?post=502680"},{"taxonomy":"post_tag","embeddable":true,"href":"https:\/\/www.europesays.com\/fr\/wp-json\/wp\/v2\/tags?post=502680"}],"curies":[{"name":"wp","href":"https:\/\/api.w.org\/{rel}","templated":true}]}}