{"id":502685,"date":"2025-10-31T17:33:11","date_gmt":"2025-10-31T17:33:11","guid":{"rendered":"https:\/\/www.europesays.com\/fr\/502685\/"},"modified":"2025-10-31T17:33:11","modified_gmt":"2025-10-31T17:33:11","slug":"lallemagne-sest-placee-sous-le-joug-de-la-chine-et-elle-en-paie-le-prix","status":"publish","type":"post","link":"https:\/\/www.europesays.com\/fr\/502685\/","title":{"rendered":"L\u2019Allemagne \u201cs\u2019est plac\u00e9e sous le joug de la Chine et elle en paie le prix\u201d"},"content":{"rendered":"\n<p>Un chat porte-bonheur venu d\u2019Asie semble braver du regard les lecteurs de <strong>Handelsblatt, <\/strong>les sourcils fronc\u00e9s et les bras crois\u00e9s.<strong> <\/strong>\u201cLe pi\u00e8ge de P\u00e9kin\u201d, titre le journal \u00e9conomique allemand, en une de son \u00e9dition du 31\u00a0octobre. \u201cMati\u00e8res premi\u00e8res, semi-conducteurs, d\u00e9bouch\u00e9s commerciaux\u2026 par facilit\u00e9 et manque de clairvoyance \u00e0 long terme, l\u2019Allemagne s\u2019est plac\u00e9e sous le joug de la Chine. Et en paie aujourd\u2019hui le prix. Mais ce n\u2019est pas in\u00e9luctable.\u201d<\/p>\n<p>\u201cPendant des d\u00e9cennies, l\u2019Allemagne a cultiv\u00e9 sa d\u00e9pendance \u00e9conomique \u00e0 la Chine\u201d, assure le m\u00e9dia de Francfort, <a class=\"ithalc\" data-ithal=\"lien_externe\" data-ithalc=\"[nav_article]\" target=\"_blank\" href=\"https:\/\/www.handelsblatt.com\/politik\/international\/china-lieferketten-am-limit-deutschland-in-der-falle\/100169052.html\" rel=\"noopener\">dans un long article d\u2019analyse.<\/a> Un exemple r\u00e9cent le confirme. La semaine derni\u00e8re, les constructeurs automobiles du pays d\u2019outre-Rhin ont connu d\u2019importantes difficult\u00e9s, apr\u00e8s l\u2019arr\u00eat des livraisons chinoises de certains composants utilis\u00e9s pour fabriquer des puces \u00e9lectroniques.<\/p>\n<p>               Perte d\u2019influence       <\/p>\n<p>\u201cNi Berlin ni Bruxelles, o\u00f9 se d\u00e9cide la politique commerciale de l\u2019Union europ\u00e9enne, n\u2019ont su profiter [de leur relation privil\u00e9gi\u00e9e avec la Chine] pour gagner en influence sur la politique de P\u00e9kin.\u201d Cela s\u2019est confirm\u00e9 r\u00e9cemment \u00e0 Busan, en Cor\u00e9e du Sud, o\u00f9 les dirigeants am\u00e9ricain et chinois se sont, certes, entendus sur un accord concernant les \u00e9changes commerciaux de terres rares, mais o\u00f9 les Europ\u00e9ens n\u2019\u00e9taient pas repr\u00e9sent\u00e9s, alors que les int\u00e9r\u00eats du Vieux Continent \u00e9taient \u00e9galement en jeu.<\/p>\n<p>Le ministre des Affaires \u00e9trang\u00e8res allemand Johann Wadephul a quant \u00e0 lui subi un \u201caffront\u201d personnel. Il y a quelques jours, sa visite en Chine a \u00e9t\u00e9 tout bonnement annul\u00e9e. Selon des sources diplomatiques europ\u00e9ennes, P\u00e9kin aurait fait pression sur le conservateur pour qu\u2019il revienne publiquement sur ses critiques contre l\u2019action du g\u00e9ant asiatique en mer de Chine m\u00e9ridionale. Ce dernier a refus\u00e9, mais son voyage avort\u00e9 montre, selon le titre \u00e9conomique, que l\u2019influence de l\u2019Allemagne ne cesse de se r\u00e9duire dans un pays qui est pourtant son premier partenaire commercial.<\/p>\n<p>Face \u00e0 ce constat, le gouvernement de <a href=\"https:\/\/www.courrierinternational.com\/sujet\/friedrich-merz\" target=\"_blank\" rel=\"noopener\">Friedrich Merz<\/a> a appel\u00e9 les grandes entreprises d\u2019outre-Rhin \u00e0 diversifier leurs fournisseurs et \u00e0 ne pas s\u2019approvisionner uniquement en Chine. Des mains tendues ont aussi \u00e9t\u00e9 adress\u00e9es \u00e0 diff\u00e9rents pays riches en mati\u00e8res premi\u00e8res \u2013\u00a0comme la Turquie ou le Canada. Sur le plan europ\u00e9en, plusieurs initiatives ont par ailleurs \u00e9t\u00e9 lanc\u00e9es, dont le projet \u201cResource EU\u201d visant \u00e0 recycler des terres rares d\u00e9j\u00e0 pr\u00e9sentes dans les 27\u00a0pays de l\u2019UE. Cela suffira-t-il \u00e0 rendre le Vieux Continent ind\u00e9pendant de la Chine\u00a0? Handelsblatt se garde bien de r\u00e9pondre \u00e0 cette question.<\/p>\n","protected":false},"excerpt":{"rendered":"Un chat porte-bonheur venu d\u2019Asie semble braver du regard les lecteurs de Handelsblatt, les sourcils fronc\u00e9s et les&hellip;\n","protected":false},"author":2,"featured_media":502686,"comment_status":"","ping_status":"","sticky":false,"template":"","format":"standard","meta":{"footnotes":""},"categories":[1587],"tags":[11,672,6060,1804,309,1805,1803,1777,674,1801,1892,1074,12,1802,2542,22336],"class_list":{"0":"post-502685","1":"post","2":"type-post","3":"status-publish","4":"format-standard","5":"has-post-thumbnail","7":"category-allemagne","8":"tag-actualites","9":"tag-allemagne","10":"tag-asie","11":"tag-bundesrepublik-deutschland","12":"tag-chine","13":"tag-de","14":"tag-deutschland","15":"tag-eu","16":"tag-europe","17":"tag-germany","18":"tag-gu00e9opolitique","19":"tag-guerre-commerciale","20":"tag-news","21":"tag-republique-federale-dallemagne","22":"tag-u00e9conomie","23":"tag-une-du-jour"},"share_on_mastodon":{"url":"https:\/\/pubeurope.com\/@fr\/115469982572404104","error":""},"_links":{"self":[{"href":"https:\/\/www.europesays.com\/fr\/wp-json\/wp\/v2\/posts\/502685","targetHints":{"allow":["GET"]}}],"collection":[{"href":"https:\/\/www.europesays.com\/fr\/wp-json\/wp\/v2\/posts"}],"about":[{"href":"https:\/\/www.europesays.com\/fr\/wp-json\/wp\/v2\/types\/post"}],"author":[{"embeddable":true,"href":"https:\/\/www.europesays.com\/fr\/wp-json\/wp\/v2\/users\/2"}],"replies":[{"embeddable":true,"href":"https:\/\/www.europesays.com\/fr\/wp-json\/wp\/v2\/comments?post=502685"}],"version-history":[{"count":0,"href":"https:\/\/www.europesays.com\/fr\/wp-json\/wp\/v2\/posts\/502685\/revisions"}],"wp:featuredmedia":[{"embeddable":true,"href":"https:\/\/www.europesays.com\/fr\/wp-json\/wp\/v2\/media\/502686"}],"wp:attachment":[{"href":"https:\/\/www.europesays.com\/fr\/wp-json\/wp\/v2\/media?parent=502685"}],"wp:term":[{"taxonomy":"category","embeddable":true,"href":"https:\/\/www.europesays.com\/fr\/wp-json\/wp\/v2\/categories?post=502685"},{"taxonomy":"post_tag","embeddable":true,"href":"https:\/\/www.europesays.com\/fr\/wp-json\/wp\/v2\/tags?post=502685"}],"curies":[{"name":"wp","href":"https:\/\/api.w.org\/{rel}","templated":true}]}}