{"id":502687,"date":"2025-10-31T17:34:13","date_gmt":"2025-10-31T17:34:13","guid":{"rendered":"https:\/\/www.europesays.com\/fr\/502687\/"},"modified":"2025-10-31T17:34:13","modified_gmt":"2025-10-31T17:34:13","slug":"mont-saint-martin-le-centre-commercial-pole-europe-lance-ses-animations-des-le-1er-novembre","status":"publish","type":"post","link":"https:\/\/www.europesays.com\/fr\/502687\/","title":{"rendered":"Mont-Saint-Martin. Le centre commercial P\u00f4le Europe lance ses animations d\u00e8s le 1er \u00a0novembre"},"content":{"rendered":"<p>\u00ab\u00a0Samedi 1er \u00a0novembre est une journ\u00e9e d\u2019ouverture exceptionnelle qui marquera la fin d\u2019un chantier, avec plus de 20\u00a0000 visiteurs attendus. Je ne vous cache pas que les boutiques de la galerie marchande ont jou\u00e9 le jeu en proposant des offres promotionnelles\u00a0\u00bb, explique Chlo\u00e9 Gratz, charg\u00e9e de communication.<\/p>\n<p>Aushopping P\u00f4le Europe, \u00e0 Mont-Saint-Martin, sera en f\u00eate du 1 er au 12\u00a0novembre\u00a0: \u00ab\u00a0C\u2019est une date symbolique qui c\u00e9l\u00e8bre un centre modernis\u00e9, repens\u00e9 pour r\u00e9pondre aux attentes des consommateurs dans un contexte o\u00f9 le pouvoir d\u2019achat est plus que jamais au c\u0153ur des pr\u00e9occupations.\u00a0\u00bb Les boutiques ouvriront de 10\u00a0h \u00e0 19\u00a0h et l\u2019hypermarch\u00e9 Auchan \u00e0 partir de 9\u00a0h. \u00c0 quoi doivent s\u2019attendre les clients\u00a0?<\/p>\n<p>   \u25b6 \u200265 boutiques et de nouvelles enseignes<\/p>\n<p>Une vingtaine de boutiques proposeront, durant les douze jours, des promotions ou des r\u00e9ductions exclusives sur certains produits, comme le maquillage, les parfums, les bijoux, les v\u00eatements,\u00a0etc. D\u00e8s samedi, gr\u00e2ce \u00e0 l\u2019op\u00e9ration interactive \u00ab\u00a0Joue &amp; Gagne\u00a0\u00bb, les visiteurs pourront \u00e9galement tenter leur chance en remportant des bons cadeaux \u00e0 d\u00e9penser dans les enseignes du centre commercial.<\/p>\n<p>La galerie marchande est en plein renouveau, puisqu\u2019elle va s\u2019agrandir avec l\u2019arriv\u00e9e de nouveaux magasins, comme <a href=\"https:\/\/www.republicain-lorrain.fr\/economie\/2024\/04\/02\/amenagement-commercial-longwy-ne-peut-plus-s-opposer-au-projet-de-primark\" target=\"_blank\" rel=\"noopener\">l\u2019enseigne de mode \u00e0 bas prix Primark<\/a> (pr\u00e9vu en 2026), mais aussi Undiz, une marque de lingerie fran\u00e7aise. D\u2019autres installations sont envisag\u00e9es, mais \u00ab\u00a0les dossiers sont en cours de signature\u00a0\u00bb, souligne Chlo\u00e9 Gratz.<\/p>\n<p>  \u25b6 \u2002Acheter autrement<\/p>\n<p>Apr\u00e8s quelques am\u00e9nagements, <a href=\"https:\/\/www.republicain-lorrain.fr\/societe\/2025\/09\/20\/auchan-mont-saint-martin-cede-1-500-m2-pour-l-arrivee-d-une-nouvelle-enseigne\" target=\"_blank\" rel=\"noopener\">l\u2019hypermarch\u00e9 Auchan va s\u2019associer \u00e0 cette d\u00e9marche<\/a> en renfor\u00e7ant les propositions de produits frais et de saison\u00a0: \u00ab\u00a0Fruits et l\u00e9gumes locaux, produits faciles \u00e0 pr\u00e9parer, des rayons \u00e9largis, tout a \u00e9t\u00e9 pens\u00e9 pour favoriser une consommation plus saine, plus locale et plus accessible. C\u2019est une mani\u00e8re de faire attention aux portefeuilles, mais aussi \u00e0 la sant\u00e9 des clients\u00a0\u00bb, note Chlo\u00e9 Gratz.<\/p>\n<p>Ce contenu est bloqu\u00e9 car vous n&rsquo;avez pas accept\u00e9 les cookies et autres traceurs.<\/p>\n<p>En cliquant sur \u00ab J\u2019accepte \u00bb, les cookies et autres traceurs seront d\u00e9pos\u00e9s et vous pourrez visualiser les contenus  (<a href=\"\" class=\"consentModule_policy\" target=\"_blank\" title=\"Consulter la politique de protection des donn\u00e9es du fournisseur\">plus d&rsquo;informations<\/a>).<\/p>\n<p>En cliquant sur \u00ab J\u2019accepte tous les cookies \u00bb, vous autorisez des d\u00e9p\u00f4ts de cookies et autres traceurs pour le stockage de vos donn\u00e9es sur nos sites et applications \u00e0 des fins de personnalisation et de ciblage publicitaire.<\/p>\n<p class=\"consentModule_secondaryText\">Vous gardez la possibilit\u00e9 de retirer votre consentement \u00e0 tout moment en consultant notre <a href=\"https:\/\/www.republicain-lorrain.fr\/protection-des-donnees\" target=\"_blank\" title=\"Consulter notre politique de protection des donn\u00e9es\" rel=\"noopener\">politique de protection des donn\u00e9es<\/a>. <br \/>&#13;<br \/>\n            <a href=\"https:\/\/www.republicain-lorrain.fr\/economie\/2025\/10\/31\/javascript:Didomi.notice.show()\" class=\"consentModule_cmp\" target=\"_blank\" rel=\"noopener\">G\u00e9rer mes choix<\/a>&#13;\n        <\/p>\n<p>&#13;<br \/>\n                        J&rsquo;accepte&#13;<br \/>\n            J&rsquo;accepte tous les cookies&#13;\n        <\/p>\n<p>   \u25b6 \u2002Pr\u00e9sence de la Reine de la Mirabelle 2025<\/p>\n<p>Une dict\u00e9e gratuite sera propos\u00e9e mercredi 5\u00a0novembre, de 14\u00a0h\u00a030 \u00e0 16\u00a0h\u00a030. Elle sera anim\u00e9e par Maryl\u00e8ne Bergmann, journaliste et pr\u00e9sentatrice de t\u00e9l\u00e9vision, et C\u00e9lia Zimmermann, <a href=\"https:\/\/www.republicain-lorrain.fr\/culture-loisirs\/2025\/08\/30\/celia-zimmermann-reine-de-la-mirabelle-2025-je-ne-realise-pas-encore-ce-qui-se-passe\" target=\"_blank\" rel=\"noopener\">Reine de la Mirabelle 2025 et professeure des \u00e9coles au Luxembourg<\/a>. L\u2019objectif, pour les \u00e9quipes organisatrices, n\u2019est pas de \u00ab\u00a0pi\u00e9ger les participants, mais de faire de l\u2019\u00e9criture un lien vivant entre les enfants, les parents, les grands-parents, les amis ou les voisins. En accueillant cet \u00e9v\u00e9nement, nous souhaitions montrer qu\u2019un centre commercial peut \u00eatre un lieu de culture\u00a0\u00bb, informe la responsable. Cette dict\u00e9e europ\u00e9enne honore le 75 e anniversaire de la D\u00e9claration de 1950 de Robert Schuman.<\/p>\n","protected":false},"excerpt":{"rendered":"\u00ab\u00a0Samedi 1er \u00a0novembre est une journ\u00e9e d\u2019ouverture exceptionnelle qui marquera la fin d\u2019un chantier, avec plus de 20\u00a0000&hellip;\n","protected":false},"author":2,"featured_media":502688,"comment_status":"","ping_status":"","sticky":false,"template":"","format":"standard","meta":{"footnotes":""},"categories":[1586],"tags":[11,4749,62477,4406,130,33,14238,1777,674,1011,27,38257,12,25,104],"class_list":{"0":"post-502687","1":"post","2":"type-post","3":"status-publish","4":"format-standard","5":"has-post-thumbnail","7":"category-europe","8":"tag-actualites","9":"tag-btp-et-chantiers","10":"tag-ca-de-longwy-54e","11":"tag-commerce-et-services","12":"tag-consommation","13":"tag-economie","14":"tag-edition-longwy","15":"tag-eu","16":"tag-europe","17":"tag-fr","18":"tag-france","19":"tag-mont-saint-martin","20":"tag-news","21":"tag-republique-francaise","22":"tag-societe"},"share_on_mastodon":{"url":"https:\/\/pubeurope.com\/@fr\/115469986375142385","error":""},"_links":{"self":[{"href":"https:\/\/www.europesays.com\/fr\/wp-json\/wp\/v2\/posts\/502687","targetHints":{"allow":["GET"]}}],"collection":[{"href":"https:\/\/www.europesays.com\/fr\/wp-json\/wp\/v2\/posts"}],"about":[{"href":"https:\/\/www.europesays.com\/fr\/wp-json\/wp\/v2\/types\/post"}],"author":[{"embeddable":true,"href":"https:\/\/www.europesays.com\/fr\/wp-json\/wp\/v2\/users\/2"}],"replies":[{"embeddable":true,"href":"https:\/\/www.europesays.com\/fr\/wp-json\/wp\/v2\/comments?post=502687"}],"version-history":[{"count":0,"href":"https:\/\/www.europesays.com\/fr\/wp-json\/wp\/v2\/posts\/502687\/revisions"}],"wp:featuredmedia":[{"embeddable":true,"href":"https:\/\/www.europesays.com\/fr\/wp-json\/wp\/v2\/media\/502688"}],"wp:attachment":[{"href":"https:\/\/www.europesays.com\/fr\/wp-json\/wp\/v2\/media?parent=502687"}],"wp:term":[{"taxonomy":"category","embeddable":true,"href":"https:\/\/www.europesays.com\/fr\/wp-json\/wp\/v2\/categories?post=502687"},{"taxonomy":"post_tag","embeddable":true,"href":"https:\/\/www.europesays.com\/fr\/wp-json\/wp\/v2\/tags?post=502687"}],"curies":[{"name":"wp","href":"https:\/\/api.w.org\/{rel}","templated":true}]}}