{"id":502689,"date":"2025-10-31T17:35:25","date_gmt":"2025-10-31T17:35:25","guid":{"rendered":"https:\/\/www.europesays.com\/fr\/502689\/"},"modified":"2025-10-31T17:35:25","modified_gmt":"2025-10-31T17:35:25","slug":"a-lexception-de-ludc-les-partis-soutiennent-les-accords-suisse-ue-mais-demandent-des-ajustements","status":"publish","type":"post","link":"https:\/\/www.europesays.com\/fr\/502689\/","title":{"rendered":"A l&rsquo;exception de l&rsquo;UDC, les partis soutiennent les accords Suisse-UE, mais demandent des ajustements"},"content":{"rendered":"<p>Les partis, les partenaires sociaux et les associations \u00e9conomiques approuvent sur le principe les accords n\u00e9goci\u00e9s avec l&rsquo;UE. Des am\u00e9liorations sont toutefois exig\u00e9es dans la mise en \u0153uvre au niveau national. L&rsquo;UDC s&rsquo;oppose clairement aux accords bilat\u00e9raux.<\/p>\n<p>Le Parti socialiste, le PLR, le Centre, les Vert-e-s et les Vert&rsquo;lib\u00e9raux (PVL) soutiennent sur le fond la stabilisation et l&rsquo;\u00e9largissement des accords bilat\u00e9raux avec l&rsquo;Union europ\u00e9enne (UE), selon leurs prises de position en r\u00e9ponse \u00e0 la consultation, qui s&rsquo;est achev\u00e9e vendredi.<\/p>\n<p>Compte tenu des d\u00e9fis actuels, le PS aurait toutefois souhait\u00e9 un paquet encore plus complet. De nombreux probl\u00e8mes, comme le changement climatique, ne peuvent en effet \u00eatre r\u00e9solus au niveau national, explique-t-il. Quant aux compromis n\u00e9goci\u00e9s dans le domaine de la protection salariale, ils ne doivent pas \u00eatre assouplis.<\/p>\n<p><strong class=\"inline-title\">&gt;&gt; Relire\u00a0: <\/strong><a href=\"https:\/\/www.rts.ch\/info\/suisse\/2025\/article\/le-conseil-federal-approuve-les-accords-avec-l-ue-consultation-ouverte-28913480.html\" data-item-id=\"richtext_link\" rel=\"nofollow noopener\" target=\"_blank\">Le Conseil f\u00e9d\u00e9ral approuve les nouveaux accords visant \u00e0 stabiliser les relations avec Bruxelles<\/a><\/p>\n<p>Le Centre demande des am\u00e9liorations<\/p>\n<p>De son c\u00f4t\u00e9, le PLR juge essentiel d&rsquo;am\u00e9liorer nettement la participation du Parlement et des cantons \u00e0 l&rsquo;\u00e9laboration des d\u00e9cisions par rapport au projet initial. En ce qui concerne la reprise dynamique du droit europ\u00e9en, le Parlement et les cantons doivent pouvoir participer au processus l\u00e9gislatif et d&rsquo;int\u00e9gration de l&rsquo;UE d\u00e8s l&rsquo;\u00e9laboration des actes juridiques, estime-t-il.<\/p>\n<p>Le Centre demande pour sa part, lors de la mise en \u0153uvre des \u00ab\u00a0Bilat\u00e9rales III\u00a0\u00bb, des am\u00e9liorations cibl\u00e9es de politique int\u00e9rieure en mati\u00e8re d&rsquo;immigration et de contr\u00f4le d\u00e9mocratique. Les Vert-e-s r\u00e9clament des am\u00e9liorations concernant l&rsquo;accord sur l&rsquo;\u00e9lectricit\u00e9 et la clause de sauvegarde. Pour le PVL, les accords avec l&rsquo;UE garantissent l&rsquo;acc\u00e8s au march\u00e9, renforcent la participation de la Suisse et cr\u00e9ent des r\u00e8gles \u00e9quitables en cas de divergences.<\/p>\n<p>L&rsquo;UDC seule contre tous<\/p>\n<p>L&rsquo;UDC est le seul grand parti \u00e0 s&rsquo;opposer au paquet d&rsquo;accords n\u00e9goci\u00e9s. Le parti parle d&rsquo;un \u00ab\u00a0trait\u00e9 de soumission \u00e0 un Etat colonial\u00a0\u00bb et de la \u00ab\u00a0fin de la voie bilat\u00e9rale\u00a0\u00bb. Il critique en particulier les \u00e9l\u00e9ments institutionnels. Une position partag\u00e9e par l&rsquo;organisation Pro Suisse.<\/p>\n<p>Les cantons voient dans le paquet d&rsquo;accords une \u00ab\u00a0base fiable\u00a0\u00bb. La Conf\u00e9rence des gouvernements cantonaux soutient la proposition de mise en \u0153uvre du Conseil f\u00e9d\u00e9ral, mais attend que les cantons soient soutenus en cas de d\u00e9penses suppl\u00e9mentaires ou de diminution des recettes.<\/p>\n<p><strong class=\"inline-title\">&gt;&gt; Lire aussi\u00a0: <\/strong><a href=\"https:\/\/www.rts.ch\/info\/suisse\/2025\/article\/l-udc-s-oppose-fermement-aux-nouveaux-accords-suisse-ue-denoncant-une-soumission-29039317.html\" data-item-id=\"richtext_link\" rel=\"nofollow noopener\" target=\"_blank\">L&rsquo;UDC vent debout contre l&rsquo;Union europ\u00e9enne lors de son assembl\u00e9e des d\u00e9l\u00e9gu\u00e9s<\/a><\/p>\n<p>Soutien des partenaires sociaux<\/p>\n<p>Les fa\u00eeti\u00e8res syndicales Travail.Suisse et Union syndicale suisse (USS) soutiennent les accords n\u00e9goci\u00e9s, mais posent comme condition que le Parlement soutienne sans concession les mesures de protection des salaires indig\u00e8nes pr\u00e9vues.<\/p>\n<p>Du c\u00f4t\u00e9 des employeurs, l&rsquo;Union patronale suisse rejette l&rsquo;une des 14 mesures de protection des salaires en Suisse. Cette mesure, qui pr\u00e9voit une extension de la protection contre les licenciements, n&rsquo;est pas pertinente, critique l&rsquo;organisation, qui voit toutefois dans l&rsquo;ensemble les accords n\u00e9goci\u00e9s comme un \u00ab\u00a0compromis \u00e9quilibr\u00e9\u00a0\u00bb.<\/p>\n<\/p>\n<p class=\"sources\">ats\/hkr<\/p>\n","protected":false},"excerpt":{"rendered":"Les partis, les partenaires sociaux et les associations \u00e9conomiques approuvent sur le principe les accords n\u00e9goci\u00e9s avec l&rsquo;UE.&hellip;\n","protected":false},"author":2,"featured_media":502690,"comment_status":"","ping_status":"","sticky":false,"template":"","format":"standard","meta":{"footnotes":""},"categories":[1586],"tags":[46825,26914,11,33,6359,1777,674,1779,1011,27,1061,74,12,1050,62478,16950,316,4846,2543,25,104,3067,30924,1778,364],"class_list":{"0":"post-502689","1":"post","2":"type-post","3":"status-publish","4":"format-standard","5":"has-post-thumbnail","7":"category-europe","8":"tag-accord-pacte-convention","9":"tag-accord-bilateral","10":"tag-actualites","11":"tag-economie","12":"tag-economie-et-finances","13":"tag-eu","14":"tag-europe","15":"tag-european-union","16":"tag-fr","17":"tag-france","18":"tag-immigration","19":"tag-monde","20":"tag-news","21":"tag-parlement","22":"tag-partenaires-sociaux","23":"tag-parti-politique","24":"tag-politique","25":"tag-protection","26":"tag-relations-internationales","27":"tag-republique-francaise","28":"tag-societe","29":"tag-suisse","30":"tag-udc","31":"tag-ue","32":"tag-union-europeenne"},"share_on_mastodon":{"url":"https:\/\/pubeurope.com\/@fr\/115469990291986396","error":""},"_links":{"self":[{"href":"https:\/\/www.europesays.com\/fr\/wp-json\/wp\/v2\/posts\/502689","targetHints":{"allow":["GET"]}}],"collection":[{"href":"https:\/\/www.europesays.com\/fr\/wp-json\/wp\/v2\/posts"}],"about":[{"href":"https:\/\/www.europesays.com\/fr\/wp-json\/wp\/v2\/types\/post"}],"author":[{"embeddable":true,"href":"https:\/\/www.europesays.com\/fr\/wp-json\/wp\/v2\/users\/2"}],"replies":[{"embeddable":true,"href":"https:\/\/www.europesays.com\/fr\/wp-json\/wp\/v2\/comments?post=502689"}],"version-history":[{"count":0,"href":"https:\/\/www.europesays.com\/fr\/wp-json\/wp\/v2\/posts\/502689\/revisions"}],"wp:featuredmedia":[{"embeddable":true,"href":"https:\/\/www.europesays.com\/fr\/wp-json\/wp\/v2\/media\/502690"}],"wp:attachment":[{"href":"https:\/\/www.europesays.com\/fr\/wp-json\/wp\/v2\/media?parent=502689"}],"wp:term":[{"taxonomy":"category","embeddable":true,"href":"https:\/\/www.europesays.com\/fr\/wp-json\/wp\/v2\/categories?post=502689"},{"taxonomy":"post_tag","embeddable":true,"href":"https:\/\/www.europesays.com\/fr\/wp-json\/wp\/v2\/tags?post=502689"}],"curies":[{"name":"wp","href":"https:\/\/api.w.org\/{rel}","templated":true}]}}