{"id":502696,"date":"2025-10-31T17:40:13","date_gmt":"2025-10-31T17:40:13","guid":{"rendered":"https:\/\/www.europesays.com\/fr\/502696\/"},"modified":"2025-10-31T17:40:13","modified_gmt":"2025-10-31T17:40:13","slug":"le-president-de-lalterna-stade-poitevin-volley-ball-demissionne","status":"publish","type":"post","link":"https:\/\/www.europesays.com\/fr\/502696\/","title":{"rendered":"le pr\u00e9sident de l\u2019Alterna Stade Poitevin Volley-Ball d\u00e9missionne"},"content":{"rendered":"<p>Pr\u00e9sident de l\u2019Alterna Stade Poitevin depuis juin\u00a02022, Fran\u00e7ois Garreau a d\u00e9cid\u00e9 de d\u00e9missionner de ces fonctions ce vendredi 31\u00a0octobre 2025.<\/p>\n<p>\u00ab\u00a0Du fait de l\u2019augmentation des activit\u00e9s professionnelles de Fran\u00e7ois Garreau et de la\u00a0croissance continue du club depuis 3\u00a0ans et demi demandant un volume de travail et\u00a0de pr\u00e9sence grandissant, celui-ci a d\u00e9cid\u00e9 de pr\u00e9senter sa d\u00e9mission \u00e0 compter de ce\u00a0vendredi 31\u00a0octobre 2025\u00a0\u00bb, explique le club dans un communiqu\u00e9 en rendant hommage \u00e0 son pr\u00e9sident, <a target=\"_self\" href=\"https:\/\/www.lanouvellerepublique.fr\/poitiers\/francois-garreau-rempile-a-la-tete-de-l-alterna-stade-poitevin\" rel=\"noopener\">r\u00e9\u00e9lu en novembre\u00a02024 \u00e0 la t\u00eate du club pour un mandat de quatre ans<\/a>. Celui-ci a permis, avec son \u00e9quipe, au Stade Poitevin, devenu ensuite Alterna Stade Poitevin, de prendre un essor cons\u00e9quent, faisant progresser sensiblement son budget, recrutant C\u00e9dric Enard comme manager et ouvrant le centre de formation cette ann\u00e9e.<\/p>\n<p>Int\u00e9rim assur\u00e9 par le Stade Poitevin omnisports<\/p>\n<p>\u00ab\u00a0Apr\u00e8s avoir repris le club en juin\u00a02022 accompagn\u00e9 d\u2019une \u00e9quipe de b\u00e9n\u00e9voles d\u2019une\u00a0douzaine de personnes, le club s\u2019est structur\u00e9 sous sa houlette et celle de son \u00e9quipe, rappelle le communiqu\u00e9. Aujourd\u2019hui le club est devenu une v\u00e9ritable PME avec 25 salari\u00e9s et un budget qui va\u00a0atteindre les 2,5\u00a0millions d\u2019euros. Travaillant main dans la main avec ses deux vice-pr\u00e9sidents\u00a0et son manager g\u00e9n\u00e9ral C\u00e9dric Enard, la continuit\u00e9 se fera naturellement\u00a0pour le bien du club.\u00a0\u00bb<\/p>\n<p>D\u00e9sormais, le Stade Poitevin omnisports va prendre provisoirement la t\u00eate \u00e0 la t\u00eate du club avant qu\u2019une solution plus p\u00e9renne ne soit trouv\u00e9e. \u00ab\u00a0Conform\u00e9ment aux statuts du club, l\u2019int\u00e9rim imm\u00e9diat \u00e0 la pr\u00e9sidence sera assur\u00e9 par\u00a0Ronan Nedelec, pr\u00e9sident du Stade Poitevin Omnisports, aid\u00e9 dans sa t\u00e2che par les deux\u00a0vice-pr\u00e9sidents Francis Dumasdelage et Fran\u00e7ois Biais Sauv\u00e8tre\u00a0\u00bb, conclut le communiqu\u00e9.<\/p>\n","protected":false},"excerpt":{"rendered":"Pr\u00e9sident de l\u2019Alterna Stade Poitevin depuis juin\u00a02022, Fran\u00e7ois Garreau a d\u00e9cid\u00e9 de d\u00e9missionner de ces fonctions ce vendredi&hellip;\n","protected":false},"author":2,"featured_media":502697,"comment_status":"","ping_status":"","sticky":false,"template":"","format":"standard","meta":{"footnotes":""},"categories":[1417],"tags":[1392,1654,1011,27,1653,60,1584,1470,1469],"class_list":{"0":"post-502696","1":"post","2":"type-post","3":"status-publish","4":"format-standard","5":"has-post-thumbnail","7":"category-volley","8":"tag-a-la-une-local","9":"tag-alterna-stade-poitevin-volley-ball","10":"tag-fr","11":"tag-france","12":"tag-poitiers","13":"tag-sports","14":"tag-vienne","15":"tag-volley","16":"tag-volleyball"},"share_on_mastodon":{"url":"","error":""},"_links":{"self":[{"href":"https:\/\/www.europesays.com\/fr\/wp-json\/wp\/v2\/posts\/502696","targetHints":{"allow":["GET"]}}],"collection":[{"href":"https:\/\/www.europesays.com\/fr\/wp-json\/wp\/v2\/posts"}],"about":[{"href":"https:\/\/www.europesays.com\/fr\/wp-json\/wp\/v2\/types\/post"}],"author":[{"embeddable":true,"href":"https:\/\/www.europesays.com\/fr\/wp-json\/wp\/v2\/users\/2"}],"replies":[{"embeddable":true,"href":"https:\/\/www.europesays.com\/fr\/wp-json\/wp\/v2\/comments?post=502696"}],"version-history":[{"count":0,"href":"https:\/\/www.europesays.com\/fr\/wp-json\/wp\/v2\/posts\/502696\/revisions"}],"wp:featuredmedia":[{"embeddable":true,"href":"https:\/\/www.europesays.com\/fr\/wp-json\/wp\/v2\/media\/502697"}],"wp:attachment":[{"href":"https:\/\/www.europesays.com\/fr\/wp-json\/wp\/v2\/media?parent=502696"}],"wp:term":[{"taxonomy":"category","embeddable":true,"href":"https:\/\/www.europesays.com\/fr\/wp-json\/wp\/v2\/categories?post=502696"},{"taxonomy":"post_tag","embeddable":true,"href":"https:\/\/www.europesays.com\/fr\/wp-json\/wp\/v2\/tags?post=502696"}],"curies":[{"name":"wp","href":"https:\/\/api.w.org\/{rel}","templated":true}]}}