{"id":502700,"date":"2025-10-31T17:42:14","date_gmt":"2025-10-31T17:42:14","guid":{"rendered":"https:\/\/www.europesays.com\/fr\/502700\/"},"modified":"2025-10-31T17:42:14","modified_gmt":"2025-10-31T17:42:14","slug":"atp-mis-sous-pression-par-auger-aliassime-musetti-prend-une-decision-en-catastrophe","status":"publish","type":"post","link":"https:\/\/www.europesays.com\/fr\/502700\/","title":{"rendered":"ATP > Mis sous pression par Auger-Aliassime, Musetti prend une d\u00e9cision en catastrophe"},"content":{"rendered":"<p>Alors qu\u2019il ne poss\u00e8de plus que 90 points d\u2019avance sur F\u00e9lix Auger\u2010Aliassime au clas\u00adse\u00adment de la Race o\u00f9 il occupe la huiti\u00e8me et derni\u00e8re place quali\u00adfi\u00adca\u00adtive pour le Masters de Turin, Lorenzo Musetti est oblig\u00e9 d\u2019agir.<\/p>\n<p>Plus que jamais menac\u00e9 par le Canadien, qui lui passera devant en cas de quali\u00adfi\u00adca\u00adtion de en finale du Rolex Paris Masters, l\u2019Italien a obtenu une invi\u00adta\u00adtion de la part des orga\u00adni\u00adsa\u00adteurs de l\u2019ATP 250 d\u2019Ath\u00e8nes (du 2 au 8 novembre), o\u00f9 sera \u00e9gale\u00adment pr\u00e9sent un certain Novak Djokovic.<\/p>\n<blockquote class=\"twitter-tweet\">\n<p lang=\"it\" dir=\"ltr\">ULTIM\u2019ORA TENNIS<\/p>\n<p>Lorenzo Musetti giocher\u00e0 l\u2019ATP 250 di Atene<br \/>L\u2019azzurro ha chiesto una wild card per il torneo<a href=\"https:\/\/twitter.com\/hashtag\/SkySport?src=hash&amp;ref_src=twsrc%5Etfw\" data-wpel-link=\"external\" target=\"_blank\" rel=\"nofollow external noopener\">#SkySport<\/a> <a href=\"https:\/\/twitter.com\/hashtag\/SkyTennis?src=hash&amp;ref_src=twsrc%5Etfw\" data-wpel-link=\"external\" target=\"_blank\" rel=\"nofollow external noopener\">#SkyTennis<\/a><\/p>\n<p>\u2014 skysport (@SkySport) <a href=\"https:\/\/twitter.com\/SkySport\/status\/1984284633450901698?ref_src=twsrc%5Etfw\" data-wpel-link=\"external\" target=\"_blank\" rel=\"nofollow external noopener\">October 31,\u00a02025<\/a><\/p><\/blockquote>\n<p>Une d\u00e9ci\u00adsion pr\u00e9ci\u00adpit\u00e9e et qui n\u2019est m\u00eame s\u00fbr de porter ses fruits puisque F\u00e9lix Auger\u2010Aliassime sera quoi qu\u2019il arrive qualifi\u00e9 pour le tournoi des ma\u00eetres en cas de victoire finale \u00e0 Paris la D\u00e9fense Arena.\u00a0<\/p>\n<p class=\"post-published-date\" style=\"color: silver; font-size: 75%; text-align: left;\">Publi\u00e9 le vendredi 31 octobre 2025 \u00e0 17:01<\/p>\n<p><script async src=\"https:\/\/platform.twitter.com\/widgets.js\" charset=\"utf-8\"><\/script><\/p>\n","protected":false},"excerpt":{"rendered":"Alors qu\u2019il ne poss\u00e8de plus que 90 points d\u2019avance sur F\u00e9lix Auger\u2010Aliassime au clas\u00adse\u00adment de la Race o\u00f9&hellip;\n","protected":false},"author":2,"featured_media":502701,"comment_status":"","ping_status":"","sticky":false,"template":"","format":"standard","meta":{"footnotes":""},"categories":[1415],"tags":[14496,105,1011,27,60,1467],"class_list":{"0":"post-502700","1":"post","2":"type-post","3":"status-publish","4":"format-standard","5":"has-post-thumbnail","7":"category-tennis","8":"tag-auger-aliassime","9":"tag-djokovic","10":"tag-fr","11":"tag-france","12":"tag-sports","13":"tag-tennis"},"share_on_mastodon":{"url":"https:\/\/pubeurope.com\/@fr\/115470017654251969","error":""},"_links":{"self":[{"href":"https:\/\/www.europesays.com\/fr\/wp-json\/wp\/v2\/posts\/502700","targetHints":{"allow":["GET"]}}],"collection":[{"href":"https:\/\/www.europesays.com\/fr\/wp-json\/wp\/v2\/posts"}],"about":[{"href":"https:\/\/www.europesays.com\/fr\/wp-json\/wp\/v2\/types\/post"}],"author":[{"embeddable":true,"href":"https:\/\/www.europesays.com\/fr\/wp-json\/wp\/v2\/users\/2"}],"replies":[{"embeddable":true,"href":"https:\/\/www.europesays.com\/fr\/wp-json\/wp\/v2\/comments?post=502700"}],"version-history":[{"count":0,"href":"https:\/\/www.europesays.com\/fr\/wp-json\/wp\/v2\/posts\/502700\/revisions"}],"wp:featuredmedia":[{"embeddable":true,"href":"https:\/\/www.europesays.com\/fr\/wp-json\/wp\/v2\/media\/502701"}],"wp:attachment":[{"href":"https:\/\/www.europesays.com\/fr\/wp-json\/wp\/v2\/media?parent=502700"}],"wp:term":[{"taxonomy":"category","embeddable":true,"href":"https:\/\/www.europesays.com\/fr\/wp-json\/wp\/v2\/categories?post=502700"},{"taxonomy":"post_tag","embeddable":true,"href":"https:\/\/www.europesays.com\/fr\/wp-json\/wp\/v2\/tags?post=502700"}],"curies":[{"name":"wp","href":"https:\/\/api.w.org\/{rel}","templated":true}]}}