{"id":502709,"date":"2025-10-31T17:51:19","date_gmt":"2025-10-31T17:51:19","guid":{"rendered":"https:\/\/www.europesays.com\/fr\/502709\/"},"modified":"2025-10-31T17:51:19","modified_gmt":"2025-10-31T17:51:19","slug":"cyril-hanouna-est-tombe-de-sa-chaise-quand-isabelle-morini-bosc-lui-a-revele-son-age","status":"publish","type":"post","link":"https:\/\/www.europesays.com\/fr\/502709\/","title":{"rendered":"Cyril Hanouna est tomb\u00e9 de sa chaise quand Isabelle Morini-Bosc lui a r\u00e9v\u00e9l\u00e9 son \u00e2ge"},"content":{"rendered":"<p>Elle fait partie du paysage audiovisuel depuis plusieurs<br \/>\nd\u00e9cennies et pourtant, Isabelle Morini-Bosc n\u2019a rien perdu de sa<br \/>\nsuperbe. Ce vendredi 31 octobre 2025 marque une page symbolique<br \/>\ndans la carri\u00e8re de la journaliste : \u00e0 5h45, elle livrera sa toute<br \/>\nderni\u00e8re chronique dans RTL Petit Matin, mettant ainsi fin \u00e0 trente<br \/>\nann\u00e9es de collaboration avec la station. \u201cJe ne pars pas de mon<br \/>\nplein gr\u00e9\u201d, a-t-elle confi\u00e9 au <a href=\"https:\/\/www.leparisien.fr\/culture-loisirs\/tv\/je-fais-un-deni-de-depart-comme-dautres-font-un-deni-de-grossesse-isabelle-morini-bosc-quitte-rtl-30-10-2025-4CDA4XOURFC3FOXJPQUQ7S6T6E.php\" target=\"_blank\" rel=\"nofollow noopener\">Parisien<\/a>,<br \/>\npr\u00e9cisant que son contrat \u00e0 dur\u00e9e ind\u00e9termin\u00e9e, sign\u00e9 en 1995,<br \/>\ns\u2019ach\u00e8ve ce soir-l\u00e0.<\/p>\n<p><a href=\"https:\/\/www.closermag.fr\/people\/isabelle-morini-bosc-apres-30-ans-dantenne-lacolyte-de-cyril-hanouna-tire-sa-reverence-3590615\" target=\"_blank\" rel=\"noopener\"><br \/>\nSi elle quitte RTL,<\/a> c\u2019est uniquement parce qu\u2019elle <strong>a<br \/>\natteint l\u2019\u00e2ge l\u00e9gal de d\u00e9part \u00e0 la retraite,<\/strong> ce qui a<br \/>\npermis \u00e0 sa direction de lui imposer ce d\u00e9part. Une id\u00e9e que<br \/>\nl\u2019int\u00e9ress\u00e9e n\u2019a visiblement pas dig\u00e9r\u00e9e. \u201cJe fais un d\u00e9ni de<br \/>\nd\u00e9part, comme d\u2019autres font un d\u00e9ni de grossesse\u201d, a-t-elle<br \/>\nl\u00e2ch\u00e9 avec humour.<\/p>\n<p>Isabelle Morini-Bosc \u00e9voque son \u00e2ge, Cyril Hanouna ne la croit<br \/>\npas<\/p>\n<p>Et d\u2019ajouter dans un \u00e9clat de rire : \u201cJe n\u2019ai m\u00eame pas fait<br \/>\nmes cartons, je reviendrai ce week-end pour d\u00e9m\u00e9nager !\u201d.<br \/>\nLongtemps consid\u00e9r\u00e9e comme la doyenne de RTL, <strong>Isabelle<br \/>\nMorini-Bosc a toujours refus\u00e9 de r\u00e9v\u00e9ler son \u00e2ge exact.<\/strong> Le<br \/>\nchiffre inscrit sur sa page Wikip\u00e9dia serait, selon elle,<br \/>\n\u201ccompl\u00e8tement faux\u201d. Mais surtout, elle gardera sa place<br \/>\n<a href=\"https:\/\/www.closermag.fr\/people\/cyril-hanouna-blessant-envers-isabelle-morini-bosc-ses-propos-macabres-ne-font-rire-que-ses-chroniqueurs-3590299\" target=\"_blank\" rel=\"noopener\"><br \/>\ndans la bande de Cyril Hanouna<\/a>, sur W9, dans Tout beau, tout<br \/>\nneuf.<\/p>\n<p>L\u2019animateur phare de C8 a d\u2019ailleurs eu une surprise de taille<br \/>\nlorsque la journaliste lui a r\u00e9v\u00e9l\u00e9 son \u00e2ge r\u00e9el. \u201cCyril a beau<br \/>\nm\u2019appeler la vieille et me parler comme si j\u2019\u00e9tais<br \/>\n<strong>l\u2019australopith\u00e8que Lucy<\/strong>, il est tomb\u00e9 de sa chaise<br \/>\nquand je lui ai dit mon \u00e2ge\u201d, s\u2019amuse-t-elle. Et de conclure,<br \/>\nfid\u00e8le \u00e0 son humour : \u201cMon m\u00e9decin m\u2019a dit que mon corps avait<br \/>\nvingt ans de moins que ma carte d\u2019identit\u00e9. Dommage que le service<br \/>\nRH ne s\u2019en soit pas content\u00e9 !\u201d.\u00a0<\/p>\n<p>Cette remarque tranchante d&rsquo;un patron<br \/>\nde la presse<\/p>\n<p>Une coquetterie qu\u2019elle assume volontiers, tout comme son<br \/>\nrapport d\u00e9tendu au num\u00e9rique : elle vient \u00e0 peine d\u2019acheter son<br \/>\npremier ordinateur portable. \u201cIsabelle, c\u2019est un personnage,<br \/>\n<strong>un vestige du monde d\u2019avant<\/strong>\u201d, a r\u00e9sum\u00e9 un<br \/>\ncoll\u00e8gue, amus\u00e9 par cette journaliste au franc-parler l\u00e9gendaire,<br \/>\nproche de Nicolas de Tavernost, l\u2019ancien patron de M6.<\/p>\n<p>Dans son entretien au Parisien, la chroniqueuse se<br \/>\nrem\u00e9more aussi son arriv\u00e9e \u00e0 RTL en 1995, d\u00e9bauch\u00e9e du magazine<br \/>\nVSD. \u201cOlivier Mazerolle m\u2019avait dit : \u2018Votre voix est<br \/>\nmoche mais identifiable, c\u2019est tout ce qu\u2019on veut !\u2019<br \/>\n<strong>J\u2019\u00e9tais vex\u00e9e, mais il avait raison\u201d<\/strong>,<br \/>\nreconna\u00eet-elle aujourd\u2019hui, non sans fiert\u00e9. Pour autant, <a href=\"https:\/\/www.closermag.fr\/people\/isabelle-morini-bosc-en-deuil-apres-son-mari-elle-perd-une-autre-personne-tres-chere-a-son-coeur-3567001\" target=\"_blank\" rel=\"noopener\"><br \/>\nIsabelle Morini-Bosc, qui a perdu son mari,<\/a> n\u2019a pas l\u2019intention<br \/>\nde raccrocher le micro. Elle fera partie du casting de la prochaine<br \/>\nsaison des Tra\u00eetres sur M6 et continuera d\u2019appara\u00eetre<br \/>\nponctuellement \u00e0 l\u2019antenne de RTL pour des piges t\u00e9l\u00e9.<\/p>\n","protected":false},"excerpt":{"rendered":"Elle fait partie du paysage audiovisuel depuis plusieurs d\u00e9cennies et pourtant, Isabelle Morini-Bosc n\u2019a rien perdu de sa&hellip;\n","protected":false},"author":2,"featured_media":502710,"comment_status":"","ping_status":"","sticky":false,"template":"","format":"standard","meta":{"footnotes":""},"categories":[1356],"tags":[1083,58,59,1011,27,16182,252,1364],"class_list":{"0":"post-502709","1":"post","2":"type-post","3":"status-publish","4":"format-standard","5":"has-post-thumbnail","7":"category-television","8":"tag-cyril-hanouna","9":"tag-divertissement","10":"tag-entertainment","11":"tag-fr","12":"tag-france","13":"tag-isabelle-morini-bosc","14":"tag-television","15":"tag-tv"},"share_on_mastodon":{"url":"https:\/\/pubeurope.com\/@fr\/115470053161729334","error":""},"_links":{"self":[{"href":"https:\/\/www.europesays.com\/fr\/wp-json\/wp\/v2\/posts\/502709","targetHints":{"allow":["GET"]}}],"collection":[{"href":"https:\/\/www.europesays.com\/fr\/wp-json\/wp\/v2\/posts"}],"about":[{"href":"https:\/\/www.europesays.com\/fr\/wp-json\/wp\/v2\/types\/post"}],"author":[{"embeddable":true,"href":"https:\/\/www.europesays.com\/fr\/wp-json\/wp\/v2\/users\/2"}],"replies":[{"embeddable":true,"href":"https:\/\/www.europesays.com\/fr\/wp-json\/wp\/v2\/comments?post=502709"}],"version-history":[{"count":0,"href":"https:\/\/www.europesays.com\/fr\/wp-json\/wp\/v2\/posts\/502709\/revisions"}],"wp:featuredmedia":[{"embeddable":true,"href":"https:\/\/www.europesays.com\/fr\/wp-json\/wp\/v2\/media\/502710"}],"wp:attachment":[{"href":"https:\/\/www.europesays.com\/fr\/wp-json\/wp\/v2\/media?parent=502709"}],"wp:term":[{"taxonomy":"category","embeddable":true,"href":"https:\/\/www.europesays.com\/fr\/wp-json\/wp\/v2\/categories?post=502709"},{"taxonomy":"post_tag","embeddable":true,"href":"https:\/\/www.europesays.com\/fr\/wp-json\/wp\/v2\/tags?post=502709"}],"curies":[{"name":"wp","href":"https:\/\/api.w.org\/{rel}","templated":true}]}}