{"id":502721,"date":"2025-10-31T17:57:10","date_gmt":"2025-10-31T17:57:10","guid":{"rendered":"https:\/\/www.europesays.com\/fr\/502721\/"},"modified":"2025-10-31T17:57:10","modified_gmt":"2025-10-31T17:57:10","slug":"ces-2-facultes-revelent-une-intelligence-nettement-superieure-a-la-moyenne-selon-les-psys","status":"publish","type":"post","link":"https:\/\/www.europesays.com\/fr\/502721\/","title":{"rendered":"Ces 2 facult\u00e9s r\u00e9v\u00e8lent une intelligence nettement sup\u00e9rieure \u00e0 la moyenne selon les psys"},"content":{"rendered":"<p>Les personnes intelligentes ne<br \/>\nfuient pas les critiques\u2026 elles les recherchent<\/p>\n<p data-start=\"728\" data-end=\"982\">Dans l\u2019imaginaire collectif, les<br \/>\nplus <a href=\"https:\/\/www.modesettravaux.fr\/trucs-et-astuces\/fallait-le-savoir\/les-personnes-qui-ont-cette-habitude-en-discutant-sont-plus-intelligentes-que-la-moyenne-selon-une-etude-150151.html\" rel=\"nofollow noopener\" target=\"_blank\"><br \/>\nintelligents<\/a> sont ceux qui ont toujours la bonne r\u00e9ponse. Mais<br \/>\nselon les psychologues, ce n\u2019est pas la connaissance brute qui fait<br \/>\nla diff\u00e9rence, c\u2019est la <strong data-start=\"921\" data-end=\"981\">capacit\u00e9 \u00e0 accueillir la critique avec lucidit\u00e9 et<br \/>\nrecul<\/strong>.<\/p>\n<p data-start=\"984\" data-end=\"1303\">Plut\u00f4t que de voir les retours<br \/>\ncomme des attaques personnelles, les personnes \u00e0 <a href=\"https:\/\/www.modesettravaux.fr\/trucs-et-astuces\/fallait-le-savoir\/intelligence-voici-le-signe-astrologique-le-plus-recurrent-parmi-les-prix-nobel-41224.html\" rel=\"nofollow noopener\" target=\"_blank\"><br \/>\nhaut potentiel intellectuel<\/a> savent en faire un<br \/>\n<strong data-start=\"1111\" data-end=\"1136\">levier de<br \/>\nprogression<\/strong>. Elles sont moins r\u00e9actives \u00e9motionnellement,<br \/>\nprennent le temps d\u2019\u00e9couter, de comprendre, et surtout, de poser<br \/>\ndes questions pour obtenir des remarques plus pr\u00e9cises.<\/p>\n<p data-start=\"1305\" data-end=\"1522\">Une \u00e9tude publi\u00e9e par<br \/>\nl\u2019Universit\u00e9 de Harvard en 2021 a d\u00e9montr\u00e9 que <strong>les<br \/>\nindividus capables de demander du feedback r\u00e9gulier<\/strong><br \/>\nam\u00e9lioraient leurs performances de 20 % en moyenne par rapport \u00e0<br \/>\nceux qui s\u2019en passaient.<\/p>\n<p>Analyse, recul, adaptation :<br \/>\nl\u2019intelligence comportementale en action<\/p>\n<p data-start=\"1607\" data-end=\"1931\">Accepter la critique n\u2019est<br \/>\nqu\u2019un d\u00e9but. Ce qui distingue vraiment <a href=\"https:\/\/www.modesettravaux.fr\/trucs-et-astuces\/fallait-le-savoir\/si-votre-mere-avait-cet-age-a-votre-naissance-vous-etes-plus-intelligent-que-la-moyenne-selon-une-etude-148205.html\" rel=\"nofollow noopener\" target=\"_blank\"><br \/>\nles esprits les plus brillants<\/a>, c\u2019est <strong data-start=\"1711\" data-end=\"1732\">ce qu\u2019ils en font<\/strong>. Plut\u00f4t que de se<br \/>\nd\u00e9fendre ou de minimiser les remarques, ces personnes prennent le<br \/>\ntemps de les dig\u00e9rer, de <strong data-start=\"1842\" data-end=\"1866\">les analyser \u00e0 froid<\/strong>, et surtout, de les<br \/>\ntransformer en axes d\u2019am\u00e9lioration concrets.<\/p>\n<p data-start=\"1933\" data-end=\"2136\">Cela traduit une grande<br \/>\n<strong data-start=\"1957\" data-end=\"1982\">maturit\u00e9<br \/>\n\u00e9motionnelle<\/strong>, une agilit\u00e9 mentale et une vraie r\u00e9silience.<br \/>\nDes qualit\u00e9s aujourd\u2019hui tr\u00e8s recherch\u00e9es en entreprise, notamment<br \/>\ndans des secteurs en constante mutation.<\/p>\n<p data-start=\"2138\" data-end=\"2327\">Selon une enqu\u00eate men\u00e9e par<br \/>\nDeloitte en 2023, <strong data-start=\"2184\" data-end=\"2326\">82 %<br \/>\ndes employeurs consid\u00e8rent la capacit\u00e9 d\u2019auto-\u00e9valuation et<br \/>\nd\u2019adaptabilit\u00e9 comme un crit\u00e8re prioritaire dans le recrutement de<br \/>\ncadres<\/strong>.<\/p>\n<p><img loading=\"lazy\" decoding=\"async\" aria-describedby=\"caption-attachment-150157\" itemprop=\"thumbnailUrl\" class=\"wp-image-150157 img-responsive\" src=\"https:\/\/www.europesays.com\/fr\/wp-content\/uploads\/2025\/10\/shutterstock_2299697419-1-1024x684.jpg\" alt=\"\" width=\"698\" height=\"466\"\/> \u00a9<br \/>\nShutterstock<\/p>\n<p id=\"caption-attachment-150157\" class=\"wp-caption-text\">Savoir<br \/>\naccueillir les critiques avec recul et sans r\u00e9activit\u00e9 excessive<br \/>\nest l\u2019un des signes les plus marquants d\u2019intelligence en milieu<br \/>\nprofessionnel.<\/p>\n<p>Deux r\u00e9flexes qui trahissent<br \/>\nune intelligence sup\u00e9rieure<\/p>\n<p>Ce n\u2019est pas leur QI qui les trahit, mais leurs r\u00e9flexes<br \/>\nquotidiens. Les <a href=\"https:\/\/www.modesettravaux.fr\/trucs-et-astuces\/fallait-le-savoir\/si-vous-pratiquez-ce-genre-dhumour-vous-etes-plus-intelligent-que-la-moyenne-selon-une-etude-147827.html\" rel=\"nofollow noopener\" target=\"_blank\"><br \/>\npersonnes vraiment intelligentes<\/a> adoptent, souvent sans s\u2019en<br \/>\nrendre compte, des habitudes pr\u00e9cises qui transforment chaque<br \/>\nremarque en opportunit\u00e9 de croissance.<\/p>\n<ul data-start=\"2399\" data-end=\"2781\">\n<li data-start=\"2399\" data-end=\"2479\">\n<p data-start=\"2401\" data-end=\"2479\">Elles posent toujours la<br \/>\nquestion <strong>: \u00ab\u00a0Qu\u2019est-ce que je peux faire de mieux<br \/>\n?\u00a0\u00bb<\/strong><\/p>\n<\/li>\n<li data-start=\"2480\" data-end=\"2537\">\n<p data-start=\"2482\" data-end=\"2537\">Elles transforment la critique<br \/>\nen plan d\u2019action clair<\/p>\n<\/li>\n<li data-start=\"2538\" data-end=\"2607\">\n<p data-start=\"2540\" data-end=\"2607\">Elles remercient<br \/>\nsyst\u00e9matiquement pour les retours, m\u00eame n\u00e9gatifs<\/p>\n<\/li>\n<li data-start=\"2608\" data-end=\"2678\">\n<p data-start=\"2610\" data-end=\"2678\">Elles tiennent un journal de<br \/>\nfeedback pour suivre leur progression<\/p>\n<\/li>\n<li data-start=\"2679\" data-end=\"2781\">\n<p data-start=\"2681\" data-end=\"2781\">Elles observent comment les<br \/>\nautres r\u00e9agissent \u00e0 la critique pour mieux ajuster leur propre<br \/>\nposture<\/p>\n<\/li>\n<\/ul>\n<p>Devenir plus intelligent\u00b7e, ce n\u2019est pas une affaire de QI<\/p>\n<p data-start=\"2855\" data-end=\"3147\">Ce que nous rappellent les<br \/>\npsys, c\u2019est que <strong data-start=\"2898\" data-end=\"2965\">l\u2019intelligence \u00e9motionnelle et sociale joue un r\u00f4le<br \/>\nd\u00e9terminant<\/strong> dans la r\u00e9ussite professionnelle. Et surtout,<br \/>\nque cela se travaille. Il ne s\u2019agit pas d\u2019\u00eatre parfait, mais d\u2019\u00eatre<br \/>\ncapable de faire preuve d\u2019humilit\u00e9 et de curiosit\u00e9 face \u00e0<br \/>\nsoi-m\u00eame.<\/p>\n<p data-start=\"3149\" data-end=\"3412\">Cultiver <a href=\"https:\/\/www.modesettravaux.fr\/trucs-et-astuces\/fallait-le-savoir\/les-gens-vraiment-intelligents-ont-ce-defaut-en-commun-selon-la-science-143681.html\" rel=\"nofollow noopener\" target=\"_blank\"><br \/>\nces deux qualit\u00e9s<\/a> \u2014 \u00e9coute active et esprit d\u2019analyse \u2014 peut<br \/>\nprofond\u00e9ment transformer votre rapport au travail. Et cela ne passe<br \/>\nni par un dipl\u00f4me, ni par un score de test : <strong data-start=\"3332\" data-end=\"3411\">juste par un peu de volont\u00e9, de r\u00e9gularit\u00e9\u2026<br \/>\net beaucoup d\u2019audace int\u00e9rieure<\/strong>.<\/p>\n","protected":false},"excerpt":{"rendered":"Les personnes intelligentes ne fuient pas les critiques\u2026 elles les recherchent Dans l\u2019imaginaire collectif, les plus intelligents sont&hellip;\n","protected":false},"author":2,"featured_media":502722,"comment_status":"","ping_status":"","sticky":false,"template":"","format":"standard","meta":{"footnotes":""},"categories":[7],"tags":[1011,27,43274,43,40,41,39,42,44],"class_list":{"0":"post-502721","1":"post","2":"type-post","3":"status-publish","4":"format-standard","5":"has-post-thumbnail","7":"category-sciences-et-technologies","8":"tag-fr","9":"tag-france","10":"tag-ga1","11":"tag-science","12":"tag-science-and-technology","13":"tag-sciences","14":"tag-sciences-et-technologies","15":"tag-technologies","16":"tag-technology"},"share_on_mastodon":{"url":"https:\/\/pubeurope.com\/@fr\/115470076920143480","error":""},"_links":{"self":[{"href":"https:\/\/www.europesays.com\/fr\/wp-json\/wp\/v2\/posts\/502721","targetHints":{"allow":["GET"]}}],"collection":[{"href":"https:\/\/www.europesays.com\/fr\/wp-json\/wp\/v2\/posts"}],"about":[{"href":"https:\/\/www.europesays.com\/fr\/wp-json\/wp\/v2\/types\/post"}],"author":[{"embeddable":true,"href":"https:\/\/www.europesays.com\/fr\/wp-json\/wp\/v2\/users\/2"}],"replies":[{"embeddable":true,"href":"https:\/\/www.europesays.com\/fr\/wp-json\/wp\/v2\/comments?post=502721"}],"version-history":[{"count":0,"href":"https:\/\/www.europesays.com\/fr\/wp-json\/wp\/v2\/posts\/502721\/revisions"}],"wp:featuredmedia":[{"embeddable":true,"href":"https:\/\/www.europesays.com\/fr\/wp-json\/wp\/v2\/media\/502722"}],"wp:attachment":[{"href":"https:\/\/www.europesays.com\/fr\/wp-json\/wp\/v2\/media?parent=502721"}],"wp:term":[{"taxonomy":"category","embeddable":true,"href":"https:\/\/www.europesays.com\/fr\/wp-json\/wp\/v2\/categories?post=502721"},{"taxonomy":"post_tag","embeddable":true,"href":"https:\/\/www.europesays.com\/fr\/wp-json\/wp\/v2\/tags?post=502721"}],"curies":[{"name":"wp","href":"https:\/\/api.w.org\/{rel}","templated":true}]}}