{"id":502727,"date":"2025-10-31T18:00:11","date_gmt":"2025-10-31T18:00:11","guid":{"rendered":"https:\/\/www.europesays.com\/fr\/502727\/"},"modified":"2025-10-31T18:00:11","modified_gmt":"2025-10-31T18:00:11","slug":"en-direct-budget-2026-il-ny-a-pas-dimpot-miracle-assure-sebastien-lecornu-liberation","status":"publish","type":"post","link":"https:\/\/www.europesays.com\/fr\/502727\/","title":{"rendered":"EN DIRECT &#8211; Budget 2026\u00a0: \u00ab Il n\u2019y a pas d\u2019imp\u00f4t miracle\u00bb, assure S\u00e9bastien Lecornu \u2013 Lib\u00e9ration"},"content":{"rendered":"<p class=\"sc-cPiKLX AiZTS text-element\">Pendant que, dans l\u2019h\u00e9micycle, les d\u00e9put\u00e9s et le gouvernement abordent la br\u00fblante question de la taxation des hauts patrimoines, en commission des affaires sociales, la suspension de la r\u00e9forme des retraites sera au menu ce vendredi. Les d\u00e9put\u00e9s Insoumis comptent voter contre cet article\u00a045 bis du projet de budget de la S\u00e9cu, introduit par une lettre rectificative de S\u00e9bastien Lecornu. \u00abCet article est une pure arnaque\u00a0: une fausse suspension de la r\u00e9forme des retraites mais une vraie confirmation de la retraite \u00e0 64 ans\u00bb, d\u00e9nonce le groupe LFI dans un communiqu\u00e9. Les socialistes l\u00e2ch\u00e9s par le reste de la gauche sur cette concession qu\u2019ils ont arrach\u00e9e au Premier ministre\u00a0? Les d\u00e9put\u00e9s du groupe \u00e9colo, eux, ont d\u00e9cid\u00e9 de s\u2019abstenir. \u00abQue le gouvernement s\u2019assure du reste des siens\u00bb, renvoie Danielle Simonnet. Que feront les d\u00e9put\u00e9s Renaissance et Modem\u00a0: soutenir mordicus la loi Borne ou sacrifier cette r\u00e9forme qui leur a d\u00e9j\u00e0 tant co\u00fbt\u00e9 en capital politique, au nom du deal avec les socialistes, n\u00e9cessaire pour \u00e9viter la censure du gouvernement Lecornu\u00a0? \u00abIl y a un vrai doute\u00bb sur l\u2019issue du vote, jauge un d\u00e9put\u00e9 du groupe PS, alors que la socialiste Sandrine Runel calculait en d\u00e9but d\u2019apr\u00e8s mid i\u00a0: \u00abDR et horizons vont voter contre comme LFI, les \u00e9cologistes s\u2019abstiennent, le suspens p\u00e8se sur le RN\u00bb. Dans les couloirs du Palais Bourbon, Thomas M\u00e9nag\u00e9 assure que les d\u00e9put\u00e9s RN, eux, voteront pour la suspension.<\/p>\n","protected":false},"excerpt":{"rendered":"Pendant que, dans l\u2019h\u00e9micycle, les d\u00e9put\u00e9s et le gouvernement abordent la br\u00fblante question de la taxation des hauts&hellip;\n","protected":false},"author":2,"featured_media":502728,"comment_status":"","ping_status":"","sticky":false,"template":"","format":"standard","meta":{"footnotes":""},"categories":[4],"tags":[11,416,1011,27,12,4393,429,25,52897],"class_list":{"0":"post-502727","1":"post","2":"type-post","3":"status-publish","4":"format-standard","5":"has-post-thumbnail","7":"category-france","8":"tag-actualites","9":"tag-assemblee-nationale","10":"tag-fr","11":"tag-france","12":"tag-news","13":"tag-olivier-faure","14":"tag-ps","15":"tag-republique-francaise","16":"tag-taxe-zucman"},"share_on_mastodon":{"url":"https:\/\/pubeurope.com\/@fr\/115470088594123532","error":""},"_links":{"self":[{"href":"https:\/\/www.europesays.com\/fr\/wp-json\/wp\/v2\/posts\/502727","targetHints":{"allow":["GET"]}}],"collection":[{"href":"https:\/\/www.europesays.com\/fr\/wp-json\/wp\/v2\/posts"}],"about":[{"href":"https:\/\/www.europesays.com\/fr\/wp-json\/wp\/v2\/types\/post"}],"author":[{"embeddable":true,"href":"https:\/\/www.europesays.com\/fr\/wp-json\/wp\/v2\/users\/2"}],"replies":[{"embeddable":true,"href":"https:\/\/www.europesays.com\/fr\/wp-json\/wp\/v2\/comments?post=502727"}],"version-history":[{"count":0,"href":"https:\/\/www.europesays.com\/fr\/wp-json\/wp\/v2\/posts\/502727\/revisions"}],"wp:featuredmedia":[{"embeddable":true,"href":"https:\/\/www.europesays.com\/fr\/wp-json\/wp\/v2\/media\/502728"}],"wp:attachment":[{"href":"https:\/\/www.europesays.com\/fr\/wp-json\/wp\/v2\/media?parent=502727"}],"wp:term":[{"taxonomy":"category","embeddable":true,"href":"https:\/\/www.europesays.com\/fr\/wp-json\/wp\/v2\/categories?post=502727"},{"taxonomy":"post_tag","embeddable":true,"href":"https:\/\/www.europesays.com\/fr\/wp-json\/wp\/v2\/tags?post=502727"}],"curies":[{"name":"wp","href":"https:\/\/api.w.org\/{rel}","templated":true}]}}