{"id":502737,"date":"2025-10-31T18:05:58","date_gmt":"2025-10-31T18:05:58","guid":{"rendered":"https:\/\/www.europesays.com\/fr\/502737\/"},"modified":"2025-10-31T18:05:58","modified_gmt":"2025-10-31T18:05:58","slug":"100-sports-le-nancy-fc-est-bien-sur-les-rails-il-batit-son-avenir-sur-sa-jeunesse","status":"publish","type":"post","link":"https:\/\/www.europesays.com\/fr\/502737\/","title":{"rendered":"100% SPORTS\u00a0: le Nancy FC est bien sur les rails, il b\u00e2tit son avenir sur sa jeunesse"},"content":{"rendered":"<p class=\"PopSlotParagraph qg-tx2 qg-xtra-lh svelte-1r0pyek\">Quelques mois apr\u00e8s sa cr\u00e9ation, suite \u00e0 la disparition de la section football de la MJC Pichon, <strong>le Nancy FC<\/strong> s\u2019est rapidement impos\u00e9 comme un acteur majeur du football amateur local. Le club, qui compte d\u00e9j\u00e0 300 licenci\u00e9s, met tout en \u0153uvre pour s&rsquo;appuyer sur la formation des jeunes afin de p\u00e9renniser son \u00e9quipe fanion.<\/p>\n<p class=\"PopSlotParagraph qg-tx2 qg-xtra-lh svelte-1r0pyek\">L&rsquo;organisation de la formation est la cl\u00e9 de vo\u00fbte du projet. L\u2019objectif est de d\u00e9velopper une fili\u00e8re solide, capable d&rsquo;int\u00e9grer progressivement les jeunes talents dans l&rsquo;\u00e9quipe senior. Cette strat\u00e9gie porte d\u00e9j\u00e0 ses fruits, comme en t\u00e9moigne la position des \u00e9quipes de jeunes\u00a0: les U17 et U15 et U14\u00a0\u00e9voluent toutes au niveau R\u00e9gional. Ces r\u00e9sultats sont un indicateur fort de la qualit\u00e9 du vivier nanc\u00e9ien.<\/p>\n<p class=\"PopSlotParagraph qg-tx2 qg-xtra-lh svelte-1r0pyek\">C\u00f4t\u00e9 seniors, l&rsquo;\u00e9quipe fanion r\u00e9alise un excellent d\u00e9but de saison et occupe la deuxi\u00e8me place de son groupe en <a href=\"https:\/\/c.republicain-lorrain.fr\/sport\/classement\/football\/departemental-district-meurthe-et-moselle-seniors-d1-groupe-b\" target=\"_blank\" rel=\"noopener noreferrer nofollow\" class=\"\" data-testid=\"link\">D1 d\u00e9partementale<\/a>. Cette position ouvre la voie \u00e0 une mont\u00e9e rapide vers les championnats de Ligue (R\u00e9gional 3). Les dirigeants n&rsquo;en font pas un secret\u00a0: l&rsquo;ambition est de s&rsquo;extraire du d\u00e9partemental pour rejoindre le niveau r\u00e9gional.<\/p>\n<p class=\"PopSlotParagraph qg-tx2 qg-xtra-lh svelte-1r0pyek\">Pour le Nancy FC, la mont\u00e9e ne sera un succ\u00e8s que si elle s\u2019accompagne de l&rsquo;int\u00e9gration r\u00e9ussie des joueurs form\u00e9s au club. C&rsquo;est sur ce mod\u00e8le de croissance organique que le club b\u00e2tit son avenir \u00e0 long terme c&rsquo;est ce que confirme\u00a0Karem Bouaoussay, responsable du sportif au Nancy FC , au micro de Laurent Pilloni dans <strong>100% SPORTS.<\/strong><\/p>\n","protected":false},"excerpt":{"rendered":"Quelques mois apr\u00e8s sa cr\u00e9ation, suite \u00e0 la disparition de la section football de la MJC Pichon, le&hellip;\n","protected":false},"author":2,"featured_media":502738,"comment_status":"","ping_status":"","sticky":false,"template":"","format":"standard","meta":{"footnotes":""},"categories":[9635],"tags":[1111,11,1777,674,1011,27,775,1702,12,25],"class_list":{"0":"post-502737","1":"post","2":"type-post","3":"status-publish","4":"format-standard","5":"has-post-thumbnail","7":"category-nancy","8":"tag-actu","9":"tag-actualites","10":"tag-eu","11":"tag-europe","12":"tag-fr","13":"tag-france","14":"tag-grand-est","15":"tag-nancy","16":"tag-news","17":"tag-republique-francaise"},"share_on_mastodon":{"url":"https:\/\/pubeurope.com\/@fr\/115470112084409321","error":""},"_links":{"self":[{"href":"https:\/\/www.europesays.com\/fr\/wp-json\/wp\/v2\/posts\/502737","targetHints":{"allow":["GET"]}}],"collection":[{"href":"https:\/\/www.europesays.com\/fr\/wp-json\/wp\/v2\/posts"}],"about":[{"href":"https:\/\/www.europesays.com\/fr\/wp-json\/wp\/v2\/types\/post"}],"author":[{"embeddable":true,"href":"https:\/\/www.europesays.com\/fr\/wp-json\/wp\/v2\/users\/2"}],"replies":[{"embeddable":true,"href":"https:\/\/www.europesays.com\/fr\/wp-json\/wp\/v2\/comments?post=502737"}],"version-history":[{"count":0,"href":"https:\/\/www.europesays.com\/fr\/wp-json\/wp\/v2\/posts\/502737\/revisions"}],"wp:featuredmedia":[{"embeddable":true,"href":"https:\/\/www.europesays.com\/fr\/wp-json\/wp\/v2\/media\/502738"}],"wp:attachment":[{"href":"https:\/\/www.europesays.com\/fr\/wp-json\/wp\/v2\/media?parent=502737"}],"wp:term":[{"taxonomy":"category","embeddable":true,"href":"https:\/\/www.europesays.com\/fr\/wp-json\/wp\/v2\/categories?post=502737"},{"taxonomy":"post_tag","embeddable":true,"href":"https:\/\/www.europesays.com\/fr\/wp-json\/wp\/v2\/tags?post=502737"}],"curies":[{"name":"wp","href":"https:\/\/api.w.org\/{rel}","templated":true}]}}