{"id":502743,"date":"2025-10-31T18:09:10","date_gmt":"2025-10-31T18:09:10","guid":{"rendered":"https:\/\/www.europesays.com\/fr\/502743\/"},"modified":"2025-10-31T18:09:10","modified_gmt":"2025-10-31T18:09:10","slug":"cinquieme-nuit-devant-la-mairie-pour-les-expulses-contraints-de-demonter-leurs-tentes","status":"publish","type":"post","link":"https:\/\/www.europesays.com\/fr\/502743\/","title":{"rendered":"cinqui\u00e8me nuit devant la mairie pour les expuls\u00e9s contraints de d\u00e9monter leurs tentes"},"content":{"rendered":"<p>            Par<br \/>\n        <strong><br \/>\n            <a href=\"https:\/\/actu.fr\/auteur\/jm-aubert\" title=\"Consulter tous les articles de Jean-Marc Aubert\" target=\"_blank\" rel=\"noopener\">Jean-Marc Aubert<\/a><br \/>\n        <\/strong><\/p>\n<p>        Publi\u00e9 le<\/p>\n<p>            31 oct. 2025 \u00e0 18h45        <\/p>\n<p>La situation ne se d\u00e9bloque pas pour les trente-sept personnes et enfants \u00e2g\u00e9 de 4 \u00e0 17 ans expuls\u00e9s lundi 27 octobre 2025 d\u2019un squat du quartier d\u2019Euromedecine, \u00e0 <strong>Montpellier <\/strong>: ils vont passer leur cinqui\u00e8me nuit sur le parvis Georges Fr\u00eache, devant l\u2019h\u00f4tel de ville \u00e0 Port Marianne, sous des couvertures, des couettes et autres plaids chauds en cette p\u00e9riode automnale frisquette, le tout apport\u00e9 par des associations qui se mobilisent.<\/p>\n<p>    <a href=\"https:\/\/www.google.com\/maps\/embed?pb=!1m18!1m12!1m3!1d4471.516009694405!2d3.895118418533768!3d43.59845081197303!2m3!1f0!2f0!3f0!3m2!1i1024!2i768!4f13.1!3m3!1m2!1s0x12b6ae016ee41ecf%3A0x43ad717412e05b44!2sH%C3%B4tel%20de%20Ville%20de%20Montpellier!5e0!3m2!1sfr!2sfr!4v1761929913228!5m2!1sfr!2sfr\" title=\"Ouvrie le lien\" target=\"_blank\" rel=\"noopener\">Cliquez ici pour visualiser le contenu<\/a><\/p>\n<p class=\" wall-content\">Des b\u00e9n\u00e9voles qui viennent \u00e9galement donner de la nourriture et des boissons pour que ces sans-abri, \u00e0 la rue brutalement du jour au lendemain sur l\u2019ordre de la <strong>pr\u00e9fecture de l\u2019H\u00e9rault<\/strong> qui fait appliquer une d\u00e9cision de justice, trouvent quand m\u00eame un peu d\u2019humanit\u00e9. Mais ils ne sont pas \u00e9pargn\u00e9s : l\u2019intervention des forces de l\u2019ordre -policiers nationaux et municipaux- ce jeudi vers 18h pour les obliger \u00e0 d\u00e9monter les quelques tentes dress\u00e9es pour faire dormir les quinze enfants au chaud sont point\u00e9es du doigt par les responsables des associations et par le <strong>Syndicat national unifi\u00e9 des directeurs, instituteurs et des professeurs des \u00e9coles de l\u2019enseignement public Force ouvri\u00e8re<\/strong> -Snudi FO 34- de l\u2019H\u00e9rault : \u00ab\u00a0Comment un ordre aussi inhumain a-t-il pu \u00eatre donn\u00e9 ?! Comment ne pas y voir une\u00a0volont\u00e9 de les placer dans les conditions les plus dures et les plus indignes ?!\u00a0\u00bb<\/p>\n<p>\u00ab\u00a0Les autorit\u00e9s se renvoient la balle\u00a0\u00bb<\/p>\n<p class=\" wall-content\">Le Snudi FO 34 rel\u00e8ve que, \u00ab\u00a0avec l\u2019association \u00ab Solidarit\u00e9s partag\u00e9es \u00bb qui les accompagne, ces familles se sont regroup\u00e9es\u00a0sur le parvis de la mairie de Montpellier pour demander de l\u2019aide et leur relogement.\u00a0Cette situation indigne et inacceptable dure depuis lundi, chaque autorit\u00e9 se renvoyant la balle\u00a0pour se d\u00e9fausser de sa propre responsabilit\u00e9 : la premi\u00e8re relevant de la pr\u00e9fecture, mais\u00a0\u00e9galement celle de la mairie qui face \u00e0 l\u2019urgence peut mettre \u00e0 disposition des lieux inoccup\u00e9s\u00a0pour mettre ces enfants \u00e0 l\u2019abri, la plupart \u00e9tant par ailleurs scolaris\u00e9s dans des \u00e9coles et\u00a0\u00e9tablissement de Montpellier. Elle peut le faire et elle doit le faire.\u00a0C\u2019est \u00e9galement la responsabilit\u00e9 du Conseil d\u00e9partemental et du service d\u2019aide sociale \u00e0 l\u2019enfance\u00a0de mener en urgence des actions de protection des mineurs et de leur famille \u00ab confront\u00e9s \u00e0 des\u00a0difficult\u00e9s risquant de mettre en danger la sant\u00e9, la s\u00e9curit\u00e9, la moralit\u00e9 \u00bb comme le stipule l\u2019article L221-1 du code\u00a0de l\u2019action sociale\u00a0\u00bb.<\/p>\n<p>Des enfants scolaris\u00e9s<\/p>\n<p class=\" wall-content\">Les\u00a0enfants de 4 \u00e0 17 ans sont tous scolaris\u00e9s dans des \u00e9coles \u00e0 Montpellier, \u00ab\u00a0ce sont donc nos \u00e9l\u00e8ves\u00a0\u00bb, r\u00e9v\u00e8le le Snudi FO 34, ajoutant que, \u00ab\u00a0aucun h\u00e9bergement d\u2019urgence ne leur a \u00e9t\u00e9 propos\u00e9 par le pr\u00e9fet, malgr\u00e9 les dispositions l\u00e9gales\u00a0qui y contraignent via l\u2019article 345-2 du code de l\u2019action sociale et des familles : Toute personne sans\u00a0abri en situation de d\u00e9tresse m\u00e9dicale, psychique ou sociale a acc\u00e8s, \u00e0 tout moment, \u00e0 un dispositif\u00a0d\u2019h\u00e9bergement d\u2019urgence\u00a0\u00bb. Le Snudi FO de l\u2019H\u00e9rault pr\u00e9cise que, \u00ab\u00a0de plus, en tant qu\u2019enseignants et AESH, nous ne pouvons \u00eatre indiff\u00e9rents, car ces situations ont\u00a0aussi un impact sur leur scolarisation dans nos classes.\u00a0Montpellier n\u2019est pas une ville pauvre, loin de l\u00e0, il n\u2019est pas possible de laisser des enfants dormir\u00a0dans le froid et la pluie sur le parvis d\u2019une mairie si somptueuse.\u00a0Avec tous nos coll\u00e8gues indign\u00e9s par cette situation, devant laquelle aucun \u00eatre humain ne peut\u00a0rester de marbre, nous demandons que la mairie et la pr\u00e9fecture trouve rapidement une solution\u00a0avant une nouvelle nuit dehors.\u00a0Pas une nuit de plus et relogement imm\u00e9diat\u00a0\u00bb.<\/p>\n<p>Vid\u00e9os : en ce moment sur Actu<\/p>\n<p class=\" wall-content\">Sollicit\u00e9e ce vendredi 31 octobre apr\u00e8s-midi par <strong>M\u00e9tropolitain<\/strong> sur le retrait des tentes impos\u00e9es jeudi soir par les forces de l\u2019ordre venues en nombre, la pr\u00e9fecture n\u2019avait pas r\u00e9pondu \u00e0 18h30. Silence assourdissant \u00e9galement du 115, <strong>le Samu social,<\/strong> selon les associations, dont le Snudi FO 34 \u00ab\u00a0le matin, les appels quotidiens au 115 des associations se soldent par un refus cat\u00e9gorique, sans\u00a0m\u00eame proposer de rappeler plus tard dans l\u2019apr\u00e8s midi\u00a0\u00bb. Retour du 115 tel un leit-motiv : toutes les places\u00a0sont\u00a0satur\u00e9es.<\/p>\n<p>Votre r\u00e9gion, votre actu !<\/p>\n<p>Recevez chaque jour les infos qui comptent pour vous.<\/p>\n<p>\t<a href=\"https:\/\/actu.fr\/newsletter\" class=\"ac-btn ac-btn--corner ac-btn--medium ac-btn--blue800\" target=\"_blank\" rel=\"noopener\">S&rsquo;incrire<\/a><br \/>\n\u00ab\u00a0Aucune solution de relogement\u00a0\u00bb<\/p>\n<p class=\" wall-content\">\u00ab\u00a0On a vraiment l\u2019impression que le Samu social ne cherche pas des\u00a0solutions,\u00a0comme il est arriv\u00e9 de le faire les ann\u00e9es pr\u00e9c\u00e9dentes dans de\u00a0pareilles\u00a0situations\u00a0d\u2019\u00e9vacuations\u00a0de squats\u00a0\u00bb, assure A\u00efcha Beghaz pr\u00e9sident de l\u2019Association Humanitaire de Montpellier, l\u2019AHM. Elle se dit tr\u00e8s \u00e9tonn\u00e9e et constern\u00e9e par le fait que, \u00ab\u00a0contrairement aux expulsions de squatters, des solutions de relogement sont toujours \u00e9tudi\u00e9es et en g\u00e9n\u00e9ral trouv\u00e9es en amont, en se rapprochant notamment des responsables d\u2019associations qui servent d\u2019interm\u00e9diaires. Pour ces expuls\u00e9s du squat d\u2019Eurom\u00e9decine, l\u2019op\u00e9ration a \u00e9t\u00e9 pr\u00e9par\u00e9e dans le plus grand secret, personne n\u2019a \u00e9t\u00e9 inform\u00e9. Nous nous interrogeons depuis lundi sur cette action\u00a0\u00bb.<\/p>\n<p>Des femmes battues avec leurs enfants<\/p>\n<p class=\" wall-content\">Selon nos informations, <strong>des femmes battues jet\u00e9es \u00e0 la rue par les maris ou conjoints avec les enfants<\/strong> font partie des personnes expuls\u00e9es contraintes de camper devant l\u2019h\u00f4tel de ville, dans le froid et sous la pluie. \u00ab\u00a0Il est faux de dire que ces expuls\u00e9s sont des sans-papiers ou des \u00e9trangers en situation irr\u00e9guli\u00e8re, comme on l\u2019entend dire \u00e0 tort, ces m\u00e8res seules avec leurs gosses sont n\u00e9es en France, on ne doit pas les salir\u00a0\u00bb, temp\u00eate un b\u00e9n\u00e9vole d\u2019association.<\/p>\n<p class=\" wall-content\">La Ville de Montpellier a pris conscience de la situation. L\u2019adjoint au maire, Michel Calvo, pr\u00e9sident d\u2019ACM Habitat s\u2019est d\u00e9plac\u00e9 sur le parvis et s\u2019est entretenu avec des responsables des associations qui g\u00e8rent cette action. Leur demande de trouver un gymnase ou une salle idoine pour \u00e9viter que ces femmes, ces enfants et trois couples continuent de passer les nuits dehors est \u00e9tudi\u00e9e. Mais toujours pas de solution miracle ce vendredi en soir\u00e9e, alors que se profile un week-end de la Toussaint, o\u00f9 les services des collectivit\u00e9s tournent au ralenti\u2026<\/p>\n<p>Il y a vingt ans, les Enfants de Don Quichotte<\/p>\n<p class=\" wall-content\">Ce vendredi soir, alors que la nuit tombait d\u00e9j\u00e0, heure d\u2019hiver oblige, des responsables d\u2019associations s\u2019interrogeaient sur la d\u00e9cision de r\u00e9installer quelques tentes sur le parvis de la mairie pour accueillir les enfants, mais il craignent le retour des policiers, tandis que les autorit\u00e9s redoutent un\u00a0nouveau mouvement des <strong>Enfants de Don Quichotte<\/strong> qui avait eu un retentissement national : c\u2019\u00e9tait le long du canal Saint-Martin, \u00e0 Paris, \u00e0 l\u2019automne 2006. C\u2019\u00e9tait il y a vingt ans et certains n\u2019ont pas oubli\u00e9 le sort de ces dizaines d\u2019enfants SDF sous des tentes de fortune.<\/p>\n<p class=\" wall-content\">Personnalisez votre actualit\u00e9 en ajoutant vos villes et m\u00e9dias en favori avec <a href=\"https:\/\/moncompte.actu.fr\" title=\"D\u00e9couvez Mon Actu\" rel=\"nofollow noopener\" data-trk=\"{&quot;cta&quot;:{&quot;action&quot;:&quot;https:\\\/\\\/moncompte.actu.fr&quot;,&quot;category&quot;:&quot;mon compte&quot;,&quot;from&quot;:&quot;article footer&quot;,&quot;name&quot;:&quot;Mon actu&quot;,&quot;type&quot;:&quot;cta&quot;}}\" target=\"_blank\">Mon Actu<\/a>.<\/p>\n","protected":false},"excerpt":{"rendered":"Par Jean-Marc Aubert Publi\u00e9 le 31 oct. 2025 \u00e0 18h45 La situation ne se d\u00e9bloque pas pour les&hellip;\n","protected":false},"author":2,"featured_media":502744,"comment_status":"","ping_status":"","sticky":false,"template":"","format":"standard","meta":{"footnotes":""},"categories":[9599],"tags":[1111,11,1719,1777,674,1011,27,2208,12,2680,25,104,798],"class_list":{"0":"post-502743","1":"post","2":"type-post","3":"status-publish","4":"format-standard","5":"has-post-thumbnail","7":"category-montpellier","8":"tag-actu","9":"tag-actualites","10":"tag-enfants","11":"tag-eu","12":"tag-europe","13":"tag-fr","14":"tag-france","15":"tag-montpellier","16":"tag-news","17":"tag-occitanie","18":"tag-republique-francaise","19":"tag-societe","20":"tag-violences-conjugales"},"share_on_mastodon":{"url":"https:\/\/pubeurope.com\/@fr\/115470123965461769","error":""},"_links":{"self":[{"href":"https:\/\/www.europesays.com\/fr\/wp-json\/wp\/v2\/posts\/502743","targetHints":{"allow":["GET"]}}],"collection":[{"href":"https:\/\/www.europesays.com\/fr\/wp-json\/wp\/v2\/posts"}],"about":[{"href":"https:\/\/www.europesays.com\/fr\/wp-json\/wp\/v2\/types\/post"}],"author":[{"embeddable":true,"href":"https:\/\/www.europesays.com\/fr\/wp-json\/wp\/v2\/users\/2"}],"replies":[{"embeddable":true,"href":"https:\/\/www.europesays.com\/fr\/wp-json\/wp\/v2\/comments?post=502743"}],"version-history":[{"count":0,"href":"https:\/\/www.europesays.com\/fr\/wp-json\/wp\/v2\/posts\/502743\/revisions"}],"wp:featuredmedia":[{"embeddable":true,"href":"https:\/\/www.europesays.com\/fr\/wp-json\/wp\/v2\/media\/502744"}],"wp:attachment":[{"href":"https:\/\/www.europesays.com\/fr\/wp-json\/wp\/v2\/media?parent=502743"}],"wp:term":[{"taxonomy":"category","embeddable":true,"href":"https:\/\/www.europesays.com\/fr\/wp-json\/wp\/v2\/categories?post=502743"},{"taxonomy":"post_tag","embeddable":true,"href":"https:\/\/www.europesays.com\/fr\/wp-json\/wp\/v2\/tags?post=502743"}],"curies":[{"name":"wp","href":"https:\/\/api.w.org\/{rel}","templated":true}]}}