{"id":502746,"date":"2025-10-31T18:11:12","date_gmt":"2025-10-31T18:11:12","guid":{"rendered":"https:\/\/www.europesays.com\/fr\/502746\/"},"modified":"2025-10-31T18:11:12","modified_gmt":"2025-10-31T18:11:12","slug":"choc-entre-une-voiture-et-un-train-a-un-passage-a-niveaux-les-secours-sur-place","status":"publish","type":"post","link":"https:\/\/www.europesays.com\/fr\/502746\/","title":{"rendered":"choc entre une voiture et un train \u00e0 un passage \u00e0 niveaux, les secours sur place"},"content":{"rendered":"<p>            Par<br \/>\n        <strong><br \/>\n            <a href=\"https:\/\/actu.fr\/auteur\/aurelien-delavaud\" title=\"Consulter tous les articles de Aur\u00e9lien Delavaud\" rel=\"nofollow noopener\" target=\"_blank\">Aur\u00e9lien Delavaud<\/a><br \/>\n        <\/strong><\/p>\n<p>        Publi\u00e9 le<\/p>\n<p>            31 oct. 2025 \u00e0 18h30        <\/p>\n<p>Un <b>accident<\/b> s\u2019est produit, dans la soir\u00e9e du vendredi 31\u00a0octobre 2025, \u00e0 un passage \u00e0 niveau, pr\u00e8s de Rouen (Seine-Maritime). Selon les premi\u00e8res informations communiqu\u00e9es par la <b>SNCF<\/b>, un peu apr\u00e8s 17\u2009h, un <b>train aurait heurt\u00e9 une voiture<\/b> \u00ab\u2009sur un passage \u00e0 niveau entre Oissel et Elbeuf Saint-Aubin, sur la ligne Rouen-Serquigny\u2009\u00bb. L\u2019incident s\u2019est pr\u00e9cis\u00e9ment produit sur la commune de Cl\u00e9on.<\/p>\n<p>Les secours sur place<\/p>\n<p class=\" wall-content\">Toujours selon la SNCF, ses \u00e9quipes techniques et les pompiers sont actuellement sur place. Ils vont \u00e9valuer les d\u00e9g\u00e2ts et porter secours aux \u00e9ventuelles victimes.<\/p>\n<p class=\" wall-content\">Dans son premier bilan, le Sdis 76 indique qu\u2019il n\u2019y a pas de victime\u2009: \u00ab\u2009La voiture \u00e9tait vide d\u2019occupant et le seul passager est indemne et nous attendait \u00e0 c\u00f4t\u00e9 du v\u00e9hicule. Pas de bless\u00e9s dans le train.\u2009\u00bb<\/p>\n<p>Trafic des trains interrompu<\/p>\n<p class=\" wall-content\">De son c\u00f4t\u00e9, la SNCF annonce une<b> interruption totale du trafic<\/b> sur la ligne Rouen-Serquigny, dans les deux sens. Pour le moment, elle estime une reprise possible du trafic vers 22\u2009h.<\/p>\n<p class=\" wall-content\">Personnalisez votre actualit\u00e9 en ajoutant vos villes et m\u00e9dias en favori avec <a href=\"https:\/\/moncompte.actu.fr\" title=\"D\u00e9couvez Mon Actu\" rel=\"nofollow noopener\" data-trk=\"{&quot;cta&quot;:{&quot;action&quot;:&quot;https:\\\/\\\/moncompte.actu.fr&quot;,&quot;category&quot;:&quot;mon compte&quot;,&quot;from&quot;:&quot;article footer&quot;,&quot;name&quot;:&quot;Mon actu&quot;,&quot;type&quot;:&quot;cta&quot;}}\" target=\"_blank\">Mon Actu<\/a>.<\/p>\n","protected":false},"excerpt":{"rendered":"Par Aur\u00e9lien Delavaud Publi\u00e9 le 31 oct. 2025 \u00e0 18h30 Un accident s\u2019est produit, dans la soir\u00e9e du&hellip;\n","protected":false},"author":2,"featured_media":502747,"comment_status":"","ping_status":"","sticky":false,"template":"","format":"standard","meta":{"footnotes":""},"categories":[9587],"tags":[119,1111,11,1777,674,118,1011,27,12,5161,25,9590,2215],"class_list":{"0":"post-502746","1":"post","2":"type-post","3":"status-publish","4":"format-standard","5":"has-post-thumbnail","7":"category-rouen","8":"tag-accident","9":"tag-actu","10":"tag-actualites","11":"tag-eu","12":"tag-europe","13":"tag-faits-divers","14":"tag-fr","15":"tag-france","16":"tag-news","17":"tag-normandie","18":"tag-republique-francaise","19":"tag-rouen","20":"tag-sncf"},"share_on_mastodon":{"url":"https:\/\/pubeurope.com\/@fr\/115470131880244679","error":""},"_links":{"self":[{"href":"https:\/\/www.europesays.com\/fr\/wp-json\/wp\/v2\/posts\/502746","targetHints":{"allow":["GET"]}}],"collection":[{"href":"https:\/\/www.europesays.com\/fr\/wp-json\/wp\/v2\/posts"}],"about":[{"href":"https:\/\/www.europesays.com\/fr\/wp-json\/wp\/v2\/types\/post"}],"author":[{"embeddable":true,"href":"https:\/\/www.europesays.com\/fr\/wp-json\/wp\/v2\/users\/2"}],"replies":[{"embeddable":true,"href":"https:\/\/www.europesays.com\/fr\/wp-json\/wp\/v2\/comments?post=502746"}],"version-history":[{"count":0,"href":"https:\/\/www.europesays.com\/fr\/wp-json\/wp\/v2\/posts\/502746\/revisions"}],"wp:featuredmedia":[{"embeddable":true,"href":"https:\/\/www.europesays.com\/fr\/wp-json\/wp\/v2\/media\/502747"}],"wp:attachment":[{"href":"https:\/\/www.europesays.com\/fr\/wp-json\/wp\/v2\/media?parent=502746"}],"wp:term":[{"taxonomy":"category","embeddable":true,"href":"https:\/\/www.europesays.com\/fr\/wp-json\/wp\/v2\/categories?post=502746"},{"taxonomy":"post_tag","embeddable":true,"href":"https:\/\/www.europesays.com\/fr\/wp-json\/wp\/v2\/tags?post=502746"}],"curies":[{"name":"wp","href":"https:\/\/api.w.org\/{rel}","templated":true}]}}