{"id":502748,"date":"2025-10-31T18:12:11","date_gmt":"2025-10-31T18:12:11","guid":{"rendered":"https:\/\/www.europesays.com\/fr\/502748\/"},"modified":"2025-10-31T18:12:11","modified_gmt":"2025-10-31T18:12:11","slug":"nouvel-episode-de-greve-ce-samedi-dans-les-transports-a-rouen-a-quoi-faut-il-sattendre","status":"publish","type":"post","link":"https:\/\/www.europesays.com\/fr\/502748\/","title":{"rendered":"Nouvel \u00e9pisode de gr\u00e8ve ce samedi dans les transports \u00e0 Rouen : \u00e0 quoi faut-il s&rsquo;attendre\u00a0?"},"content":{"rendered":"<p>            Par<br \/>\n        <strong><br \/>\n            <a href=\"https:\/\/actu.fr\/auteur\/yann-rivallan\" title=\"Consulter tous les articles de Yann Rivallan\" target=\"_blank\" rel=\"noopener\">Yann Rivallan<\/a><br \/>\n        <\/strong><\/p>\n<p>        Publi\u00e9 le<\/p>\n<p>            31 oct. 2025 \u00e0 19h08        <\/p>\n<p>C\u2019est le deuxi\u00e8me \u00e9pisode de <strong>gr\u00e8ve<\/strong> cons\u00e9cutif au <strong>r\u00e9seau Astuce<\/strong>, en charge des transports en commun \u00e0 <a href=\"https:\/\/actu.fr\/normandie\/rouen_76540\" target=\"_blank\" rel=\"noopener\">Rouen<\/a>. Samedi 1er\u00a0novembre 2025, de nouvelles perturbations sont \u00e0 pr\u00e9voir dans la capitale normande. Bien suivi la semaine pass\u00e9e, \u00e0 quoi faut-il s\u2019attendre pour ce nouvel \u00e9pisode\u2009? Pour rappel, cette gr\u00e8ve doit avoir lieu <a href=\"https:\/\/actu.fr\/normandie\/rouen_76540\/metro-et-bus-a-rouen-une-greve-annoncee-tous-les-weekends-jusqu-a-la-fin-de-l-annee_63311974.html\" target=\"_blank\" rel=\"noopener\">tous les week-ends<\/a> jusqu\u2019\u00e0 la fin de l\u2019ann\u00e9e.<\/p>\n<p>Une gr\u00e8ve coupl\u00e9e \u00e0 un jour f\u00e9ri\u00e9<\/p>\n<p class=\" wall-content\">Dans un communiqu\u00e9, le R\u00e9seau Astuce fait le point sur les perturbations. \u00c0 noter que ce samedi 1er\u00a0novembre est <strong>un jour f\u00e9ri\u00e9<\/strong>, ce qui peut aussi avoir un impact\u2009:<\/p>\n<p class=\" wall-content\">\u2022 <strong>M\u00e9tro\u2009:<\/strong> 100\u2009% de trafic assur\u00e9 toute la journ\u00e9e et soir\u2009;<br \/>\u2022 <strong>Ligne T1\u2009:<\/strong> 100\u2009% de trafic assur\u00e9 toute la journ\u00e9e et soir\u2009;<br \/>\u2022 <strong>Ligne T2\u2009:<\/strong> 90\u2009% de trafic assur\u00e9 toute la journ\u00e9e et 100\u2009% le soir\u2009;<br \/>\u2022 <strong>Ligne T3\u2009:<\/strong> 95\u2009% de trafic assur\u00e9 toute la journ\u00e9e et 100\u2009% le soir\u2009;<br \/>\u2022 <strong>Ligne T4\u2009:<\/strong> 90\u2009% de trafic assur\u00e9 toute la journ\u00e9e et 100\u2009% le soir\u2009;<br \/>\u2022 <strong>Lignes FAST (F1, F2, F3, F5, F7, F8) et lignes de bus (10,11,15,20,27,41)\u2009:<\/strong> 100\u2009% de trafic assur\u00e9 la journ\u00e9e\u2009;<br \/>\u2022 Les <strong>lignes 22 et 43<\/strong> ne circulent pas les jours f\u00e9ri\u00e9s.<\/p>\n<p class=\" wall-content\">Dans son communiqu\u00e9, le service de transports en commun rappelle que \u00ab\u2009les autres lignes r\u00e9guli\u00e8res F6, F9, 529, 530, D1, D2 et Calypso ne sont <strong>pas concern\u00e9es par cette gr\u00e8ve<\/strong> et circulent comme une journ\u00e9e f\u00e9ri\u00e9e\u2009\u00bb.<\/p>\n<p class=\" wall-content\">Enfin, m\u00eame s\u2019il risque d\u2019\u00eatre moins suivi que la semaine derni\u00e8re, ce nouvel \u00e9pisode de gr\u00e8ve s\u2019inscrit dans un mouvement plus large de <strong>la CGT<\/strong>. Le syndicat revendique \u00ab\u2009l\u2019int\u00e9gration des temps annexes des conducteurs dans les services journaliers\u2009\u00bb, ainsi que \u00ab\u2009l\u2019arr\u00eat des appels \u00e0 la sous-traitance\u2009\u00bb.<\/p>\n<p>Suivez l\u2019actualit\u00e9 de Rouen sur <a href=\"https:\/\/www.whatsapp.com\/channel\/0029VaKfnf99hXF2ddApFB1D\" target=\"_blank\" rel=\"noopener\">notre cha\u00eene WhatsApp<\/a> et sur <a href=\"https:\/\/www.tiktok.com\/@76actu.fr?lang=fr\" target=\"_blank\" rel=\"noopener\">notre compte TikTok<\/a><\/p>\n<p class=\" wall-content\">Personnalisez votre actualit\u00e9 en ajoutant vos villes et m\u00e9dias en favori avec <a href=\"https:\/\/moncompte.actu.fr\" title=\"D\u00e9couvez Mon Actu\" rel=\"nofollow noopener\" data-trk=\"{&quot;cta&quot;:{&quot;action&quot;:&quot;https:\\\/\\\/moncompte.actu.fr&quot;,&quot;category&quot;:&quot;mon compte&quot;,&quot;from&quot;:&quot;article footer&quot;,&quot;name&quot;:&quot;Mon actu&quot;,&quot;type&quot;:&quot;cta&quot;}}\" target=\"_blank\">Mon Actu<\/a>.<\/p>\n<p>                    <script async src=\"\/\/www.tiktok.com\/embed.js\"><\/script><\/p>\n","protected":false},"excerpt":{"rendered":"Par Yann Rivallan Publi\u00e9 le 31 oct. 2025 \u00e0 19h08 C\u2019est le deuxi\u00e8me \u00e9pisode de gr\u00e8ve cons\u00e9cutif au&hellip;\n","protected":false},"author":2,"featured_media":502749,"comment_status":"","ping_status":"","sticky":false,"template":"","format":"standard","meta":{"footnotes":""},"categories":[9587],"tags":[1111,11,1777,674,1011,27,6151,12,5161,25,9726,9590,104,2803],"class_list":{"0":"post-502748","1":"post","2":"type-post","3":"status-publish","4":"format-standard","5":"has-post-thumbnail","7":"category-rouen","8":"tag-actu","9":"tag-actualites","10":"tag-eu","11":"tag-europe","12":"tag-fr","13":"tag-france","14":"tag-greve","15":"tag-news","16":"tag-normandie","17":"tag-republique-francaise","18":"tag-reseau-astuce-tcar","19":"tag-rouen","20":"tag-societe","21":"tag-transport"},"share_on_mastodon":{"url":"https:\/\/pubeurope.com\/@fr\/115470135754113666","error":""},"_links":{"self":[{"href":"https:\/\/www.europesays.com\/fr\/wp-json\/wp\/v2\/posts\/502748","targetHints":{"allow":["GET"]}}],"collection":[{"href":"https:\/\/www.europesays.com\/fr\/wp-json\/wp\/v2\/posts"}],"about":[{"href":"https:\/\/www.europesays.com\/fr\/wp-json\/wp\/v2\/types\/post"}],"author":[{"embeddable":true,"href":"https:\/\/www.europesays.com\/fr\/wp-json\/wp\/v2\/users\/2"}],"replies":[{"embeddable":true,"href":"https:\/\/www.europesays.com\/fr\/wp-json\/wp\/v2\/comments?post=502748"}],"version-history":[{"count":0,"href":"https:\/\/www.europesays.com\/fr\/wp-json\/wp\/v2\/posts\/502748\/revisions"}],"wp:featuredmedia":[{"embeddable":true,"href":"https:\/\/www.europesays.com\/fr\/wp-json\/wp\/v2\/media\/502749"}],"wp:attachment":[{"href":"https:\/\/www.europesays.com\/fr\/wp-json\/wp\/v2\/media?parent=502748"}],"wp:term":[{"taxonomy":"category","embeddable":true,"href":"https:\/\/www.europesays.com\/fr\/wp-json\/wp\/v2\/categories?post=502748"},{"taxonomy":"post_tag","embeddable":true,"href":"https:\/\/www.europesays.com\/fr\/wp-json\/wp\/v2\/tags?post=502748"}],"curies":[{"name":"wp","href":"https:\/\/api.w.org\/{rel}","templated":true}]}}