{"id":502752,"date":"2025-10-31T18:14:28","date_gmt":"2025-10-31T18:14:28","guid":{"rendered":"https:\/\/www.europesays.com\/fr\/502752\/"},"modified":"2025-10-31T18:14:28","modified_gmt":"2025-10-31T18:14:28","slug":"en-images-lexposition-sixties-pop-retro-en-avant-premiere-a-la-foire-de-grenoble","status":"publish","type":"post","link":"https:\/\/www.europesays.com\/fr\/502752\/","title":{"rendered":"En images. L&rsquo;exposition \u201cSixties, Pop &#038; Retro\u201d en avant-premi\u00e8re \u00e0 la Foire de Grenoble"},"content":{"rendered":"<p>La veille de l&rsquo;ouverture de la Foire de Grenoble, qui aura lieu du 1er au 11 novembre, le Dauphin\u00e9 Lib\u00e9r\u00e9 a eu le privil\u00e8ge de d\u00e9couvrir l&rsquo;exposition \u00ab\u00a0Sixties, Pop &amp; Retro\u00a0\u00bb. Cr\u00e9\u00e9e par Gaillard D\u00e9cors, l&rsquo;expo retrace les grands bouleversements culturels propres aux ann\u00e9es 1960, gr\u00e2ce \u00e0 la mise en sc\u00e8ne d&rsquo;objets d&rsquo;\u00e9poque. Nostalgie garantie.<\/p>\n","protected":false},"excerpt":{"rendered":"La veille de l&rsquo;ouverture de la Foire de Grenoble, qui aura lieu du 1er au 11 novembre, le&hellip;\n","protected":false},"author":2,"featured_media":502753,"comment_status":"","ping_status":"","sticky":false,"template":"","format":"standard","meta":{"footnotes":""},"categories":[9566],"tags":[1111,11,2430,4406,112,1777,674,107,1685,1011,27,5325,2798,2731,108,12,25],"class_list":{"0":"post-502752","1":"post","2":"type-post","3":"status-publish","4":"format-standard","5":"has-post-thumbnail","7":"category-grenoble","8":"tag-actu","9":"tag-actualites","10":"tag-auvergne-rhone-alpes","11":"tag-commerce-et-services","12":"tag-edition-grenoble-agglomeration","13":"tag-eu","14":"tag-europe","15":"tag-fil-info","16":"tag-foire-et-salon","17":"tag-fr","18":"tag-france","19":"tag-galerie-media","20":"tag-galerie-photo","21":"tag-grenoble","22":"tag-isere","23":"tag-news","24":"tag-republique-francaise"},"share_on_mastodon":{"url":"https:\/\/pubeurope.com\/@fr\/115470143622844328","error":""},"_links":{"self":[{"href":"https:\/\/www.europesays.com\/fr\/wp-json\/wp\/v2\/posts\/502752","targetHints":{"allow":["GET"]}}],"collection":[{"href":"https:\/\/www.europesays.com\/fr\/wp-json\/wp\/v2\/posts"}],"about":[{"href":"https:\/\/www.europesays.com\/fr\/wp-json\/wp\/v2\/types\/post"}],"author":[{"embeddable":true,"href":"https:\/\/www.europesays.com\/fr\/wp-json\/wp\/v2\/users\/2"}],"replies":[{"embeddable":true,"href":"https:\/\/www.europesays.com\/fr\/wp-json\/wp\/v2\/comments?post=502752"}],"version-history":[{"count":0,"href":"https:\/\/www.europesays.com\/fr\/wp-json\/wp\/v2\/posts\/502752\/revisions"}],"wp:featuredmedia":[{"embeddable":true,"href":"https:\/\/www.europesays.com\/fr\/wp-json\/wp\/v2\/media\/502753"}],"wp:attachment":[{"href":"https:\/\/www.europesays.com\/fr\/wp-json\/wp\/v2\/media?parent=502752"}],"wp:term":[{"taxonomy":"category","embeddable":true,"href":"https:\/\/www.europesays.com\/fr\/wp-json\/wp\/v2\/categories?post=502752"},{"taxonomy":"post_tag","embeddable":true,"href":"https:\/\/www.europesays.com\/fr\/wp-json\/wp\/v2\/tags?post=502752"}],"curies":[{"name":"wp","href":"https:\/\/api.w.org\/{rel}","templated":true}]}}