{"id":502758,"date":"2025-10-31T18:17:11","date_gmt":"2025-10-31T18:17:11","guid":{"rendered":"https:\/\/www.europesays.com\/fr\/502758\/"},"modified":"2025-10-31T18:17:11","modified_gmt":"2025-10-31T18:17:11","slug":"cette-chocolaterie-de-lhypercentre-rouvre-apres-trois-semaines-de-travaux","status":"publish","type":"post","link":"https:\/\/www.europesays.com\/fr\/502758\/","title":{"rendered":"cette chocolaterie de l&rsquo;hypercentre rouvre apr\u00e8s trois semaines de travaux"},"content":{"rendered":"<p>            Par<br \/>\n        <strong><br \/>\n            <a href=\"https:\/\/actu.fr\/auteur\/thomas-blanc\" title=\"Consulter tous les articles de Thomas Blanc\" rel=\"nofollow noopener\" target=\"_blank\">Thomas Blanc<\/a><br \/>\n        <\/strong><\/p>\n<p>        Publi\u00e9 le<\/p>\n<p>            31 oct. 2025 \u00e0 17h23        <\/p>\n<p>Elle affichait porte close depuis trois semaines mais la <strong>chocolaterie Maison Caffet<\/strong>, situ\u00e9e rue des Orf\u00e8vres, \u00e0 deux pas de la cath\u00e9drale de <a href=\"https:\/\/actu.fr\/strasbourg\/\" rel=\"nofollow noopener\" target=\"_blank\">Strasbourg<\/a>, va rouvrir <strong>tr\u00e8s prochainement<\/strong>.<\/p>\n<p>    <a href=\"https:\/\/www.google.com\/maps\/embed?pb=!1m18!1m12!1m3!1d5278.980903701781!2d7.744435905490057!3d48.582893405673154!2m3!1f0!2f0!3f0!3m2!1i1024!2i768!4f13.1!3m3!1m2!1s0x4796c852448883f1%3A0x279add0fca4a3263!2sMaison%20Caffet!5e0!3m2!1sfr!2sfr!4v1761924945991!5m2!1sfr!2sfr\" title=\"Ouvrie le lien\" rel=\"nofollow noopener\" target=\"_blank\">Cliquez ici pour visualiser le contenu<\/a><\/p>\n<p>\u00ab\u2009Un nouveau concept architectural\u2009\u00bb pour Maison Caffet \u00e0 Strasbourg<\/p>\n<p class=\" wall-content\">Ferm\u00e9e pour <a href=\"https:\/\/actu.fr\/tag\/travaux\" rel=\"nofollow noopener\" target=\"_blank\">travaux<\/a>, la boutique promet \u00ab\u2009plus qu\u2019une simple r\u00e9novation\u2009\u00bb : une v\u00e9ritable \u00ab\u2009transformation\u2009\u00bb d\u00e8s la r\u00e9ouverture de ses portes le <strong>samedi 1er\u00a0novembre \u00e0 10h<\/strong>.<\/p>\n<p>    <img   decoding=\"async\" loading=\"lazy\" src=\"https:\/\/www.europesays.com\/fr\/wp-content\/uploads\/2025\/10\/555708405-1395814129216033-5377540310450267596-n-960x640.jpg\" alt=\"L'int\u00e9rieur de la boutique Maison Caffet \u00e0 Strasbourg a \u00e9t\u00e9 enti\u00e8rement revu.\" width=\"960\" height=\"640\"\/><br \/>\n    L\u2019int\u00e9rieur de la boutique Maison Caffet \u00e0 Strasbourg a \u00e9t\u00e9 enti\u00e8rement revu. (\u00a9Document remis \u00e0 Actu Strasbourg)<\/p>\n<p class=\" wall-content\">\u00ab\u2009Un nouveau concept architectural\u2009avec un design contemporain, une mise en lumi\u00e8re soign\u00e9e et une atmosph\u00e8re chaleureuse\u2009\u00bb, a \u00e9t\u00e9 mis en place pour retrouver les cr\u00e9ations de <a href=\"https:\/\/actu.fr\/hauts-de-france\/lille_59350\/nouveau-le-chef-mof-pascal-caffet-ouvre-une-boutique-dans-le-vieux-lille_62220925.html\" rel=\"nofollow noopener\" target=\"_blank\">Pascal Caffet<\/a>, meilleur ouvrier de France et champion du monde des m\u00e9tiers du dessert, peut-on lire dans un communiqu\u00e9.<\/p>\n<p class=\" wall-content\">Dans le Grand Est, Maison Caffet poss\u00e8de \u00e9galement des points de vente \u00e0 <strong>Ch\u00e2lons-en-Champagne<\/strong>,<strong> \u00c9pernay<\/strong>, <a href=\"https:\/\/www.google.com\/search?q=actu.fr+metz&amp;sca_esv=fbce5c1644a5d5c8&amp;rlz=1C1GCEA_enFR1180FR1181&amp;sxsrf=AE3TifO5UuwHYvDUbewH0MHGTZihqqFMhw%3A1761925543485&amp;ei=p9kEacyzHYWlkdUP_O6o6Qc&amp;ved=0ahUKEwiMo4-R5M6QAxWFUqQEHXw3Kn0Q4dUDCBM&amp;uact=5&amp;oq=actu.fr+metz&amp;gs_lp=Egxnd3Mtd2l6LXNlcnAiDGFjdHUuZnIgbWV0ejIEECMYJzIEECMYJzIKECMYgAQYJxiKBTIFEAAYgAQyBRAAGIAEMgYQABgWGB4yBhAAGBYYHjIIEAAYgAQYogQyCBAAGIAEGKIESPkIUK0EWKoIcAF4AJABAJgBaKABhQOqAQMyLjK4AQPIAQD4AQGYAgSgArYCwgIKEAAYsAMY1gQYR8ICCBAAGIAEGN4GmAMAiAYBkAYIkgcDMy4xoAezJrIHAzIuMbgHrwLCBwUwLjIuMsgHEA&amp;sclient=gws-wiz-serp\" rel=\"nofollow noopener\" target=\"_blank\">Metz<\/a>, <a href=\"https:\/\/actu.fr\/grand-est\/nancy_54395\" rel=\"nofollow noopener\" target=\"_blank\">Nancy<\/a> et <strong>Reims<\/strong>.<\/p>\n<p class=\" wall-content\">Personnalisez votre actualit\u00e9 en ajoutant vos villes et m\u00e9dias en favori avec <a href=\"https:\/\/moncompte.actu.fr\" title=\"D\u00e9couvez Mon Actu\" rel=\"nofollow noopener\" data-trk=\"{&quot;cta&quot;:{&quot;action&quot;:&quot;https:\\\/\\\/moncompte.actu.fr&quot;,&quot;category&quot;:&quot;mon compte&quot;,&quot;from&quot;:&quot;article footer&quot;,&quot;name&quot;:&quot;Mon actu&quot;,&quot;type&quot;:&quot;cta&quot;}}\" target=\"_blank\">Mon Actu<\/a>.<\/p>\n","protected":false},"excerpt":{"rendered":"Par Thomas Blanc Publi\u00e9 le 31 oct. 2025 \u00e0 17h23 Elle affichait porte close depuis trois semaines mais&hellip;\n","protected":false},"author":2,"featured_media":502759,"comment_status":"","ping_status":"","sticky":false,"template":"","format":"standard","meta":{"footnotes":""},"categories":[2820],"tags":[1111,11,215,1777,674,1011,27,775,12,25,104,640],"class_list":{"0":"post-502758","1":"post","2":"type-post","3":"status-publish","4":"format-standard","5":"has-post-thumbnail","7":"category-strasbourg","8":"tag-actu","9":"tag-actualites","10":"tag-commerce","11":"tag-eu","12":"tag-europe","13":"tag-fr","14":"tag-france","15":"tag-grand-est","16":"tag-news","17":"tag-republique-francaise","18":"tag-societe","19":"tag-strasbourg"},"share_on_mastodon":{"url":"https:\/\/pubeurope.com\/@fr\/115470156039191269","error":""},"_links":{"self":[{"href":"https:\/\/www.europesays.com\/fr\/wp-json\/wp\/v2\/posts\/502758","targetHints":{"allow":["GET"]}}],"collection":[{"href":"https:\/\/www.europesays.com\/fr\/wp-json\/wp\/v2\/posts"}],"about":[{"href":"https:\/\/www.europesays.com\/fr\/wp-json\/wp\/v2\/types\/post"}],"author":[{"embeddable":true,"href":"https:\/\/www.europesays.com\/fr\/wp-json\/wp\/v2\/users\/2"}],"replies":[{"embeddable":true,"href":"https:\/\/www.europesays.com\/fr\/wp-json\/wp\/v2\/comments?post=502758"}],"version-history":[{"count":0,"href":"https:\/\/www.europesays.com\/fr\/wp-json\/wp\/v2\/posts\/502758\/revisions"}],"wp:featuredmedia":[{"embeddable":true,"href":"https:\/\/www.europesays.com\/fr\/wp-json\/wp\/v2\/media\/502759"}],"wp:attachment":[{"href":"https:\/\/www.europesays.com\/fr\/wp-json\/wp\/v2\/media?parent=502758"}],"wp:term":[{"taxonomy":"category","embeddable":true,"href":"https:\/\/www.europesays.com\/fr\/wp-json\/wp\/v2\/categories?post=502758"},{"taxonomy":"post_tag","embeddable":true,"href":"https:\/\/www.europesays.com\/fr\/wp-json\/wp\/v2\/tags?post=502758"}],"curies":[{"name":"wp","href":"https:\/\/api.w.org\/{rel}","templated":true}]}}