{"id":502760,"date":"2025-10-31T18:18:16","date_gmt":"2025-10-31T18:18:16","guid":{"rendered":"https:\/\/www.europesays.com\/fr\/502760\/"},"modified":"2025-10-31T18:18:16","modified_gmt":"2025-10-31T18:18:16","slug":"ligue-1-avec-lecossais-david-weir-le-racing-club-de-strasbourg-tient-son-directeur-sportif","status":"publish","type":"post","link":"https:\/\/www.europesays.com\/fr\/502760\/","title":{"rendered":"Ligue 1. Avec l&rsquo;Ecossais David Weir, le Racing Club de Strasbourg tient son directeur sportif"},"content":{"rendered":"<p>Le Racing vient d&rsquo;annoncer la nomination de David Weir au poste de directeur sportif, une nomination effective \u00e0 compter de ce samedi 1er novembre.<\/p>\n<p>Le quinquag\u00e9naire\u00a0occupait jusqu\u2019\u00e0 septembre dernier le poste de directeur technique de Brighton, club o\u00f9 Liam Rosenior a fini sa carri\u00e8re de joueur.<\/p>\n<p>Ancien d\u00e9fenseur international \u00e9cossais (69 s\u00e9lections, plus de 600 matchs professionnels), Weir a notamment disput\u00e9 le Mondial-1998 en France.<\/p>\n<p class=\"txt\">Son exp\u00e9rience et sa comp\u00e9tence seront des atouts importants (Marc Keller)<\/p>\n<p>\u00ab Je suis heureux de l\u2019arriv\u00e9e de David Weir, qui s\u2019inscrit dans la continuit\u00e9 du travail engag\u00e9 pour renforcer la structure sportive du club, dit le pr\u00e9sident Marc Keller. C\u2019est un professionnel respect\u00e9 qui apporte une expertise pr\u00e9cieuse du haut niveau. Son exp\u00e9rience et sa comp\u00e9tence seront des atouts importants pour accompagner la progression sportive du Racing et soutenir Liam Rosenior et son staff. \u00bb<\/p>\n<p>\u00ab C\u2019est une grande fiert\u00e9 de rejoindre le Racing, un club historique avec une identit\u00e9 forte et une ambition croissante,\u00a0explique David Weir. J\u2019ai \u00e9t\u00e9 convaincu par le projet et la qualit\u00e9 des personnes en place. Je suis impatient de m\u2019installer \u00e0 Strasbourg et de m\u2019impliquer pleinement dans la vie du Racing.\u00bb<\/p>\n","protected":false},"excerpt":{"rendered":"Le Racing vient d&rsquo;annoncer la nomination de David Weir au poste de directeur sportif, une nomination effective \u00e0&hellip;\n","protected":false},"author":2,"featured_media":502761,"comment_status":"","ping_status":"","sticky":false,"template":"","format":"standard","meta":{"footnotes":""},"categories":[2820],"tags":[328,1111,11,2389,1777,674,107,63,1011,27,775,12,41281,25,517,640],"class_list":{"0":"post-502760","1":"post","2":"type-post","3":"status-publish","4":"format-standard","5":"has-post-thumbnail","7":"category-strasbourg","8":"tag-a-la-une","9":"tag-actu","10":"tag-actualites","11":"tag-alsace","12":"tag-eu","13":"tag-europe","14":"tag-fil-info","15":"tag-football","16":"tag-fr","17":"tag-france","18":"tag-grand-est","19":"tag-news","20":"tag-racing-club-strasbourg-masculin","21":"tag-republique-francaise","22":"tag-sport","23":"tag-strasbourg"},"share_on_mastodon":{"url":"https:\/\/pubeurope.com\/@fr\/115470159460408132","error":""},"_links":{"self":[{"href":"https:\/\/www.europesays.com\/fr\/wp-json\/wp\/v2\/posts\/502760","targetHints":{"allow":["GET"]}}],"collection":[{"href":"https:\/\/www.europesays.com\/fr\/wp-json\/wp\/v2\/posts"}],"about":[{"href":"https:\/\/www.europesays.com\/fr\/wp-json\/wp\/v2\/types\/post"}],"author":[{"embeddable":true,"href":"https:\/\/www.europesays.com\/fr\/wp-json\/wp\/v2\/users\/2"}],"replies":[{"embeddable":true,"href":"https:\/\/www.europesays.com\/fr\/wp-json\/wp\/v2\/comments?post=502760"}],"version-history":[{"count":0,"href":"https:\/\/www.europesays.com\/fr\/wp-json\/wp\/v2\/posts\/502760\/revisions"}],"wp:featuredmedia":[{"embeddable":true,"href":"https:\/\/www.europesays.com\/fr\/wp-json\/wp\/v2\/media\/502761"}],"wp:attachment":[{"href":"https:\/\/www.europesays.com\/fr\/wp-json\/wp\/v2\/media?parent=502760"}],"wp:term":[{"taxonomy":"category","embeddable":true,"href":"https:\/\/www.europesays.com\/fr\/wp-json\/wp\/v2\/categories?post=502760"},{"taxonomy":"post_tag","embeddable":true,"href":"https:\/\/www.europesays.com\/fr\/wp-json\/wp\/v2\/tags?post=502760"}],"curies":[{"name":"wp","href":"https:\/\/api.w.org\/{rel}","templated":true}]}}