{"id":502764,"date":"2025-10-31T18:20:22","date_gmt":"2025-10-31T18:20:22","guid":{"rendered":"https:\/\/www.europesays.com\/fr\/502764\/"},"modified":"2025-10-31T18:20:22","modified_gmt":"2025-10-31T18:20:22","slug":"deux-nouvelles-plaintes-visent-le-professeur-soupconne-de-viols-sur-des-enfants-de-4-ans-dans-une-maternelle-pres-de-nice","status":"publish","type":"post","link":"https:\/\/www.europesays.com\/fr\/502764\/","title":{"rendered":"Deux nouvelles plaintes visent le professeur soup\u00e7onn\u00e9 de viols sur des enfants de 4 ans dans une maternelle pr\u00e8s de Nice"},"content":{"rendered":"<p class=\"fs-5 \">Les parents de <strong>deux jeunes filles<\/strong>, \u00e2g\u00e9es de<strong> 4 ans<\/strong>, ont d\u00e9cid\u00e9 \u00e0 leur tour d\u2019entamer une proc\u00e9dure judiciaire contre un <strong>enseignant<\/strong>, pr\u00e9sum\u00e9 innocent, de moyenne section de l\u2019\u00e9cole maternelle Pasteur, situ\u00e9e au sein du groupe scolaire de la gare \u00e0 Saint-Laurent-du-Var.<\/p>\n<p class=\"fs-5 \">Les deux familles ont apport\u00e9, dans un premier temps, leur t\u00e9moignage aux policiers, pour l\u2019une le 11 octobre, pour l\u2019autre le 17. Ne s\u2019estimant \u00ab pas suffisamment \u00e9cout\u00e9es et prises au s\u00e9rieux par les services d\u2019enqu\u00eate \u00bb, l\u2019une a d\u00e9pos\u00e9 plainte vendredi 31 octobre, l\u2019autre d\u00e9posera plainte dans les prochains jours \u00ab pour faire entendre la voix de leurs filles \u00bb.<\/p>\n<p class=\"fs-5 \">Ces deux familles ont d\u00e9couvert les <a href=\"https:\/\/www.nicematin.com\/societe\/justice\/leurs-enfants-sont-contraints-de-changer-d-etablissement-scolaire-apres-des-soupcons-de-viols-dans-une-ecole-maternelle-pres-de-nice-les-avocats-des-familles-montent-au-creneau-10654564\" rel=\"nofollow noopener\" target=\"_blank\">soup\u00e7ons qui pesaient sur l\u2019enseignant de moyenne section de maternelle<\/a> lors d\u2019une r\u00e9union organis\u00e9e dans l\u2019\u00e9cole le 10 octobre par la Ville, la police nationale et l\u2019\u00c9ducation nationale, en pr\u00e9sence des parents d\u2019\u00e9l\u00e8ves.<\/p>\n<p>                                                                                \u00ab Elle m\u2019a dit que c\u2019\u00e9tait un secret \u00bb<\/p>\n<p class=\"fs-5 \">Dans la premi\u00e8re des deux familles, le jour de la r\u00e9union, le 10 octobre, le p\u00e8re a essay\u00e9 de discuter avec sa fille \u00ab avec des questions ouvertes, mais elle n\u2019a rien dit \u00bb. <\/p>\n<p class=\"fs-5 \">Le lendemain, la m\u00e8re constate en fin de journ\u00e9e que \u00ab sa fille \u00e9tait r\u00e9ceptive et qu\u2019elle voulait communiquer. Elle m\u2019a fait le signe X avec ses doigts et elle m\u2019a dit que c\u2019\u00e9tait un secret \u00bb.<\/p>\n<p class=\"fs-5 \">L\u2019enfant rapporte alors <strong>ce qui s\u2019apparente \u00e0 un viol survenu dans les toilettes de l\u2019\u00e9cole<\/strong>. Le soir m\u00eame, les parents se rendent au commissariat Foch, \u00e0 Nice, pour signaler les faits.<\/p>\n<p class=\"fs-5 \">La seconde famille engage une discussion avec leur fillette le 11 octobre. L\u2019enfant de 4 ans livre \u00e0 sa m\u00e8re d\u2019autres faits constitutifs d\u2019un viol.<\/p>\n<p class=\"fs-5 \">La m\u00e8re cherche \u00e0 savoir \u00e0 quel endroit dans l\u2019\u00e9cole \u00e7a a pu se produire. La fillette leur \u00ab a dit des choses tr\u00e8s pr\u00e9cises. Elle me racontait que, <strong>parfois c\u2019\u00e9tait devant tout le monde dans la classe quand l\u2019Atsem n\u2019\u00e9tait pas l\u00e0 ou ne regardait pas<\/strong>, parfois c\u2019\u00e9tait dans la classe pendant la r\u00e9cr\u00e9ation. \u00bb<\/p>\n<p class=\"fs-5 \">La m\u00e8re poursuit : \u00ab Vu que pendant la r\u00e9union du 10 octobre ils ont <strong>beaucoup insist\u00e9 sur le fait que les enfants fabulent<\/strong>, qu\u2019ils d\u00e9forment la v\u00e9rit\u00e9. On s\u2019est dit que ce n\u2019\u00e9tait peut-\u00eatre pas vrai. (\u2026) C\u2019est pour \u00e7a qu\u2019on a pris du temps avant d\u2019aller au commissariat de Cagnes-sur-Mer le 17 octobre. \u00bb <\/p>\n<p class=\"fs-5 \">La m\u00e8re insiste : \u00ab Le comportement de ma fille avait beaucoup chang\u00e9. Elle faisait des <strong>cauchemars <\/strong>et \u00e9tait tr\u00e8s collante. \u00bb<\/p>\n<p class=\"fs-5 \">Pour rappel, <a href=\"https:\/\/www.nicematin.com\/societe\/soupcons-de-viols-dans-une-ecole-maternelle-pres-de-nice-l-enseignant-reintegre-sa-classe-une-petition-va-etre-lancee-10654489\" rel=\"nofollow noopener\" target=\"_blank\">deux premi\u00e8res plaintes (le 1er octobre) de parents de deux gar\u00e7ons de 4 ans avaient \u00e9t\u00e9 class\u00e9es sans suite le 21 octobre par le procureur de la R\u00e9publique de Grasse<\/a>.<\/p>\n<p class=\"fs-5 \">Eric Camous indiquait dans un communiqu\u00e9 : \u00ab Il r\u00e9sulte de l\u2019enqu\u00eate qu\u2019il n\u2019existe <strong>aucune charge <\/strong>susceptible de laisser soup\u00e7onner la r\u00e9alit\u00e9 des faits qui ont \u00e9t\u00e9 rapport\u00e9s \u00e0 la justice. \u00bb<\/p>\n<p class=\"fs-5 \">Dans la foul\u00e9e, les deux familles des gar\u00e7ons ont envoy\u00e9 un d\u00e9p\u00f4t conjoint de \u00ab plaintes avec constitution de partie civile au tribunal judiciaire de Grasse le 22 octobre \u00bb, avaient indiqu\u00e9 alors leurs avocats, Audrey Giordan et Romain Guerinot.<\/p>\n<p>                                                                                <strong>Les parents d\u2019\u00e9l\u00e8ves saisissent l\u2019Acad\u00e9mie<\/strong><\/p>\n<p class=\"fs-5 \">Les parents de 14 enfants sur 31 se sont mobilis\u00e9s contre le retour en classe, le 3 novembre, de l\u2019enseignant.<\/p>\n<p class=\"fs-5 \">Ils ont sign\u00e9 un courrier qu\u2019ils ont fait parvenir \u00e0 l\u2019acad\u00e9mie de Nice le 30 octobre. Dans cette missive, ils indiquent : \u00ab Le <strong>retour de l\u2019enseignant dans sa classe, au contact des enfants<\/strong>, appara\u00eet incompatible avec l\u2019exigence de s\u00e9curit\u00e9, de s\u00e9r\u00e9nit\u00e9 et de continuit\u00e9 apais\u00e9e du service public d\u2019\u00e9ducation. \u00bb<\/p>\n<p class=\"fs-5 \">Et d\u2019ajouter : \u00ab Lors de la r\u00e9union exceptionnelle du 10 octobre, l\u2019inspecteur d\u2019acad\u00e9mie avait publiquement indiqu\u00e9 que, si un retour de l\u2019enseignant devait \u00eatre envisag\u00e9, ce retour serait discut\u00e9 avec les familles. Or, <strong>aucune discussion ni concertation<\/strong> n\u2019ont eu lieu en amont de la reprise annonc\u00e9e. \u00bb<\/p>\n<p class=\"fs-5 \">Ces parents de la classe de moyenne section de l\u2019\u00e9cole maternelle Pasteur ont donc demand\u00e9 \u00e0 l\u2019acad\u00e9mie \u00ab la <strong>nomination d\u2019un enseignant rempla\u00e7ant<\/strong> pour assurer la continuit\u00e9 p\u00e9dagogique de la classe, afin d\u2019\u00e9viter toute rupture scolaire pour les enfants ; la possibilit\u00e9 pour les enfants concern\u00e9s par cette affaire de poursuivre leur scolarit\u00e9 dans cette \u00e9cole ; le maintien d&rsquo;une pr\u00e9sence polici\u00e8re discr\u00e8te aux abords de l&rsquo;\u00e9cole ; une communication r\u00e9guli\u00e8re, factuelle et transparente aupr\u00e8s des parents d\u2019\u00e9l\u00e8ves \u00bb.<\/p>\n<p class=\"fs-5 \">L\u2019Acad\u00e9mie a r\u00e9pondu aux parents le 30 octobre : \u00ab L\u2019ensemble des services de l\u2019\u00c9ducation nationale, en coordination avec la mairie et la direction de l\u2019\u00e9cole, reste pleinement mobilis\u00e9 pour garantir la s\u00e9curit\u00e9, le bien-\u00eatre et la s\u00e9r\u00e9nit\u00e9 de l\u2019ensemble des \u00e9l\u00e8ves. Toutes les dispositions n\u00e9cessaires ont \u00e9t\u00e9 adopt\u00e9es pour que la reprise se d\u00e9roule <strong>dans les meilleures conditions<\/strong>, selon un climat apais\u00e9 et de confiance retrouv\u00e9e. \u00bb <\/p>\n<p class=\"fs-5 \">Et de poursuivre : \u00ab Soucieuse d\u2019un dialogue attentif avec les familles, l&rsquo;inspecteur de circonscription, accompagn\u00e9 de l\u2019adjointe \u00e0 l\u2019inspecteur d\u2019acad\u00e9mie, se tiendra \u00e0 la disposition des parents qui en feront la demande pour les recevoir lundi matin dans un esprit d\u2019\u00e9coute et de transparence. \u00bb<\/p>\n<p>                                                                                <strong>Le d\u00e9put\u00e9 interpelle le ministre<\/strong><\/p>\n<p class=\"fs-5 \">Le d\u00e9put\u00e9 Rassemblement national de la 6e circonscription a adress\u00e9 le 30 octobre un courrier \u00e0 \u00c9douard Geffray, ministre de l\u2019\u00c9ducation nationale, dans l\u2019affaire de la maternelle Pasteur de Saint-Laurent-du-Var.<\/p>\n<p class=\"fs-5 \">Bryan Masson \u00e9crit : \u00ab Cette r\u00e9int\u00e9gration, op\u00e9r\u00e9e sans communication claire de la part du rectorat, suscite une <strong>vive inqui\u00e9tude<\/strong> parmi les parents d\u2019\u00e9l\u00e8ves et le personnel \u00e9ducatif. Les familles ne comprennent pas comment un tel retour a pu \u00eatre autoris\u00e9 dans l\u2019attente de l\u2019issue de l\u2019ensemble des proc\u00e9dures judiciaires en cours. \u00bb<\/p>\n<p class=\"fs-5 \">Le d\u00e9put\u00e9 rappelle que \u00ab sans remettre en cause la pr\u00e9somption d\u2019innocence, il me semble essentiel que le principe de pr\u00e9caution et la protection des enfants priment dans ce type de situation. Je souhaiterais donc savoir quelles dispositions r\u00e9glementaires encadrent la r\u00e9int\u00e9gration d\u2019un enseignant faisant encore l\u2019objet de plaintes pour des faits d\u2019une telle gravit\u00e9, et si le minist\u00e8re a \u00e9t\u00e9 inform\u00e9 ou associ\u00e9 \u00e0 la d\u00e9cision prise par le rectorat de Nice. \u00bb<\/p>\n<p class=\"fs-5 \">Contact\u00e9e par Nice-Matin, l\u2019avocate du mis en cause n\u2019a pas donn\u00e9 suite.<\/p>\n","protected":false},"excerpt":{"rendered":"Les parents de deux jeunes filles, \u00e2g\u00e9es de 4 ans, ont d\u00e9cid\u00e9 \u00e0 leur tour d\u2019entamer une proc\u00e9dure&hellip;\n","protected":false},"author":2,"featured_media":502765,"comment_status":"","ping_status":"","sticky":false,"template":"","format":"standard","meta":{"footnotes":""},"categories":[2819],"tags":[1111,11,1777,674,1011,27,12,2401,882,25,57187],"class_list":{"0":"post-502764","1":"post","2":"type-post","3":"status-publish","4":"format-standard","5":"has-post-thumbnail","7":"category-nice","8":"tag-actu","9":"tag-actualites","10":"tag-eu","11":"tag-europe","12":"tag-fr","13":"tag-france","14":"tag-news","15":"tag-nice","16":"tag-provence-alpes-cote-dazur","17":"tag-republique-francaise","18":"tag-violencessexuelles"},"share_on_mastodon":{"url":"https:\/\/pubeurope.com\/@fr\/115470167174145128","error":""},"_links":{"self":[{"href":"https:\/\/www.europesays.com\/fr\/wp-json\/wp\/v2\/posts\/502764","targetHints":{"allow":["GET"]}}],"collection":[{"href":"https:\/\/www.europesays.com\/fr\/wp-json\/wp\/v2\/posts"}],"about":[{"href":"https:\/\/www.europesays.com\/fr\/wp-json\/wp\/v2\/types\/post"}],"author":[{"embeddable":true,"href":"https:\/\/www.europesays.com\/fr\/wp-json\/wp\/v2\/users\/2"}],"replies":[{"embeddable":true,"href":"https:\/\/www.europesays.com\/fr\/wp-json\/wp\/v2\/comments?post=502764"}],"version-history":[{"count":0,"href":"https:\/\/www.europesays.com\/fr\/wp-json\/wp\/v2\/posts\/502764\/revisions"}],"wp:featuredmedia":[{"embeddable":true,"href":"https:\/\/www.europesays.com\/fr\/wp-json\/wp\/v2\/media\/502765"}],"wp:attachment":[{"href":"https:\/\/www.europesays.com\/fr\/wp-json\/wp\/v2\/media?parent=502764"}],"wp:term":[{"taxonomy":"category","embeddable":true,"href":"https:\/\/www.europesays.com\/fr\/wp-json\/wp\/v2\/categories?post=502764"},{"taxonomy":"post_tag","embeddable":true,"href":"https:\/\/www.europesays.com\/fr\/wp-json\/wp\/v2\/tags?post=502764"}],"curies":[{"name":"wp","href":"https:\/\/api.w.org\/{rel}","templated":true}]}}