{"id":502770,"date":"2025-10-31T18:23:12","date_gmt":"2025-10-31T18:23:12","guid":{"rendered":"https:\/\/www.europesays.com\/fr\/502770\/"},"modified":"2025-10-31T18:23:12","modified_gmt":"2025-10-31T18:23:12","slug":"au-dela-de-nos-esperances","status":"publish","type":"post","link":"https:\/\/www.europesays.com\/fr\/502770\/","title":{"rendered":"\u00ab Au-del\u00e0 de nos esp\u00e9rances \u00bb"},"content":{"rendered":"<p>\n\t\t\t\t\t\t\t\t\tPierre Hurmic se dit satisfait des 10.000 participants au GSEF.  Cr\u00e9dit : G.R.\n\t\t\t\t\t\t\t\t<\/p>\n<p>Pierre Hurmic, maire de Bordeaux, esp\u00e8re, suite \u00e0 son entretien avec le ministre, voir le projet de loi de finances 2026 revu \u00e0 la hausse pour les budgets de l&rsquo;\u00e9conomie sociale et solidaire.<\/p>\n<p>\u00c0 l&rsquo;issue du GSEF, Forum mondial de l&rsquo;\u00e9conomie sociale et solidaire, \u00e0 Bordeaux,  le maire Pierre Hurmic, dresse un bilan positif de ce rendez-vous. \u00ab 109 pays et 10.000 participants se sont d\u00e9plac\u00e9s, c&rsquo;est au-del\u00e0 de nos esp\u00e9rances\u00a0\u00bb, a-t-il exprim\u00e9 ce vendredi au Palais 2 l&rsquo;Atlantique.<\/p>\n<p>Un \u00e9change avec le ministre<\/p>\n<p>Il a, ce vendredi, rencontr\u00e9 Serge Papin, ministre des PME et du commerce. \u00ab Nous avons eu une discussion tr\u00e8s int\u00e9ressante. Nos \u00e9changes m&rsquo;ont rassur\u00e9. Je lui ai dit qu&rsquo;\u00e0 l&rsquo;heure o\u00f9 les valeurs de l&rsquo;ESS sont de plus en plus recherch\u00e9es notamment par les jeunes, c&rsquo;est dommage que l\u2019\u00c9tat se d\u00e9sengage. Il m&rsquo;a dit qu&rsquo;il serait attentif aux budgets allou\u00e9s \u00e0 l&rsquo;ESS dans le projet de loi de finances de 2026.\u00a0\u00bb  Pierre Hurmic a toutefois soulign\u00e9 l&rsquo;importance, selon lui, de ne pas \u00ab opposer les deux formes d&rsquo;\u00e9conomie. Il n&rsquo;y en a pas une meilleure que l&rsquo;autre. L&rsquo;important c&rsquo;est de cr\u00e9er des ponts entre les diff\u00e9rentes formes d&rsquo;\u00e9conomie\u00a0\u00bb.<\/p>\n","protected":false},"excerpt":{"rendered":"Pierre Hurmic se dit satisfait des 10.000 participants au GSEF. Cr\u00e9dit : G.R. Pierre Hurmic, maire de Bordeaux,&hellip;\n","protected":false},"author":2,"featured_media":502771,"comment_status":"","ping_status":"","sticky":false,"template":"","format":"standard","meta":{"footnotes":""},"categories":[2817],"tags":[1111,11,1997,1777,674,1011,27,12,2219,5645,25],"class_list":{"0":"post-502770","1":"post","2":"type-post","3":"status-publish","4":"format-standard","5":"has-post-thumbnail","7":"category-bordeaux","8":"tag-actu","9":"tag-actualites","10":"tag-bordeaux","11":"tag-eu","12":"tag-europe","13":"tag-fr","14":"tag-france","15":"tag-news","16":"tag-nouvelle-aquitaine","17":"tag-placco-placeco","18":"tag-republique-francaise"},"share_on_mastodon":{"url":"https:\/\/pubeurope.com\/@fr\/115470179069967515","error":""},"_links":{"self":[{"href":"https:\/\/www.europesays.com\/fr\/wp-json\/wp\/v2\/posts\/502770","targetHints":{"allow":["GET"]}}],"collection":[{"href":"https:\/\/www.europesays.com\/fr\/wp-json\/wp\/v2\/posts"}],"about":[{"href":"https:\/\/www.europesays.com\/fr\/wp-json\/wp\/v2\/types\/post"}],"author":[{"embeddable":true,"href":"https:\/\/www.europesays.com\/fr\/wp-json\/wp\/v2\/users\/2"}],"replies":[{"embeddable":true,"href":"https:\/\/www.europesays.com\/fr\/wp-json\/wp\/v2\/comments?post=502770"}],"version-history":[{"count":0,"href":"https:\/\/www.europesays.com\/fr\/wp-json\/wp\/v2\/posts\/502770\/revisions"}],"wp:featuredmedia":[{"embeddable":true,"href":"https:\/\/www.europesays.com\/fr\/wp-json\/wp\/v2\/media\/502771"}],"wp:attachment":[{"href":"https:\/\/www.europesays.com\/fr\/wp-json\/wp\/v2\/media?parent=502770"}],"wp:term":[{"taxonomy":"category","embeddable":true,"href":"https:\/\/www.europesays.com\/fr\/wp-json\/wp\/v2\/categories?post=502770"},{"taxonomy":"post_tag","embeddable":true,"href":"https:\/\/www.europesays.com\/fr\/wp-json\/wp\/v2\/tags?post=502770"}],"curies":[{"name":"wp","href":"https:\/\/api.w.org\/{rel}","templated":true}]}}