{"id":502778,"date":"2025-10-31T18:27:10","date_gmt":"2025-10-31T18:27:10","guid":{"rendered":"https:\/\/www.europesays.com\/fr\/502778\/"},"modified":"2025-10-31T18:27:10","modified_gmt":"2025-10-31T18:27:10","slug":"une-trentaine-de-postes-a-pourvoir-2","status":"publish","type":"post","link":"https:\/\/www.europesays.com\/fr\/502778\/","title":{"rendered":"une trentaine de postes \u00e0 pourvoir"},"content":{"rendered":"<p>            Par<br \/>\n        <strong><br \/>\n            <a href=\"https:\/\/actu.fr\/auteur\/margot-nicodeme\" title=\"Consulter tous les articles de Margot Nicod\u00e8me\" target=\"_blank\" rel=\"noopener\">Margot Nicod\u00e8me<\/a><br \/>\n        <\/strong><\/p>\n<p>        Publi\u00e9 le<\/p>\n<p>            31 oct. 2025 \u00e0 17h23        <\/p>\n<p><b>Nouvelle campagne de recrutement<\/b>, au sein de la Ville de <a href=\"https:\/\/actu.fr\/hauts-de-france\/lille_59350\" target=\"_blank\" rel=\"noopener\">Lille<\/a>. La collectivit\u00e9 propose<b> plusieurs d\u2019offres d\u2019emploi<\/b>, <b>une trentaine<\/b>, en ce d\u00e9but novembre 2025. Attention, certains postes requi\u00e8rent de candidater tr\u00e8s rapidement, d\u2019ici au 2 ou 3 novembre. Mais la majorit\u00e9 laisse un temps acceptable pour postuler, entre la mi et la fin novembre.<\/p>\n<p>Postes permanents ou temporaires : la Ville de Lille recrute sur 29 postes en novembre 2025<\/p>\n<p class=\" wall-content\">Pour s\u00e9duire les aspirants, la Mairie rappelle que les postes dans ses rangs pr\u00e9sentent <b>divers avantages<\/b> : t\u00e9l\u00e9travail, cong\u00e9s exceptionnels, r\u00e9mun\u00e9ration adapt\u00e9e \u00e0 l\u2019expertise, primes r\u00e9guli\u00e8res, <b>remboursement des transports<\/b>, entre autres. Voici la liste des 29 postes disponibles, pour hommes et femmes (et les dates limites pour candidater).<\/p>\n<p class=\" wall-content\"><b>Emplois permanents<\/b><\/p>\n<ul class=\" wall-content\">\n<li>Policier municipal \u00eelotier (candidater jusqu\u2019au 9 novembre)<\/li>\n<li>Auxiliaire de pu\u00e9riculture 1\/2 (jusqu\u2019au 6 novembre)<\/li>\n<li>Auxiliaire de pu\u00e9riculture 2\/2 (jusqu\u2019au 29 novembre)<\/li>\n<li>Officier de s\u00e9curit\u00e9 en cybers\u00e9curit\u00e9 (30 novembre)<\/li>\n<li>Professeur de danse classique \u00e0 temps complet (24 novembre)<\/li>\n<li>Contr\u00f4leur de gestion informatique d\u00e9cisionnelle (23 novembre)<\/li>\n<li>Responsable du p\u00f4le jeunes \u00e0 Hellemmes (22 novembre)<\/li>\n<li>Agent polyvalent en restauration cuisine centrale (23 novembre)<\/li>\n<li>Responsable d\u2019unit\u00e9 logistique et d\u00e9veloppement des pratiques sportives (23 novembre)<\/li>\n<li>M\u00e9decin du travail (29 novembre)<\/li>\n<li>Cadre gestionnaire en Ehpad (15 novembre)<\/li>\n<li>Assistant de direction (15 novembre)<\/li>\n<li>Policier municipal\/adjoint au chef de l\u2019unit\u00e9 de nuit (3 novembre)<\/li>\n<li>Policier municipal de nuit (2 novembre)<\/li>\n<li>Op\u00e9rateur de nuit au sein du centre de supervision urbaine de la police municipale (2 novembre)<\/li>\n<li>Gestionnaire financier et comptable\/adjoint au responsable ressources (23 novembre)<\/li>\n<li>M\u00e9diateur culture charg\u00e9 de la communication \u2013 centre d\u2019arts plastiques et visuels (20 novembre)<\/li>\n<li>Juriste march\u00e9s publics (2 novembre)<\/li>\n<li>Charg\u00e9 de la conservation durable et de la valorisation des collections (3 novembre)<\/li>\n<\/ul>\n<p class=\" wall-content\"><b>Emplois temporaires<\/b><b\/><\/p>\n<ul class=\" wall-content\">\n<li>Agent d\u2019entretien en milieu sportif (jusqu\u2019au 9 novembre)<\/li>\n<li>Aide-soignant \u00e0 Hellemmes (30 novembre)<\/li>\n<li>Ma\u00eetre-nageur sauveteur (16 novembre)<\/li>\n<li>Auxiliaire de vie (30 novembre)<\/li>\n<li>Infirmier (30 novembre)<\/li>\n<li>Responsable des \u00e9coles de musique de Bois Blancs et de Lille-Sud (2 novembre)<\/li>\n<li>Agent d\u2019animation polyvalent (9 novembre)<\/li>\n<li>Animateur AESH pause m\u00e9ridienne (30 novembre)<\/li>\n<li>Animateur AESH pause m\u00e9ridienne \u00e0 Hellemmes (30 novembre)<\/li>\n<\/ul>\n<p class=\" wall-content\"><b>Insertion<\/b><\/p>\n<ul class=\" wall-content\">\n<li>Insertion animateur sant\u00e9 (dur\u00e9e du contrat selon la date de la convention ; date limite de candidature : 10 novembre).\u00a0<\/li>\n<\/ul>\n<p class=\" wall-content\">Pour postuler \u00e0 l\u2019un de ses postes, comme d\u2019habitude : on clique sur l\u2019offre souhait\u00e9e, et on candidate en ligne, <a href=\"https:\/\/ville-lille.gestmax.fr\/search\/index\/page\/1\" target=\"_blank\" rel=\"noopener\">directement sur le site de la Ville de Lille<\/a>. Bonne chance !<\/p>\n<p class=\" wall-content\">Personnalisez votre actualit\u00e9 en ajoutant vos villes et m\u00e9dias en favori avec <a href=\"https:\/\/moncompte.actu.fr\" title=\"D\u00e9couvez Mon Actu\" rel=\"nofollow noopener\" data-trk=\"{&quot;cta&quot;:{&quot;action&quot;:&quot;https:\\\/\\\/moncompte.actu.fr&quot;,&quot;category&quot;:&quot;mon compte&quot;,&quot;from&quot;:&quot;article footer&quot;,&quot;name&quot;:&quot;Mon actu&quot;,&quot;type&quot;:&quot;cta&quot;}}\" target=\"_blank\">Mon Actu<\/a>.<\/p>\n","protected":false},"excerpt":{"rendered":"Par Margot Nicod\u00e8me Publi\u00e9 le 31 oct. 2025 \u00e0 17h23 Nouvelle campagne de recrutement, au sein de la&hellip;\n","protected":false},"author":2,"featured_media":502779,"comment_status":"","ping_status":"","sticky":false,"template":"","format":"standard","meta":{"footnotes":""},"categories":[2815],"tags":[1111,11,33,341,1777,674,1011,27,811,1307,12,25],"class_list":{"0":"post-502778","1":"post","2":"type-post","3":"status-publish","4":"format-standard","5":"has-post-thumbnail","7":"category-lille","8":"tag-actu","9":"tag-actualites","10":"tag-economie","11":"tag-emploi","12":"tag-eu","13":"tag-europe","14":"tag-fr","15":"tag-france","16":"tag-hauts-de-france","17":"tag-lille","18":"tag-news","19":"tag-republique-francaise"},"share_on_mastodon":{"url":"https:\/\/pubeurope.com\/@fr\/115470194989875226","error":""},"_links":{"self":[{"href":"https:\/\/www.europesays.com\/fr\/wp-json\/wp\/v2\/posts\/502778","targetHints":{"allow":["GET"]}}],"collection":[{"href":"https:\/\/www.europesays.com\/fr\/wp-json\/wp\/v2\/posts"}],"about":[{"href":"https:\/\/www.europesays.com\/fr\/wp-json\/wp\/v2\/types\/post"}],"author":[{"embeddable":true,"href":"https:\/\/www.europesays.com\/fr\/wp-json\/wp\/v2\/users\/2"}],"replies":[{"embeddable":true,"href":"https:\/\/www.europesays.com\/fr\/wp-json\/wp\/v2\/comments?post=502778"}],"version-history":[{"count":0,"href":"https:\/\/www.europesays.com\/fr\/wp-json\/wp\/v2\/posts\/502778\/revisions"}],"wp:featuredmedia":[{"embeddable":true,"href":"https:\/\/www.europesays.com\/fr\/wp-json\/wp\/v2\/media\/502779"}],"wp:attachment":[{"href":"https:\/\/www.europesays.com\/fr\/wp-json\/wp\/v2\/media?parent=502778"}],"wp:term":[{"taxonomy":"category","embeddable":true,"href":"https:\/\/www.europesays.com\/fr\/wp-json\/wp\/v2\/categories?post=502778"},{"taxonomy":"post_tag","embeddable":true,"href":"https:\/\/www.europesays.com\/fr\/wp-json\/wp\/v2\/tags?post=502778"}],"curies":[{"name":"wp","href":"https:\/\/api.w.org\/{rel}","templated":true}]}}