{"id":502781,"date":"2025-10-31T18:30:16","date_gmt":"2025-10-31T18:30:16","guid":{"rendered":"https:\/\/www.europesays.com\/fr\/502781\/"},"modified":"2025-10-31T18:30:16","modified_gmt":"2025-10-31T18:30:16","slug":"info-la-provence-des-auto-ecoles-visees-par-des-menaces-de-mort-antisemites-a-marseille-une-enquete-ouverte","status":"publish","type":"post","link":"https:\/\/www.europesays.com\/fr\/502781\/","title":{"rendered":"INFO LA PROVENCE. Des auto-\u00e9coles vis\u00e9es par des menaces de mort antis\u00e9mites \u00e0 Marseille, une enqu\u00eate ouverte"},"content":{"rendered":"<p>Laura (le pr\u00e9nom a \u00e9t\u00e9 chang\u00e9), secr\u00e9taire de l\u2019une d\u2019elles, est choqu\u00e9e. \u00ab\u00a0Vers 17 h, on a re\u00e7u un appel d\u2019une dame tr\u00e8s agressive, se rem\u00e9more l\u2019employ\u00e9e de confession juive. Elle \u00e9tait tr\u00e8s excit\u00e9e, disait qu\u2019on voulait lui enlever son permis. Son num\u00e9ro n\u2019\u00e9tait pas dans notre base de donn\u00e9es.\u00a0\u00bb<\/p>\n<p>Durant l\u2019appel, la secr\u00e9taire dit avoir subi un d\u00e9ferlement de haine. \u00ab\u00a0Nique tous les juifs, on va venir tous vous br\u00fbler (sic)\u00a0\u00bb, aurait d\u00e9clar\u00e9 la femme au bout du fil. \u00ab\u00a0Ma coll\u00e8gue a essay\u00e9 de la calmer, mais elle a continu\u00e9 \u00e0 prof\u00e9rer des menaces antis\u00e9mites\u00a0\u00bb, poursuit Laura, qui a port\u00e9 plainte.<\/p>\n<p>L\u2019enqu\u00eate sur le point d\u2019aboutir<\/p>\n<p>Selon nos informations, deux <a href=\"https:\/\/www.laprovence.com\/article\/societe\/5687542911152314\/auto-ecoles-en-colere-de-vitrolles-a-marseille-operation-escargot-pour-reclamer-plus-d-inspecteurs-bb\" target=\"_blank\" rel=\"noopener\">auto-\u00e9coles<\/a> ont bien d\u00e9pos\u00e9 plainte au commissariat du 8e arrondissement de Marseille. Une enqu\u00eate a \u00e9t\u00e9 ouverte.<\/p>\n<p>\u00ab\u00a0Il y a une plainte d\u00e9pos\u00e9e par une auto-\u00e9cole o\u00f9 les gens sont de confession juive, et une plainte d\u2019une autre o\u00f9 i&#8230;<\/p>\n","protected":false},"excerpt":{"rendered":"Laura (le pr\u00e9nom a \u00e9t\u00e9 chang\u00e9), secr\u00e9taire de l\u2019une d\u2019elles, est choqu\u00e9e. \u00ab\u00a0Vers 17 h, on a re\u00e7u&hellip;\n","protected":false},"author":2,"featured_media":502782,"comment_status":"","ping_status":"","sticky":false,"template":"","format":"standard","meta":{"footnotes":""},"categories":[2814],"tags":[17,1111,11,9627,1102,154,1777,674,274,1011,27,1922,884,12,5912,1186,882,25,9654],"class_list":{"0":"post-502781","1":"post","2":"type-post","3":"status-publish","4":"format-standard","5":"has-post-thumbnail","7":"category-marseille","8":"tag-17","9":"tag-actu","10":"tag-actualites","11":"tag-auto-ecoles","12":"tag-breakingnews","13":"tag-des","14":"tag-eu","15":"tag-europe","16":"tag-faits-divers-justice","17":"tag-fr","18":"tag-france","19":"tag-info","20":"tag-marseille","21":"tag-news","22":"tag-par","23":"tag-provence","24":"tag-provence-alpes-cote-dazur","25":"tag-republique-francaise","26":"tag-visees"},"share_on_mastodon":{"url":"https:\/\/pubeurope.com\/@fr\/115470206472222968","error":""},"_links":{"self":[{"href":"https:\/\/www.europesays.com\/fr\/wp-json\/wp\/v2\/posts\/502781","targetHints":{"allow":["GET"]}}],"collection":[{"href":"https:\/\/www.europesays.com\/fr\/wp-json\/wp\/v2\/posts"}],"about":[{"href":"https:\/\/www.europesays.com\/fr\/wp-json\/wp\/v2\/types\/post"}],"author":[{"embeddable":true,"href":"https:\/\/www.europesays.com\/fr\/wp-json\/wp\/v2\/users\/2"}],"replies":[{"embeddable":true,"href":"https:\/\/www.europesays.com\/fr\/wp-json\/wp\/v2\/comments?post=502781"}],"version-history":[{"count":0,"href":"https:\/\/www.europesays.com\/fr\/wp-json\/wp\/v2\/posts\/502781\/revisions"}],"wp:featuredmedia":[{"embeddable":true,"href":"https:\/\/www.europesays.com\/fr\/wp-json\/wp\/v2\/media\/502782"}],"wp:attachment":[{"href":"https:\/\/www.europesays.com\/fr\/wp-json\/wp\/v2\/media?parent=502781"}],"wp:term":[{"taxonomy":"category","embeddable":true,"href":"https:\/\/www.europesays.com\/fr\/wp-json\/wp\/v2\/categories?post=502781"},{"taxonomy":"post_tag","embeddable":true,"href":"https:\/\/www.europesays.com\/fr\/wp-json\/wp\/v2\/tags?post=502781"}],"curies":[{"name":"wp","href":"https:\/\/api.w.org\/{rel}","templated":true}]}}