{"id":502789,"date":"2025-10-31T18:36:20","date_gmt":"2025-10-31T18:36:20","guid":{"rendered":"https:\/\/www.europesays.com\/fr\/502789\/"},"modified":"2025-10-31T18:36:20","modified_gmt":"2025-10-31T18:36:20","slug":"lile-de-france-croit-au-jeu-video","status":"publish","type":"post","link":"https:\/\/www.europesays.com\/fr\/502789\/","title":{"rendered":"L&rsquo;\u00cele-de-France croit au jeu vid\u00e9o"},"content":{"rendered":"\n<p style=\"margin-bottom: 0cm;\">Depuis 2025, les aides accord\u00e9es par son Fonds d\u2019aide \u00e0 la cr\u00e9ation de jeu vid\u00e9o sont devenues des subventions d\u2019investissement non remboursables\u00a0: cette mesure a entra\u00een\u00e9 une hausse de 30 % des demandes en un an, avec 38 dossiers d\u00e9pos\u00e9s. Cr\u00e9\u00e9 en 2018, ce fonds vise \u00e0 encourager la diversit\u00e9 et \u00e0 consolider l\u2019\u00e9cosyst\u00e8me professionnel du secteur vid\u00e9oludique francilien. Depuis 2019, un programme de mentorat accompagne \u00e9galement les jeunes studios d\u00e9veloppant leur premier jeu. En tout, 72 projets ont \u00e9t\u00e9 soutenus depuis le lancement du dispositif, confirmant le r\u00f4le moteur de la R\u00e9gion dans la cr\u00e9ativit\u00e9 et l\u2019innovation num\u00e9riques.<\/p>\n<p style=\"margin-bottom: 0cm;\">\u00a0<\/p>\n<p lang=\"fr-FR\" style=\"margin-bottom: 0cm; font-weight: normal;\">Nicolas Chacun<\/p>\n<p>!function(f,b,e,v,n,t,s){if(f.fbq)return;n=f.fbq=function(){n.callMethod?<br \/>\nn.callMethod.apply(n,arguments):n.queue.push(arguments)};if(!f._fbq)f._fbq=n;<br \/>\nn.push=n;n.loaded=!0;n.version=&rsquo;2.0&prime;;n.queue=[];t=b.createElement(e);t.async=!0;<br \/>\nt.src=v;s=b.getElementsByTagName(e)[0];s.parentNode.insertBefore(t,s)}(window,<br \/>\ndocument,&rsquo;script&rsquo;,&rsquo;https:\/\/connect.facebook.net\/en_US\/fbevents.js&rsquo;);<br \/>\nfbq(&lsquo;init&rsquo;, &lsquo;278974969201861&rsquo;); \/\/ Insert your pixel ID here.<br \/>\nfbq(&lsquo;track&rsquo;, &lsquo;PageView&rsquo;);<\/p>\n","protected":false},"excerpt":{"rendered":"Depuis 2025, les aides accord\u00e9es par son Fonds d\u2019aide \u00e0 la cr\u00e9ation de jeu vid\u00e9o sont devenues des&hellip;\n","protected":false},"author":2,"featured_media":502790,"comment_status":"","ping_status":"","sticky":false,"template":"","format":"standard","meta":{"footnotes":""},"categories":[1592],"tags":[1111,11,1933,1936,1777,1939,674,1011,27,662,1934,12,1940,626,1935,25,1937,1941,1938],"class_list":{"0":"post-502789","1":"post","2":"type-post","3":"status-publish","4":"format-standard","5":"has-post-thumbnail","7":"category-ile-de-france","8":"tag-actu","9":"tag-actualites","10":"tag-actualites-locales","11":"tag-essonne","12":"tag-eu","13":"tag-eure-et-loir","14":"tag-europe","15":"tag-fr","16":"tag-france","17":"tag-ile-de-france","18":"tag-infos-locales","19":"tag-news","20":"tag-oise","21":"tag-paris","22":"tag-pres-de-chez-vous","23":"tag-republique-francaise","24":"tag-seine-et-marne","25":"tag-somme","26":"tag-yvelines"},"share_on_mastodon":{"url":"https:\/\/pubeurope.com\/@fr\/115470230287497332","error":""},"_links":{"self":[{"href":"https:\/\/www.europesays.com\/fr\/wp-json\/wp\/v2\/posts\/502789","targetHints":{"allow":["GET"]}}],"collection":[{"href":"https:\/\/www.europesays.com\/fr\/wp-json\/wp\/v2\/posts"}],"about":[{"href":"https:\/\/www.europesays.com\/fr\/wp-json\/wp\/v2\/types\/post"}],"author":[{"embeddable":true,"href":"https:\/\/www.europesays.com\/fr\/wp-json\/wp\/v2\/users\/2"}],"replies":[{"embeddable":true,"href":"https:\/\/www.europesays.com\/fr\/wp-json\/wp\/v2\/comments?post=502789"}],"version-history":[{"count":0,"href":"https:\/\/www.europesays.com\/fr\/wp-json\/wp\/v2\/posts\/502789\/revisions"}],"wp:featuredmedia":[{"embeddable":true,"href":"https:\/\/www.europesays.com\/fr\/wp-json\/wp\/v2\/media\/502790"}],"wp:attachment":[{"href":"https:\/\/www.europesays.com\/fr\/wp-json\/wp\/v2\/media?parent=502789"}],"wp:term":[{"taxonomy":"category","embeddable":true,"href":"https:\/\/www.europesays.com\/fr\/wp-json\/wp\/v2\/categories?post=502789"},{"taxonomy":"post_tag","embeddable":true,"href":"https:\/\/www.europesays.com\/fr\/wp-json\/wp\/v2\/tags?post=502789"}],"curies":[{"name":"wp","href":"https:\/\/api.w.org\/{rel}","templated":true}]}}