{"id":502791,"date":"2025-10-31T18:37:14","date_gmt":"2025-10-31T18:37:14","guid":{"rendered":"https:\/\/www.europesays.com\/fr\/502791\/"},"modified":"2025-10-31T18:37:14","modified_gmt":"2025-10-31T18:37:14","slug":"on-a-pu-entrer-dans-le-plus-vieux-et-le-plus-petit-cimetiere-de-paris-quasi-inaccessible-au-public","status":"publish","type":"post","link":"https:\/\/www.europesays.com\/fr\/502791\/","title":{"rendered":"On a pu entrer dans le plus vieux (et le plus petit) cimeti\u00e8re de Paris, quasi inaccessible au public"},"content":{"rendered":"<p>            Par<br \/>\n        <strong><br \/>\n            <a href=\"https:\/\/actu.fr\/auteur\/glenn-gillet\" title=\"Consulter tous les articles de Glenn Gillet\" rel=\"nofollow noopener\" target=\"_blank\">Glenn Gillet<\/a><br \/>\n        <\/strong><\/p>\n<p>        Publi\u00e9 le<\/p>\n<p>            31 oct. 2025 \u00e0 18h51        <\/p>\n<p>\u00ab\u2009Vous avez la chance exceptionnelle d\u2019avoir une visite priv\u00e9e, il y a beaucoup de Parisiens qui vous envient\u2009\u00bb. On croit volontiers Pascal Cassandro. C\u2019est lui qui, en sa qualit\u00e9 de conservateur de plusieurs cimeti\u00e8res de la Ville de Paris, il nous ouvre ce vendredi 31 octobre 2025 la lourde <strong>porte en bronze<\/strong> du sculpteur italien Gismondi, b\u00e9nite par le pape Jean-Paul II, qui donne acc\u00e8s au cimeti\u00e8re du Calvaire, le plus ancien et le plus petit de la capitale, puisqu\u2019il a \u00e9t\u00e9 <strong>cr\u00e9\u00e9 en 1688<\/strong> et mesure seulement <strong>600\u00a0m\u00e8tres carr\u00e9s<\/strong>. Accol\u00e9 \u00e0 l\u2019\u00e9glise Saint-Pierre de <a href=\"https:\/\/actu.fr\/tag\/montmartre\" rel=\"nofollow noopener\" target=\"_blank\">Montmartre<\/a>, entre la basilique du Sacr\u00e9-C\u0153ur et la place du Tertre, cet endroit peu connu, au sein duquel r\u00e8gne un calme absolu qui tranche avec l\u2019agitation touristique des environs, n\u2019est ouvert qu\u2019un \u00e0 deux jours par an\u2009: le 1er\u00a0novembre pour la <a href=\"https:\/\/actu.fr\/normandie\/toussaint_76708\" rel=\"nofollow noopener\" target=\"_blank\">Toussaint<\/a> et parfois une autre date pour le printemps de cimeti\u00e8res, fin mai, ou plus rarement pour les <a href=\"https:\/\/actu.fr\/ile-de-france\/paris_75056\/journees-du-patrimoine-a-paris-l-orient-express-fait-une-escale-exceptionnelle-en-gare-d-austerlitz_63186637.html\" rel=\"nofollow noopener\" target=\"_blank\">journ\u00e9es du Patrimoine<\/a>.<\/p>\n<p>Un cimeti\u00e8re \u00ab\u2009dans son jus depuis plus d\u2019un si\u00e8cle\u2009\u00bb<\/p>\n<p class=\" wall-content\">Le nom du cimeti\u00e8re tire son nom du calvaire qui le jouxte, dans le jardin de l\u2019\u00e9glise. La plupart des <strong>85 tombes<\/strong> pr\u00e9sentes sur les lieux \u00e9tant anciennes et fragiles (certaines sont d\u00e9j\u00e0 en partie bris\u00e9es), le service des cimeti\u00e8res a fait le choix depuis de nombreuses ann\u00e9es de limiter l\u2019acc\u00e8s au public. Les personnes ayant un lien de parent\u00e9 avec les personnes enterr\u00e9es ont toutefois le droit de demander qu\u2019on leur ouvre la porte pour se recueillir sur une tombe ou r\u00e9aliser son nettoyage. L\u2019entretien du reste des lieux consiste principalement en un gros d\u00e9broussaillage avant chaque journ\u00e9e de visites guid\u00e9es et la plupart des tombes restent donc moussues.<\/p>\n<p class=\" wall-content\">Ce samedi 1er novembre 2025, ils seront cinq conf\u00e9renciers \u00e0 un accueil et des visites guid\u00e9es en petit groupe pour les <strong>600 \u00e0 800\u00a0personne<\/strong>s qui devraient venir faire la queue devant l\u2019entr\u00e9e en attendant de pouvoir p\u00e9n\u00e9trer au sein d\u2019\u00ab\u2009un lieu qui surgit du pass\u00e9\u2009\u00bb car il est \u00ab\u2009dans son jus depuis plus d\u2019un si\u00e8cle\u2009\u00bb, d\u00e9crit Jean-Christophe Lucas, conf\u00e9rencier de l\u2019Agence de l\u2019\u00e9cologie urbaine de la Ville de Paris, qui a \u00e9galement fait visiter les lieux \u00e0 actu Paris.<\/p>\n<p>    <img   decoding=\"async\" loading=\"lazy\" src=\"https:\/\/www.europesays.com\/fr\/wp-content\/uploads\/2025\/10\/img-7715-960x640.jpg\" alt=\"La porte en bronze du sculpteur italien Tommaso Gismondi reste ferm\u00e9e la plupart de l'ann\u00e9e et les visiteurs de l'\u00e9glise Saint-Pierre de Montmartre passent souvent devant sans la remarquer.\" width=\"960\" height=\"640\"\/><br \/>\n    La porte en bronze du sculpteur italien Tommaso Gismondi reste ferm\u00e9e la plupart de l\u2019ann\u00e9e et les visiteurs de l\u2019\u00e9glise Saint-Pierre de Montmartre passent souvent devant sans la remarquer. (\u00a9GG\/actu Paris)<\/p>\n<p class=\" wall-content\">Hormis les nombreux passionn\u00e9s de cimeti\u00e8res qui appr\u00e9cient ce lieu per\u00e7u comme \u00ab\u2009myst\u00e9rieux\u2009\u00bb, de nombreux visiteurs viendront gr\u00e2ce \u00e0 <strong>\u00ab\u2009l\u2019effet mouton\u2009\u00bb<\/strong>, comme le surnomme Pascal Cassandro\u2009: \u00ab\u2009Ce sont des touristes qui voient une queue et qui commencent \u00e0 faire la queue m\u00eame s\u2019ils ne savent pas ce qu\u2019ils vont voir. Ils pensent souvent que c\u2019est un acc\u00e8s particulier pour aller au Sacr\u00e9-C\u0153ur\u2009\u00bb.<\/p>\n<p class=\" wall-content\">Jean-Christophe Lucas et ses coll\u00e8gues n\u2019auront ce samedi qu\u2019une quinzaine de minutes par groupe d\u2019une grosse dizaine \u00e0 chaque fois, qu\u2019ils soient taphophiles parfois venus d\u2019autre bout de la France ou simples curieux fl\u00e2nant \u00e0 Montmartre, pour brosser la chronologie d\u2019un cimeti\u00e8re t\u00e9moin et gardien d\u2019une histoire aussi locale que mondiale.<\/p>\n<p>Un cimeti\u00e8re m\u00e9connu comme derni\u00e8re demeure d\u2019illustres d\u00e9funts<\/p>\n<p class=\" wall-content\">Selon les connaissances historiques disponibles \u00e0 l\u2019heure actuelle, le site accueillait a d\u2019abord accueilli une n\u00e9cropole \u00e0 l\u2019\u00e9poque m\u00e9rovingienne (du Ve au VIIIe si\u00e8cles), mais ce n\u2019est qu\u2019en 1688 que le terrain d\u2019origine est c\u00e9d\u00e9 par l\u2019abbesse b\u00e9n\u00e9dictine de Montmartre \u00e0 la paroisse de Saint-Pierre de Montmartre pour devenir cimeti\u00e8re. Neuf ans plus tard, la parcelle est \u00e9tendue pour atteindre la superficie que l\u2019on conna\u00eet aujourd\u2019hui.<\/p>\n<p>Votre r\u00e9gion, votre actu !<\/p>\n<p>Recevez chaque jour les infos qui comptent pour vous.<\/p>\n<p>\t<a href=\"https:\/\/actu.fr\/newsletter\" class=\"ac-btn ac-btn--corner ac-btn--medium ac-btn--blue800\" rel=\"nofollow noopener\" target=\"_blank\">S&rsquo;incrire<\/a><\/p>\n<p class=\" wall-content\">Pendant la R\u00e9volution, le cimeti\u00e8re est ferm\u00e9 et les tombes, comme celles du grand sculpteur <strong>Jean-Baptiste Pigalle<\/strong> (dont le nom a \u00e9t\u00e9 donn\u00e9 \u00e0 une rue puis au quartier parisien), sont prises pour cible et d\u00e9truites\u2009: \u00ab\u2009On peut dire que c\u2019est l\u2019air du temps qui voulait \u00e7a\u2009\u00bb, r\u00e9sume Jean-Christophe Lucas. Le site finit par rouvrir en 1801 et verra alors fleurir des tombes d\u2019aristocrates du temps l\u2019Empire puis de la Restauration, avant que la cr\u00e9ation de nouvelles tombes ne prenne fin en 1823.<\/p>\n<p class=\" wall-content\">Le cimeti\u00e8re du Calvaire accueille \u00ab\u2009proportion in\u00e9gal\u00e9e de personnalit\u00e9s historiques par rapport aux autres cimeti\u00e8res parisiens\u2009\u00bb, avec une quarantaine de personnages ayant eu des r\u00f4les notables, principalement aux XVIIIe et XIXe\u00a0si\u00e8cles, souligne Pascal Cassandro. Le site est ainsi la derni\u00e8re demeure de <strong>F\u00e9lix Desportes<\/strong>, premier maire de Montmartre \u00e9lu en 1790 et par la suite pr\u00e9fet et diplomate, de la <strong>famille Debray<\/strong>, fondatrice du moulin de la Galette et de son c\u00e9l\u00e8bre bal, du c\u0153ur de l\u2019explorateur <strong>Bougainville<\/strong> (son corps est au Panth\u00e9on), premier capitaine de navire fran\u00e7ais \u00e0 faire le tour du monde ou encore de l\u2019<strong>abb\u00e9 Bernier<\/strong>, membre de l\u2019\u00e9tat-major des troupes contre-r\u00e9volutionnaires vend\u00e9ennes puis n\u00e9gociateur du concordat de 1801.<\/p>\n<p>    <img   decoding=\"async\" loading=\"lazy\" src=\"https:\/\/www.europesays.com\/fr\/wp-content\/uploads\/2025\/10\/img-7709-960x640.jpg\" alt=\"Le moulin qui tr\u00f4ne sur la tombe de la famille Debray, fondatrice du moulin de la Galette de Montmartre.\" width=\"960\" height=\"640\"\/><br \/>\n    Le moulin qui tr\u00f4ne sur la tombe de la famille Debray, fondatrice du moulin de la Galette de Montmartre. (\u00a9GG\/actu Paris)<\/p>\n<p class=\" wall-content\">L\u2019ombre de Louis XVI plane aussi sur le cimeti\u00e8re, puisqu\u2019on y retrouve enterr\u00e9 <strong>Mathieu Dumas<\/strong>, le chef des troupes charg\u00e9es de ramener le roi apr\u00e8s sa fuite et son arrestation \u00e0 Varenne en juin 1791, mais aussi un garde qui le prot\u00e8gea de la col\u00e8re populaire lors de la prise du palais des Tuileries le 10 ao\u00fbt 1792. On notera aussi, la pr\u00e9sence d\u2019un tombeau des Galitzine, famille de la noblesse russe dont le descendant contemporain le plus connu n\u2019est autre que l\u2019ancien Premier ministre Gabriel Attal, par sa m\u00e8re.<\/p>\n<p class=\" wall-content\">Le cimeti\u00e8re abrite encore bien <strong>plus d\u2019histoires qu\u2019il ne compte de tombes<\/strong>. D\u2019autant qu\u2019ici, toutes les s\u00e9pultures font l\u2019objet d\u2019une concession \u00e0 perp\u00e9tuit\u00e9 et qu\u2019elles ne sont pas \u00ab\u2009relev\u00e9es\u2009\u00bb, dit-on dans le jargon, c\u2019est-\u00e0-dire qu\u2019on ne retire pas les d\u00e9pouilles des plus anciens ou des moins illustres anc\u00eatres pour faire de la place pour les nouveaux arrivants. Car le Calvaire continue d\u2019accueillir des actes fun\u00e9raires\u2009: la derni\u00e8re inhumation date de 2013 et la derni\u00e8re op\u00e9ration, une exhumation familiale, remonte \u00e0 2016. Et des personnes sollicitent r\u00e9guli\u00e8rement le service des cimeti\u00e8res pour qu\u2019on leur indique si un des leurs a\u00efeux y repose.<\/p>\n<p>Informations pratiques pour le 1er novembre 2025\u2009: acc\u00e8s au cimeti\u00e8re du Calvaire par la place Jean Marais et le parvis de l\u2019\u00e9glise Saint-Pierre de Montmartre. Visites gratuites et sans r\u00e9servation. Ouverture de la porte \u00e0 9h30 et dernier d\u00e9part de visite \u00e0 16h30.<\/p>\n<p class=\" wall-content\">Personnalisez votre actualit\u00e9 en ajoutant vos villes et m\u00e9dias en favori avec <a href=\"https:\/\/moncompte.actu.fr\" title=\"D\u00e9couvez Mon Actu\" rel=\"nofollow noopener\" data-trk=\"{&quot;cta&quot;:{&quot;action&quot;:&quot;https:\\\/\\\/moncompte.actu.fr&quot;,&quot;category&quot;:&quot;mon compte&quot;,&quot;from&quot;:&quot;article footer&quot;,&quot;name&quot;:&quot;Mon actu&quot;,&quot;type&quot;:&quot;cta&quot;}}\" target=\"_blank\">Mon Actu<\/a>.<\/p>\n","protected":false},"excerpt":{"rendered":"Par Glenn Gillet Publi\u00e9 le 31 oct. 2025 \u00e0 18h51 \u00ab\u2009Vous avez la chance exceptionnelle d\u2019avoir une visite&hellip;\n","protected":false},"author":2,"featured_media":502792,"comment_status":"","ping_status":"","sticky":false,"template":"","format":"standard","meta":{"footnotes":""},"categories":[1888],"tags":[1111,1928,11,1927,1777,674,1011,27,58904,2381,7661,12,1926,626,1925,25,10919,62482],"class_list":{"0":"post-502791","1":"post","2":"type-post","3":"status-publish","4":"format-standard","5":"has-post-thumbnail","7":"category-paris","8":"tag-actu","9":"tag-actu-paris","10":"tag-actualites","11":"tag-actualites-paris","12":"tag-eu","13":"tag-europe","14":"tag-fr","15":"tag-france","16":"tag-histoire-patrimoine","17":"tag-mairie-de-paris","18":"tag-montmartre","19":"tag-news","20":"tag-news-paris","21":"tag-paris","22":"tag-paris-news","23":"tag-republique-francaise","24":"tag-toussaint","25":"tag-visite-decouverte"},"share_on_mastodon":{"url":"https:\/\/pubeurope.com\/@fr\/115470235207365009","error":""},"_links":{"self":[{"href":"https:\/\/www.europesays.com\/fr\/wp-json\/wp\/v2\/posts\/502791","targetHints":{"allow":["GET"]}}],"collection":[{"href":"https:\/\/www.europesays.com\/fr\/wp-json\/wp\/v2\/posts"}],"about":[{"href":"https:\/\/www.europesays.com\/fr\/wp-json\/wp\/v2\/types\/post"}],"author":[{"embeddable":true,"href":"https:\/\/www.europesays.com\/fr\/wp-json\/wp\/v2\/users\/2"}],"replies":[{"embeddable":true,"href":"https:\/\/www.europesays.com\/fr\/wp-json\/wp\/v2\/comments?post=502791"}],"version-history":[{"count":0,"href":"https:\/\/www.europesays.com\/fr\/wp-json\/wp\/v2\/posts\/502791\/revisions"}],"wp:featuredmedia":[{"embeddable":true,"href":"https:\/\/www.europesays.com\/fr\/wp-json\/wp\/v2\/media\/502792"}],"wp:attachment":[{"href":"https:\/\/www.europesays.com\/fr\/wp-json\/wp\/v2\/media?parent=502791"}],"wp:term":[{"taxonomy":"category","embeddable":true,"href":"https:\/\/www.europesays.com\/fr\/wp-json\/wp\/v2\/categories?post=502791"},{"taxonomy":"post_tag","embeddable":true,"href":"https:\/\/www.europesays.com\/fr\/wp-json\/wp\/v2\/tags?post=502791"}],"curies":[{"name":"wp","href":"https:\/\/api.w.org\/{rel}","templated":true}]}}