{"id":5028,"date":"2025-04-06T10:28:12","date_gmt":"2025-04-06T10:28:12","guid":{"rendered":"https:\/\/www.europesays.com\/fr\/5028\/"},"modified":"2025-04-06T10:28:12","modified_gmt":"2025-04-06T10:28:12","slug":"en-direct-guerre-en-ukraine-attaque-de-missile-et-explosions-a-kiev","status":"publish","type":"post","link":"https:\/\/www.europesays.com\/fr\/5028\/","title":{"rendered":"EN DIRECT &#8211; Guerre en Ukraine : \u00ab\u00a0Attaque de missile\u00a0\u00bb et \u00ab\u00a0explosions\u00a0\u00bb \u00e0 Kiev"},"content":{"rendered":"<p>Plusieurs personnes ont \u00e9t\u00e9 bless\u00e9es \u00e0 Kiev par une \u00ab\u00a0attaque de missile\u00a0\u00bb, annonce ce dimanche le maire de la capitale ukrainienne Vitali Klitschko.Vendredi, 18 personnes, dont la moiti\u00e9 d&rsquo;enfants, sont morts dans une frappe russe sur Kryvy\u00ef Rig, la ville natale du pr\u00e9sident Volodymyr Zelensky.Suivez les derni\u00e8res informations.<a href=\"https:\/\/www.tf1info.fr\/actualite\/invasion-de-l-ukraine-par-la-russie-une-guerre-qui-dure-12951\/\" rel=\"nofollow noopener\" class=\"jsx-3118104007 Link jsx-1428418400 jsx-554215408\" target=\"_blank\"><\/p>\n<p style=\"font-weight:400\" class=\"jsx-1837267516\">Suivez la couverture compl\u00e8te<\/p>\n<p style=\"font-weight:800\" class=\"jsx-1837267516\">Ukraine : 4\u1d49 ann\u00e9e de guerre<\/p>\n<p><\/a>Les \u00e9l\u00e9ments marquants07:04ATTAQUE DE MISSILES<\/p>\n<p>Trois personnes ont \u00e9t\u00e9 bless\u00e9es \u00e0 Kiev par une \u00ab\u00a0attaque de missile\u00a0\u00bb, a annonc\u00e9 ce dimanche le maire de la capitale ukrainienne Vitali Klitschko. \u00ab\u00a0Explosions dans la capitale. La d\u00e9fense a\u00e9rienne est op\u00e9rationnelle (&#8230;) L&rsquo;attaque de missile sur Kiev se poursuit\u00a0\u00bb, a indiqu\u00e9 l&rsquo;\u00e9dile, pr\u00e9cisant que des \u00e9quipes param\u00e9dicales s&rsquo;\u00e9taient rendues dans au moins trois quartiers de la capitale. Des incendies y ont \u00e9clat\u00e9.<\/p>\n<p>Minute par minute11:58BUREAUX DES CHA\u00ceNES PUBLIQUES UKRAINIENNES<\/p>\n<p>Les bureaux des cha\u00eenes publiques endommag\u00e9s par une frappe \u00e0 Kiev, indiquent les t\u00e9l\u00e9visions ukrainiennes.<\/p>\n<p>11:46&Prime;M\u00c9PRIS SANS BORNE\u00a0\u00bb<\/p>\n<p>L&rsquo;ONU d\u00e9nonce \u00ab\u00a0le m\u00e9pris sans borne pour la vie des civils\u00a0\u00bb de la Russie apr\u00e8s l&rsquo;attaque de Kryvy\u00ef Rig.<\/p>\n<p>11:22AIDE FRAN\u00c7AISE<\/p>\n<p>\u00a0La France a annonc\u00e9 ce dimanche qu&rsquo;elle allait \u00ab\u00a0recentrer ses efforts\u00a0\u00bb de l&rsquo;aide publique au d\u00e9veloppement \u00ab\u00a0l\u00e0 o\u00f9 les besoins sont les plus importants et les plus urgents\u00a0\u00bb. \u00ab\u00a0En raison du soutien massif dont elle a besoin et de la menace directe qui p\u00e8se sur l&rsquo;Europe, la France r\u00e9affirme que l&rsquo;Ukraine est consid\u00e9r\u00e9e comme prioritaire\u00a0\u00bb, pr\u00e9cise l&rsquo;\u00c9lys\u00e9e.<\/p>\n<p>09:02EN IMAGES<\/p>\n<p>Au moins trois personnes ont \u00e9t\u00e9 bless\u00e9es \u00e0 Kiev par une \u00ab\u00a0attaque de missile\u00a0\u00bb, selon les autorit\u00e9s.<\/p>\n<p>Guerre en Ukraine : la ville de Kiev cibl\u00e9e par une attaque de missilesSource : TF1 Info<\/p>\n<p><img decoding=\"async\" src=\"https:\/\/www.europesays.com\/fr\/wp-content\/uploads\/2025\/04\/guerre-en-ukraine-la-ville-de-kiev-ciblee-par-une-attaque-de-missiles-cff4d9-0@1x.jpeg\" alt=\"Guerre en Ukraine : la ville de Kiev cibl\u00e9e par une attaque de missiles\" loading=\"lazy\" importance=\"low\" fetchpriority=\"low\" class=\"\"\/><img decoding=\"async\" src=\"https:\/\/www.europesays.com\/fr\/wp-content\/uploads\/2025\/04\/player-logo-play.svg.svg+xml\" alt=\"Logo lecture\" class=\"jsx-d0de44c05fe3042c PlayerLazyload__Play\"\/>07:20DRONES<\/p>\n<p>Le minist\u00e8re russe de la D\u00e9fense affirme avoir intercept\u00e9 et d\u00e9truit 11 drones ukrainiens.<\/p>\n<p>07:17FIN DES ALERTES<\/p>\n<p>Les alertes \u00e9mises pour les r\u00e9gions de Kharkiv, Mykola\u00efv et Odessa par la d\u00e9fense anti-a\u00e9rienne ukrainienne sont toutes lev\u00e9es.<\/p>\n<p>07:14CONTINGENT EUROP\u00c9EN<\/p>\n<p>Le pr\u00e9sident ukrainien Volodymyr Zelensky a salu\u00e9 samedi soir des \u00ab\u00a0progr\u00e8s tangibles\u00a0\u00bb et de \u00ab\u00a0premiers d\u00e9tails\u00a0\u00bb concernant le d\u00e9ploiement d&rsquo;un contingent europ\u00e9en sur le sol ukrainien en cas de cessez-le-feu, au lendemain de la venue des chefs d&rsquo;\u00e9tat-major des arm\u00e9es fran\u00e7aises et britanniques \u00e0 Kiev.<\/p>\n<p>\u00ab\u00a0Il y a des progr\u00e8s tangibles et de premiers d\u00e9tails au sujet de la mani\u00e8re dont un contingent de s\u00e9curit\u00e9 partenaire pourrait \u00eatre d\u00e9ploy\u00e9\u00a0\u00bb, s&rsquo;est f\u00e9licit\u00e9 Volodymyr Zelensky, sans plus de d\u00e9tails.<\/p>\n<p>07:07ALERTES A\u00c9RIENNES<\/p>\n<p>La d\u00e9fense anti-a\u00e9rienne ukrainienne a fait \u00e9tat d&rsquo;alertes \u00e9mises pour les r\u00e9gions de Kharkiv, Mykola\u00efv et Odessa et de \u00ab\u00a0missiles qui ont p\u00e9n\u00e9tr\u00e9 par le nord dans la r\u00e9gion de Tcherniguiv et qui se dirigent vers le sud\u00a0\u00bb.<\/p>\n<p>En r\u00e9action, le commandement des forces arm\u00e9es de la Pologne a annonc\u00e9 qu&rsquo;en raison de \u00ab\u00a0l&rsquo;intensit\u00e9 de l&rsquo;activit\u00e9 de l&rsquo;aviation de la F\u00e9d\u00e9ration de Russie, frappant des cibles dans l&rsquo;ouest de l&rsquo;Ukraine, les aviations polonaise et alli\u00e9es avaient d\u00e9but\u00e9 des op\u00e9rations dans l&rsquo;espace a\u00e9rien\u00a0\u00bb polonais.<\/p>\n<p>07:04ATTAQUE DE MISSILES<\/p>\n<p>Trois personnes ont \u00e9t\u00e9 bless\u00e9es \u00e0 Kiev par une \u00ab\u00a0attaque de missile\u00a0\u00bb, a annonc\u00e9 ce dimanche le maire de la capitale ukrainienne Vitali Klitschko. \u00ab\u00a0Explosions dans la capitale. La d\u00e9fense a\u00e9rienne est op\u00e9rationnelle (&#8230;) L&rsquo;attaque de missile sur Kiev se poursuit\u00a0\u00bb, a indiqu\u00e9 l&rsquo;\u00e9dile, pr\u00e9cisant que des \u00e9quipes param\u00e9dicales s&rsquo;\u00e9taient rendues dans au moins trois quartiers de la capitale. Des incendies y ont \u00e9clat\u00e9.<\/p>\n<p>07:01<\/p>\n<p>Bonjour et bienvenue sur TF1info pour suivre l&rsquo;actualit\u00e9 autour de la guerre en Ukraine en ce dimanche 6 avril 2025.<\/p>\n<p data-module=\"article-paragraph\" class=\"jsx-362436225 Paragraph\">Le pr\u00e9sident ukrainien Volodymyr Zelensky a d\u00e9nonc\u00e9 samedi la \u00ab\u00a0faible\u00a0\u00bb r\u00e9action de l&rsquo;ambassade am\u00e9ricaine en Ukraine \u00e0 <a href=\"https:\/\/www.tf1info.fr\/international\/direct-guerre-en-ukraine-russie-zelensky-poutine-au-moins-18-morts-dans-le-centre-du-pays-apres-une-frappe-russe-kryvyi-rig-les-dernieres-informations-du-5-avril-2025-2363412.html\" rel=\"nofollow noopener\" target=\"_blank\">une frappe ayant tu\u00e9 19 personnes<\/a> dont neuf enfants la veille \u00e0 Kryvy\u00ef Rig, lui reprochant d&rsquo;avoir \u00ab\u00a0peur\u00a0\u00bb de mettre en cause la Russie.<\/p>\n<p data-module=\"article-paragraph\" class=\"jsx-362436225 Paragraph Paragraph__End\">Cette attaque de missile russe a frapp\u00e9 vendredi un quartier r\u00e9sidentiel pr\u00e8s d&rsquo;une aire de jeux pour enfants de cette ville du centre de l&rsquo;Ukraine, selon les autorit\u00e9s locales. Soixante-douze personnes ont \u00e9t\u00e9 bless\u00e9es, dont 12 enfants, a d\u00e9clar\u00e9 le gouverneur de la r\u00e9gion Dnipropetrovsk, Sergiy Lysak. Les autorit\u00e9s de la ville ont d\u00e9clar\u00e9 trois jours de deuil.<\/p>\n<p data-module=\"article-paragraph\" class=\"jsx-362436225 Paragraph\">L&rsquo;ambassadrice am\u00e9ricaine en Ukraine, Bridget Brink, s&rsquo;\u00e9tait dite vendredi soir \u00ab\u00a0horrifi\u00e9e\u00a0\u00bb par cette \u00ab\u00a0frappe de missile balistique\u00a0\u00bb, sans en mentionner dans un premier temps la provenance. \u00ab\u00a0Malheureusement, la r\u00e9action de l&rsquo;ambassade am\u00e9ricaine est d\u00e9sagr\u00e9ablement \u00e9tonnante: un pays et un peuple si forts, et une r\u00e9action si faible\u00a0\u00bb, a critiqu\u00e9 samedi Volodymyr Zelensky, natif de Kryvy\u00ef Rig. \u00ab\u00a0Ils ont m\u00eame peur de prononcer le mot &lsquo;russe&rsquo; en parlant du missile qui a tu\u00e9 les enfants\u00a0\u00bb, a-t-il ajout\u00e9 sur les r\u00e9seaux sociaux.<\/p>\n<p data-module=\"article-paragraph\" class=\"jsx-362436225 Paragraph Paragraph__End\">Samedi, apr\u00e8s ces critiques, Mme Brink a \u00e9voqu\u00e9 les \u00ab\u00a0attaques russes\u00a0\u00bb lors d&rsquo;une visite \u00e0 Kharkiv (nord-est de l&rsquo;Ukraine).<\/p>\n<ul class=\"jsx-658110588 ReadMoreArticle__List flex flex-column\">\n<li class=\"jsx-658110588\"><a href=\"https:\/\/www.tf1info.fr\/international\/video-lci-sur-le-terrain-guerre-en-ukraine-russie-kharkiv-sous-le-feu-incessant-des-bombes-2363065.html\" rel=\"nofollow noopener\" class=\"jsx-4233824444 Link flex\" target=\"_blank\"><img decoding=\"async\" src=\"https:\/\/www.europesays.com\/fr\/wp-content\/uploads\/2025\/04\/lci-sur-le-terrain-guerre-en-ukraine-russie-kharkiv-sous-pression-incessante-des-bombes-7a888c-0@1x..jpeg\" alt=\"Lire aussi\" loading=\"lazy\" importance=\"low\" fetchpriority=\"low\" class=\"\" copyright=\"Capture vid\u00e9o LCI\"\/>\n<p class=\"jsx-658110588 ReadMoreArticle__Title\">Lire aussi<\/p>\n<p class=\"jsx-658110588\">LCI SUR LE TERRAIN &#8211; Guerre en Ukraine : Kharkiv sous le feu incessant des bombes<\/p>\n<p><\/a><\/li>\n<\/ul>\n<p data-module=\"article-paragraph\" class=\"jsx-362436225 Paragraph Paragraph__End\">Il est rare que Volodymyr Zelensky adopte publiquement un tel ton en \u00e9voquant ses alli\u00e9s. Le pr\u00e9sident ukrainien avait repris une autre partie du communiqu\u00e9 de Mme Brink, pour qui ce type de frappes est la raison pour laquelle la guerre devait se terminer. \u00ab\u00a0La guerre doit cesser. Mais pour y parvenir, nous ne devons pas avoir peur d&rsquo;appeler un chat un chat\u00a0\u00bb, a r\u00e9torqu\u00e9 M. Zelensky.<\/p>\n<p>La r\u00e9daction de TF1info<\/p>\n","protected":false},"excerpt":{"rendered":"Plusieurs personnes ont \u00e9t\u00e9 bless\u00e9es \u00e0 Kiev par une \u00ab\u00a0attaque de missile\u00a0\u00bb, annonce ce dimanche le maire de&hellip;\n","protected":false},"author":2,"featured_media":5029,"comment_status":"","ping_status":"","sticky":false,"template":"","format":"standard","meta":{"footnotes":""},"categories":[1591],"tags":[1111,11,1921,75,1887,27,1918,1922,1916,12,1885,1886,132,220,1917,133,1920,135,134],"class_list":{"0":"post-5028","1":"post","2":"type-post","3":"status-publish","4":"format-standard","5":"has-post-thumbnail","7":"category-russie","8":"tag-actu","9":"tag-actualites","10":"tag-article-video","11":"tag-donald-trump","12":"tag-federation-de-russie","13":"tag-france","14":"tag-guerre-en-ukraine-une-treve-en-negociation","15":"tag-info","16":"tag-moscou","17":"tag-news","18":"tag-russia","19":"tag-russian-federation","20":"tag-russie","21":"tag-ukraine","22":"tag-ukraine-4-annee-de-guerre","23":"tag-video","24":"tag-video-international","25":"tag-vladimir-poutine","26":"tag-volodymyr-zelensky"},"share_on_mastodon":{"url":"https:\/\/pubeurope.com\/@fr\/114290550582185470","error":""},"_links":{"self":[{"href":"https:\/\/www.europesays.com\/fr\/wp-json\/wp\/v2\/posts\/5028","targetHints":{"allow":["GET"]}}],"collection":[{"href":"https:\/\/www.europesays.com\/fr\/wp-json\/wp\/v2\/posts"}],"about":[{"href":"https:\/\/www.europesays.com\/fr\/wp-json\/wp\/v2\/types\/post"}],"author":[{"embeddable":true,"href":"https:\/\/www.europesays.com\/fr\/wp-json\/wp\/v2\/users\/2"}],"replies":[{"embeddable":true,"href":"https:\/\/www.europesays.com\/fr\/wp-json\/wp\/v2\/comments?post=5028"}],"version-history":[{"count":0,"href":"https:\/\/www.europesays.com\/fr\/wp-json\/wp\/v2\/posts\/5028\/revisions"}],"wp:featuredmedia":[{"embeddable":true,"href":"https:\/\/www.europesays.com\/fr\/wp-json\/wp\/v2\/media\/5029"}],"wp:attachment":[{"href":"https:\/\/www.europesays.com\/fr\/wp-json\/wp\/v2\/media?parent=5028"}],"wp:term":[{"taxonomy":"category","embeddable":true,"href":"https:\/\/www.europesays.com\/fr\/wp-json\/wp\/v2\/categories?post=5028"},{"taxonomy":"post_tag","embeddable":true,"href":"https:\/\/www.europesays.com\/fr\/wp-json\/wp\/v2\/tags?post=5028"}],"curies":[{"name":"wp","href":"https:\/\/api.w.org\/{rel}","templated":true}]}}