{"id":502805,"date":"2025-10-31T18:44:17","date_gmt":"2025-10-31T18:44:17","guid":{"rendered":"https:\/\/www.europesays.com\/fr\/502805\/"},"modified":"2025-10-31T18:44:17","modified_gmt":"2025-10-31T18:44:17","slug":"spectacles-itinerants-parc-au-royaume-uni-et-magie-de-noel-angers-info","status":"publish","type":"post","link":"https:\/\/www.europesays.com\/fr\/502805\/","title":{"rendered":"spectacles itin\u00e9rants, parc au Royaume-Uni et magie de No\u00ebl \u2013 Angers Info"},"content":{"rendered":"<p><img fetchpriority=\"high\" decoding=\"async\" width=\"1024\" height=\"768\" src=\"https:\/\/www.europesays.com\/fr\/wp-content\/uploads\/2025\/10\/569331226_18541806853035506_2233937359865212029_n-1024x768.jpg\" alt=\"\" class=\"wp-image-172715\"  \/>Cr\u00e9dit Angers Info. Nicolas de Villiers d\u00e9voile les grands projets du Puy du Fou : tourn\u00e9es nationales, parc au Royaume-Uni et spectacles f\u00e9\u00e9riques \u00e0 venir.<\/p>\n<p><strong>Le Puy du Fou continue de surprendre et d\u2019innover. Le parc vend\u00e9en, r\u00e9cemment couronn\u00e9 \u201cMeilleur Parc du Monde\u201d, a annonc\u00e9 plusieurs projets majeurs lors de sa conf\u00e9rence annuelle, confirmant son r\u00f4le de r\u00e9f\u00e9rence dans le secteur du loisir et du spectacle.<\/strong><\/p>\n<p><strong>Une tourn\u00e9e nationale pour \u201cMousquetaire\u201d<\/strong><\/p>\n<p>En novembre 2027, le Puy du Fou partira \u00e0 la rencontre du public fran\u00e7ais avec le spectacle \u201cMousquetaire\u201d, qui d\u00e9butera par une premi\u00e8re \u00e0 Paris avant de sillonner les Z\u00e9niths de l\u2019Hexagone pour une cinquantaine de repr\u00e9sentations. Cette initiative marque une nouvelle \u00e9tape pour le parc, qui transpose son exp\u00e9rience immersive hors de Vend\u00e9e, \u00e0 travers des productions itin\u00e9rantes de grande envergure.<\/p>\n<p>Par ailleurs, le projet ambitieux du spectacle sur rail avec un train luxueux se pr\u00e9cise. Nicolas de Villiers, pr\u00e9sident du Puy du Fou, a confirm\u00e9 que les travaux avancent et que la voie est trac\u00e9e pour offrir prochainement une exp\u00e9rience unique \u00e0 bord de ce spectacle itin\u00e9rant.<\/p>\n<p><strong>Cap sur le Royaume-Uni<\/strong><\/p>\n<p>Le d\u00e9veloppement du Puy du Fou ne se limite pas \u00e0 la France. Un troisi\u00e8me parc est en projet au Royaume-Uni, avec une ouverture envisag\u00e9e en 2029. Ce projet ambitieux repr\u00e9sente un investissement colossal de 700 millions d\u2019euros, visant \u00e0 exporter l\u2019excellence du savoir-faire vend\u00e9en outre-Manche et \u00e0 s\u00e9duire un nouveau public international.<\/p>\n<p><strong>Une saison record en 2025<\/strong><\/p>\n<p>Le parc a cl\u00f4tur\u00e9 sa saison 2025 sur des chiffres historiques : 3 millions de visiteurs ont v\u00e9cu l\u2019exp\u00e9rience Puy du Fou, confirmant son attractivit\u00e9 et son statut d\u2019ic\u00f4ne du tourisme et des loisirs. Ce succ\u00e8s t\u00e9moigne de la capacit\u00e9 du parc \u00e0 renouveler sans cesse ses spectacles et ses innovations pour captiver le public du monde entier.<\/p>\n<p><strong>No\u00ebl au Puy du Fou en 2026<\/strong><\/p>\n<p>Enfin, le parc pr\u00e9pare la magie de No\u00ebl 2026, du 18 d\u00e9cembre 2026 au 3 janvier 2027. Les visiteurs pourront plonger dans un univers f\u00e9erique avec villages illumin\u00e9s, milliers de sapins g\u00e9ants, senteurs de marrons grill\u00e9s et spectacles embl\u00e9matiques revisit\u00e9s, pour c\u00e9l\u00e9brer la fin d\u2019ann\u00e9e dans une ambiance unique.<\/p>\n","protected":false},"excerpt":{"rendered":"Cr\u00e9dit Angers Info. Nicolas de Villiers d\u00e9voile les grands projets du Puy du Fou : tourn\u00e9es nationales, parc&hellip;\n","protected":false},"author":2,"featured_media":502806,"comment_status":"","ping_status":"","sticky":false,"template":"","format":"standard","meta":{"footnotes":""},"categories":[1588],"tags":[11,1777,674,12,23061,473,1853,1851,1850,1852,2546],"class_list":{"0":"post-502805","1":"post","2":"type-post","3":"status-publish","4":"format-standard","5":"has-post-thumbnail","7":"category-royaume-uni","8":"tag-actualites","9":"tag-eu","10":"tag-europe","11":"tag-news","12":"tag-puy-du-fou","13":"tag-royaume-uni","14":"tag-royaume-uni-de-grande-bretagne-et-dirlande-du-nord","15":"tag-uk","16":"tag-united-kingdom","17":"tag-united-kingdom-of-great-britain-and-northern-ireland","18":"tag-vendee"},"share_on_mastodon":{"url":"https:\/\/pubeurope.com\/@fr\/115470262715334793","error":""},"_links":{"self":[{"href":"https:\/\/www.europesays.com\/fr\/wp-json\/wp\/v2\/posts\/502805","targetHints":{"allow":["GET"]}}],"collection":[{"href":"https:\/\/www.europesays.com\/fr\/wp-json\/wp\/v2\/posts"}],"about":[{"href":"https:\/\/www.europesays.com\/fr\/wp-json\/wp\/v2\/types\/post"}],"author":[{"embeddable":true,"href":"https:\/\/www.europesays.com\/fr\/wp-json\/wp\/v2\/users\/2"}],"replies":[{"embeddable":true,"href":"https:\/\/www.europesays.com\/fr\/wp-json\/wp\/v2\/comments?post=502805"}],"version-history":[{"count":0,"href":"https:\/\/www.europesays.com\/fr\/wp-json\/wp\/v2\/posts\/502805\/revisions"}],"wp:featuredmedia":[{"embeddable":true,"href":"https:\/\/www.europesays.com\/fr\/wp-json\/wp\/v2\/media\/502806"}],"wp:attachment":[{"href":"https:\/\/www.europesays.com\/fr\/wp-json\/wp\/v2\/media?parent=502805"}],"wp:term":[{"taxonomy":"category","embeddable":true,"href":"https:\/\/www.europesays.com\/fr\/wp-json\/wp\/v2\/categories?post=502805"},{"taxonomy":"post_tag","embeddable":true,"href":"https:\/\/www.europesays.com\/fr\/wp-json\/wp\/v2\/tags?post=502805"}],"curies":[{"name":"wp","href":"https:\/\/api.w.org\/{rel}","templated":true}]}}