{"id":502811,"date":"2025-10-31T18:47:12","date_gmt":"2025-10-31T18:47:12","guid":{"rendered":"https:\/\/www.europesays.com\/fr\/502811\/"},"modified":"2025-10-31T18:47:12","modified_gmt":"2025-10-31T18:47:12","slug":"la-commission-europeenne-va-creer-un-co","status":"publish","type":"post","link":"https:\/\/www.europesays.com\/fr\/502811\/","title":{"rendered":"la Commission europ\u00e9enne va cr\u00e9er un co &#8230;"},"content":{"rendered":"<p>La Commission europ\u00e9enne <a href=\"https:\/\/digital-strategy.ec.europa.eu\/fr\/news\/commission-launch-digital-commons-edic-support-sovereign-european-digital-infrastructure-and\" target=\"_blank\" rel=\"noopener\">annonce<\/a> avoir adopt\u00e9 le 29 octobre \u00abune d\u00e9cision \u00e9tablissant le consortium pour une infrastructure num\u00e9rique europ\u00e9enne commune num\u00e9rique [European Digital Infrastructure Consortium ou DC-EDIC en anglais], un nouvel instrument permettant aux \u00c9tats membres de d\u00e9velopper, de d\u00e9ployer et d\u2019exploiter conjointement des infrastructures num\u00e9riques transfronti\u00e8res dot\u00e9es d\u2019une gouvernance\u00a0 et d\u2019une personnalit\u00e9 juridique sp\u00e9cifiques\u00bb.<\/p>\n<p>   Faciliter l\u2019acc\u00e8s au financement <\/p>\n<p>Ce consortium aura son si\u00e8ge \u00e0 Paris. La France, l&rsquo;Allemagne, les Pays-Bas et l&rsquo;Italie en sont les membres fondateurs, les autres \u00c9tats membres pouvant adh\u00e9rer \u00e0 tout moment. L\u2019objectif affich\u00e9 est une r\u00e9duction de la d\u00e9pendance de l\u2019Union europ\u00e9enne \u00ab\u00e0 l\u2019\u00e9gard des infrastructures et technologies num\u00e9riques import\u00e9es\u00bb, qui \u00ab cr\u00e9e des vuln\u00e9rabilit\u00e9s pour son \u00e9conomie et sa d\u00e9mocratie. L&rsquo;une des priorit\u00e9s strat\u00e9giques de l&rsquo;Europe est donc de renforcer les alternatives ouvertes, interop\u00e9rables et souveraines.<\/p>\n<p>La mission du DC-EDIC est de mettre en \u0153uvre un projet multinational sur les biens communs num\u00e9riques dans les domaines de l\u2019infrastructure et des services de donn\u00e9es communs europ\u00e9ens et de l\u2019administration publique connect\u00e9e. Elle mettra en commun les ressources des \u00c9tats membres et assurera la coordination avec les communaut\u00e9s afin de d\u00e9velopper, de maintenir et d\u2019\u00e9tendre les biens communs num\u00e9riques et de faciliter leur adoption.\u00bb<\/p>\n<p>Parmi les actions annonc\u00e9es, le consortium devra \u00abfaciliter l\u2019acc\u00e8s au financement, notamment par l\u2019interm\u00e9diaire d\u2019un guichet unique physique et en ligne et d\u2019un p\u00f4le d\u2019expertise\u00bb.<\/p>\n<p> IA, cloud, suites collaboratives, r\u00e9seaux sociaux&#8230; <\/p>\n<p>Dans son propre <a href=\"https:\/\/www.numerique.gouv.fr\/sinformer\/espace-presse\/edic-un-consortium-pour-les-communs-numeriques\/\" target=\"_blank\" rel=\"noopener\">communiqu\u00e9<\/a>, la Direction interminist\u00e9rielle du num\u00e9rique (Dinum) pr\u00e9cise que le consortium a pour objectifs de:<\/p>\n<p>\u2022 \u00abproposer des alternatives ouvertes dans des domaines cl\u00e9s comme l\u2019intelligence artificielle, le cloud, les suites collaboratives, la cybers\u00e9curit\u00e9, la g\u00e9omatique ou les r\u00e9seaux sociaux;<br \/>\u2022 renforcer l\u2019\u00e9cosyst\u00e8me europ\u00e9en en mobilisant les communaut\u00e9s techniques, acad\u00e9miques, publiques et priv\u00e9es;<br \/>\u2022 mettre en place un m\u00e9canisme de financement durable pour soutenir la production, la maintenance et la diffusion de ces communs \u00e0 l\u2019\u00e9chelle europ\u00e9enne;<br \/>\u2022 encourager leur adoption par les administrations, les entreprises et les citoyens.\u00bb<\/p>\n<p> Par d\u00e9faut sous licence libre <\/p>\n<p>La Commission indique que \u00abpour maximiser la r\u00e9utilisation et la transparence, tout logiciel d\u00e9velopp\u00e9 conjointement est par d\u00e9faut publi\u00e9 sous licence libre et open source. Les march\u00e9s publics respecteront les principes de non-discrimination et la politique en mati\u00e8re de donn\u00e9es imposera des pratiques conformes au RGPD, y compris des dispositions pour enqu\u00eater sur les atteintes \u00e0 la s\u00e9curit\u00e9.<\/p>\n<p>Les prochaines \u00e9tapes pr\u00e9vues comprennent le recrutement officiel du directeur et de l&rsquo;\u00e9quipe fondatrice, et le lancement d&rsquo;un projet de soutien au DEP [le Programme Europe num\u00e9rique, un fonds de l\u2019UE cr\u00e9\u00e9 en 2021]. D\u2019ici \u00e0 2027, DC-EDIC mettra en place un guichet unique et un p\u00f4le d\u2019expertise, ainsi qu\u2019un forum et un prix sur les communs num\u00e9riques et un rapport annuel sur l\u2019\u00e9tat des communs num\u00e9riques.\u00bb<\/p>\n<p>Ce consortium devrait \u00eatre officiellement lanc\u00e9 le 11 d\u00e9cembre 2025 \u00e0 La Haye, annonce la Dinum.<\/p>\n<p>Le Programme Europe num\u00e9rique <a href=\"https:\/\/digital-strategy.ec.europa.eu\/en\/activities\/digital-programme\" target=\"_blank\" rel=\"noopener\">indique<\/a> qu\u2019il \u00abfournit un financement strat\u00e9gique pour relever ces d\u00e9fis [les capacit\u00e9s num\u00e9riques et la cybers\u00e9curit\u00e9 de l\u2019UE], en soutenant des projets dans des domaines de comp\u00e9tences cl\u00e9s tels que le calcul haute performance, l&rsquo;intelligence artificielle, la cybers\u00e9curit\u00e9, les comp\u00e9tences num\u00e9riques avanc\u00e9es et en veillant \u00e0 la large diffusion des technologies num\u00e9riques dans l&rsquo;\u00e9conomie et la soci\u00e9t\u00e9.<\/p>\n<p>Il accompagne l&rsquo;industrie, les petites et moyennes entreprises (PME) et l&rsquo;administration publique dans leur transformation num\u00e9rique gr\u00e2ce \u00e0 un r\u00e9seau renforc\u00e9 de p\u00f4les europ\u00e9ens d&rsquo;innovation num\u00e9rique (PEI).\u00bb<\/p>\n<p> Lire aussi <\/p>\n<p><a href=\"https:\/\/www.zdnet.fr\/actualites\/le-ministere-autrichien-de-leconomie-migre-vers-nextcloud-le-mouvement-pour-la-souverainete-numerique-prend-de-lampleur-484299.htm\" target=\"_blank\" rel=\"noopener\">Le minist\u00e8re autrichien de l&rsquo;\u00e9conomie migre vers Nextcloud, le mouvement pour la souverainet\u00e9 num\u00e9rique prend de l&rsquo;ampleur<\/a> &#8211; 31 octobre 2025<\/p>\n<p><a href=\"https:\/\/www.zdnet.fr\/actualites\/la-france-lance-un-observatoire-de-la-souverainete-numerique-412281.htm\" target=\"_blank\" rel=\"noopener\">La France lance un observatoire de la souverainet\u00e9 num\u00e9rique<\/a> &#8211; 17 avril 2025<\/p>\n<p><a href=\"https:\/\/www.zdnet.fr\/blogs\/l-esprit-libre\/les-logiciels-libres-un-instrument-pour-restaurer-une-souverainete-numerique-de-l-europe-39882121.htm\" target=\"_blank\" rel=\"noopener\">Les logiciels libres, un instrument pour restaurer une souverainet\u00e9 num\u00e9rique de l\u2019Europe<\/a> &#8211; 17 mars 2019<\/p>\n","protected":false},"excerpt":{"rendered":"La Commission europ\u00e9enne annonce avoir adopt\u00e9 le 29 octobre \u00abune d\u00e9cision \u00e9tablissant le consortium pour une infrastructure num\u00e9rique&hellip;\n","protected":false},"author":2,"featured_media":502812,"comment_status":"","ping_status":"","sticky":false,"template":"","format":"standard","meta":{"footnotes":""},"categories":[1586],"tags":[11,1777,674,1779,1011,27,7866,12,7867,25,10532,1778,364],"class_list":{"0":"post-502811","1":"post","2":"type-post","3":"status-publish","4":"format-standard","5":"has-post-thumbnail","7":"category-europe","8":"tag-actualites","9":"tag-eu","10":"tag-europe","11":"tag-european-union","12":"tag-fr","13":"tag-france","14":"tag-logiciel-libre","15":"tag-news","16":"tag-open-source","17":"tag-republique-francaise","18":"tag-souverainete","19":"tag-ue","20":"tag-union-europeenne"},"share_on_mastodon":{"url":"https:\/\/pubeurope.com\/@fr\/115470273549340362","error":""},"_links":{"self":[{"href":"https:\/\/www.europesays.com\/fr\/wp-json\/wp\/v2\/posts\/502811","targetHints":{"allow":["GET"]}}],"collection":[{"href":"https:\/\/www.europesays.com\/fr\/wp-json\/wp\/v2\/posts"}],"about":[{"href":"https:\/\/www.europesays.com\/fr\/wp-json\/wp\/v2\/types\/post"}],"author":[{"embeddable":true,"href":"https:\/\/www.europesays.com\/fr\/wp-json\/wp\/v2\/users\/2"}],"replies":[{"embeddable":true,"href":"https:\/\/www.europesays.com\/fr\/wp-json\/wp\/v2\/comments?post=502811"}],"version-history":[{"count":0,"href":"https:\/\/www.europesays.com\/fr\/wp-json\/wp\/v2\/posts\/502811\/revisions"}],"wp:featuredmedia":[{"embeddable":true,"href":"https:\/\/www.europesays.com\/fr\/wp-json\/wp\/v2\/media\/502812"}],"wp:attachment":[{"href":"https:\/\/www.europesays.com\/fr\/wp-json\/wp\/v2\/media?parent=502811"}],"wp:term":[{"taxonomy":"category","embeddable":true,"href":"https:\/\/www.europesays.com\/fr\/wp-json\/wp\/v2\/categories?post=502811"},{"taxonomy":"post_tag","embeddable":true,"href":"https:\/\/www.europesays.com\/fr\/wp-json\/wp\/v2\/tags?post=502811"}],"curies":[{"name":"wp","href":"https:\/\/api.w.org\/{rel}","templated":true}]}}