{"id":502817,"date":"2025-10-31T18:50:17","date_gmt":"2025-10-31T18:50:17","guid":{"rendered":"https:\/\/www.europesays.com\/fr\/502817\/"},"modified":"2025-10-31T18:50:17","modified_gmt":"2025-10-31T18:50:17","slug":"la-france-comme-un-avion-sans-ailes","status":"publish","type":"post","link":"https:\/\/www.europesays.com\/fr\/502817\/","title":{"rendered":"\u00abLa France, comme un avion sans ailes\u00bb"},"content":{"rendered":"<p>\n    Fiscalit\u00e9, amendement sur les holdings, taxe Zucman&#8230; \u00c0 l\u2019Assembl\u00e9e nationale, la confusion est totale, le spectacle, pitoyable.<\/p>\n<p class=\"fig-paragraph\">La\u00a0<a href=\"http:\/\/www.lefigaro.fr\/politique\/dossier\/taxe-zucman-sur-le-patrimoine-des-grandes-fortunes-notre-dossier-pour-tout-comprendre\" data-fig-type=\"Topic\" data-gtm-custom-categorie=\"navigation\" data-gtm-custom-action=\"crossclick\" data-gtm-custom-label=\"Contextuel\" data-gtm-event=\"customEventSPE\" data-fig-domain=\"LEFIGARO\" target=\"_blank\" rel=\"noopener\">taxe Zucman<\/a>, 100\u200a% mati\u00e8re grasse ou en version all\u00e9g\u00e9e, a donc \u00e9t\u00e9 rejet\u00e9e. Mais, en France, une horreur fiscale en cache toujours une autre. Retour de l\u2019ISF,\u00a0<a href=\"http:\/\/www.lefigaro.fr\/conjoncture\/budget-2026-l-assemblee-vote-une-taxe-sur-les-holdings-limitee-dans-sa-portee-par-la-droite-20251031\" data-fig-type=\"NewsFlash\" data-gtm-custom-categorie=\"navigation\" data-gtm-custom-action=\"crossclick\" data-gtm-custom-label=\"Contextuel\" data-gtm-event=\"customEventSPE\" data-fig-domain=\"LEFIGARO\" target=\"_blank\" rel=\"noopener\">amendement sur les holdings<\/a>, contribution\u00a0X, pr\u00e9l\u00e8vement\u00a0Y\u2026 Les projets confiscatoires tombent comme \u00e0 Gravelotte. Drogu\u00e9e \u00e0 l\u2019imp\u00f4t de longue date, la France continue \u00e0 entretenir son \u00ab\u200aintaxication\u00a0\u00bb fiscale. D\u2019un c\u00f4t\u00e9, le Parti socialiste, qui ne souhaite pas passer pour un social-tra\u00eetre aux yeux du reste de la gauche. Il veut, \u00e0 tout prix, arracher sa victoire en faisant cracher les riches, les h\u00e9ritiers, les hauts patrimoines. Des noms sont jet\u00e9s en p\u00e2ture, accus\u00e9s d\u2019un patriotisme douteux\u00a0: ils sont les \u00e9ternels boucs \u00e9missaires de nos insuffisances nationales et des dysfonctionnements de notre \u00c9tat-providence. De l\u2019autre c\u00f4t\u00e9, un bloc central brinquebalant, qui redoute de finir en lambeaux. Emmen\u00e9 par un premier ministre qui veut, co\u00fbte que co\u00fbte, \u00e9viter la d\u00e9faite &#8211;\u00a0sa chute\u00a0&#8211; en trouvant le moins mauvais des\u2026<\/p>\n<p class=\"fig-premium-paywall__infos\">\n        Cet article est r\u00e9serv\u00e9 aux abonn\u00e9s.        Il vous reste 54% \u00e0 d\u00e9couvrir.\n    <\/p>\n<p>                <img  data- alt=\"Le Figaro\" class=\"fig-img--complete fig-img\"\/><\/p>\n<p class=\"fig-premium-paywall__title\">Vous avez envie de lire la suite ?<\/p>\n<p class=\"fig-premium-paywall__subtitle\">D\u00e9bloquez tous les articles imm\u00e9diatement.<\/p>\n<p class=\"fig-premium-paywall__connect\">\n                D\u00e9j\u00e0 abonn\u00e9\u00a0?                <a class=\"fig-premium-paywall__connect-link\" href=\"https:\/\/connect.lefigaro.fr\/login?client=horizon_web&amp;type=main&amp;redirect_uri=https%3A%2F%2Fwww.lefigaro.fr%2Fvox%2Fpolitique%2Fl-editorial-d-yves-threard-la-france-comme-un-avion-sans-ailes-20251031\" data-js-gtm=\"{&quot;customCategorie&quot;: &quot;conversion&quot;, &quot;customAction&quot;: &quot;before_Landing_Connexion_paywall_auto&quot;, &quot;customLabel&quot;: &quot;bGVmaWdhcm8uZnJfXzFmMGI2ODNhLWNiNjctNmFkYy05OGZlLTNkOGIzY2EzNDFiOF9fQXJ0aWNsZQ==_L\u2019\u00e9ditorial d\u2019Yves Thr\u00e9ard\u00a0: \u00abLa France, comme un avion sans ailes\u00bb_1000&quot;, &quot;customIDSPE&quot;: &quot;bGVmaWdhcm8uZnJfXzFmMGI2ODNhLWNiNjctNmFkYy05OGZlLTNkOGIzY2EzNDFiOF9fQXJ0aWNsZQ==&quot;, &quot;event&quot;: &quot;customEventSPE&quot;}\" target=\"_blank\" rel=\"noopener\"><br \/>\n                    Connectez-vous<br \/>\n                <\/a>\n            <\/p>\n","protected":false},"excerpt":{"rendered":"Fiscalit\u00e9, amendement sur les holdings, taxe Zucman&#8230; \u00c0 l\u2019Assembl\u00e9e nationale, la confusion est totale, le spectacle, pitoyable. La\u00a0taxe&hellip;\n","protected":false},"author":2,"featured_media":502818,"comment_status":"","ping_status":"","sticky":false,"template":"","format":"standard","meta":{"footnotes":""},"categories":[4],"tags":[11,8425,526,1011,27,12,25,52897],"class_list":{"0":"post-502817","1":"post","2":"type-post","3":"status-publish","4":"format-standard","5":"has-post-thumbnail","7":"category-france","8":"tag-actualites","9":"tag-editorial-figaro","10":"tag-fiscalite","11":"tag-fr","12":"tag-france","13":"tag-news","14":"tag-republique-francaise","15":"tag-taxe-zucman"},"share_on_mastodon":{"url":"https:\/\/pubeurope.com\/@fr\/115470285605036653","error":""},"_links":{"self":[{"href":"https:\/\/www.europesays.com\/fr\/wp-json\/wp\/v2\/posts\/502817","targetHints":{"allow":["GET"]}}],"collection":[{"href":"https:\/\/www.europesays.com\/fr\/wp-json\/wp\/v2\/posts"}],"about":[{"href":"https:\/\/www.europesays.com\/fr\/wp-json\/wp\/v2\/types\/post"}],"author":[{"embeddable":true,"href":"https:\/\/www.europesays.com\/fr\/wp-json\/wp\/v2\/users\/2"}],"replies":[{"embeddable":true,"href":"https:\/\/www.europesays.com\/fr\/wp-json\/wp\/v2\/comments?post=502817"}],"version-history":[{"count":0,"href":"https:\/\/www.europesays.com\/fr\/wp-json\/wp\/v2\/posts\/502817\/revisions"}],"wp:featuredmedia":[{"embeddable":true,"href":"https:\/\/www.europesays.com\/fr\/wp-json\/wp\/v2\/media\/502818"}],"wp:attachment":[{"href":"https:\/\/www.europesays.com\/fr\/wp-json\/wp\/v2\/media?parent=502817"}],"wp:term":[{"taxonomy":"category","embeddable":true,"href":"https:\/\/www.europesays.com\/fr\/wp-json\/wp\/v2\/categories?post=502817"},{"taxonomy":"post_tag","embeddable":true,"href":"https:\/\/www.europesays.com\/fr\/wp-json\/wp\/v2\/tags?post=502817"}],"curies":[{"name":"wp","href":"https:\/\/api.w.org\/{rel}","templated":true}]}}