{"id":502819,"date":"2025-10-31T18:51:27","date_gmt":"2025-10-31T18:51:27","guid":{"rendered":"https:\/\/www.europesays.com\/fr\/502819\/"},"modified":"2025-10-31T18:51:27","modified_gmt":"2025-10-31T18:51:27","slug":"felix-mory-co-leader-a-mi-tournoi","status":"publish","type":"post","link":"https:\/\/www.europesays.com\/fr\/502819\/","title":{"rendered":"F\u00e9lix Mory, co-leader \u00e0 mi-tournoi"},"content":{"rendered":"<p>\t\t\t\t\t\t<img width=\"770\" height=\"556\" src=\"https:\/\/www.europesays.com\/fr\/wp-content\/uploads\/2025\/10\/moryrgft2bis-770x556.jpg\" class=\"img-responsive wp-post-image\" alt=\"\" decoding=\"async\" fetchpriority=\"high\"  \/>\t\t\t\t\t<\/p>\n<p>\t\t\t\t\t\t Partager cet article <\/p>\n<p class=\"screen-reader-text juiz_sps_maybe_hidden_text\">Partager la publication \u00ab\u00a0F\u00e9lix Mory, co-leader \u00e0 mi-tournoi\u00a0\u00bb<\/p>\n<p><strong>F\u00e9lix Mory s\u2019installe dans le quintet de t\u00eate de la finale de l\u2019HotelPlanner Tour (ex-Challenge Tour) apr\u00e8s 36 trous. Julien Sale et Cl\u00e9ment Charmasson restent en course pour obtenir leur droit de jeu sur le DP World Tour la saison prochaine. D\u00e9j\u00e0 assur\u00e9 de la mont\u00e9e, Oihan Guillamoundeguy est dans le par total de ce Rolex Grand Final.<\/strong><\/p>\n<p>\t\t\t\t\t<a id=\"190395\" href=\"https:\/\/moroccofairmontcup.com\/marrakech\/\" target=\"_blank\" rel=\"sponsorised noopener\"><img decoding=\"async\" src=\"data:image\/svg+xml,%3Csvg%20xmlns=\" http:=\"\" class=\"img-responsive\" alt=\"\" data-lazy-src=\"https:\/\/www.europesays.com\/fr\/wp-content\/uploads\/2025\/10\/fairmont-2025-e01-golf-cup-1170x275-1.jpg\"\/><\/a><\/p>\n<p><strong>D.C.<\/strong><\/p>\n<p>\u00c0 mi-tournoi de cette finale de l\u2019<strong>HotelPlanner Tour<\/strong> (ex-<strong>Challenge Tour<\/strong>), les quatre Tricolores sont toujours en lice pour jouer sur le <strong>DP World Tour<\/strong> la saison prochaine ! C\u2019est <strong>F\u00e9lix Mory<\/strong> qui r\u00e9ussit pour le moment la plus belle finale de la deuxi\u00e8me division europ\u00e9enne en s\u2019installant en t\u00eate apr\u00e8s 36 trous.<\/p>\n<p><a href=\"https:\/\/www.europeantour.com\/hotelplanner-tour\/rolex-challenge-tour-grand-final-supported-by-the-r-a-2025\/leaderboard?round=2\" target=\"_blank\" rel=\"noopener\">Le classement complet<\/a><\/p>\n<p>\u00a0<\/p>\n<p>\u00a0<\/p>\n<blockquote><p>&#13;<br \/>\nJe reste plut\u00f4t satisfait de ma journ\u00e9e. J\u2019ai notamment bien jou\u00e9 le retour&#13;<br \/>\nF\u00e9lix Mory<\/p><\/blockquote>\n<p>Le Nordiste a bien limit\u00e9 les d\u00e9g\u00e2ts avec une carte de 70 dans des conditions difficiles, \u00e0 cause du vent tr\u00e8s pr\u00e9sent <a href=\"https:\/\/www.golfplanete.com\/parcours-et-destinations\/destinations\/majorque-et-ses-golfs-du-pla-et-du-llevant\/\" target=\"_blank\" rel=\"noopener\">sur ce parcours majorquin d\u2019Alcanada<\/a>. \u00ab C\u2019\u00e9tait un peu plus dur aujourd\u2019hui avec les par 5 vent contre, confirmait Mory. D\u2019autant que les greens sont durs \u00e0 putter. Ils sont tr\u00e8s rapides. Peut-\u00eatre les plus rapides de la saison. Je reste plut\u00f4t satisfait de ma journ\u00e9e. J\u2019ai notamment bien jou\u00e9 le retour. Je finis bien avec mon coup de fer 5 donn\u00e9 sur le par 3 du 17. \u00bb<\/p>\n<p>\u00a0<\/p>\n<p>\u00a0<\/p>\n<p>Eaun Walker tout pr\u00e8s de l\u2019albatros<\/p>\n<p>Cette fl\u00e9chette sur ce terrible par 3 de 210 m\u00e8tres permet au vainqueur <strong>Swiss Challenge<\/strong> cette saison de s\u2019inviter \u00e0 la premi\u00e8re place ex aequo avec quatre autres golfeurs, le N\u00e9erlandais <strong>Lars Van Meijel<\/strong>, l\u2019Italien <strong>Stefano Mazzoli<\/strong> et les \u00c9cossais <strong>Daniel Young <\/strong>et <strong>Euan Walker<\/strong>.<\/p>\n<p>Ce dernier est m\u00eame pass\u00e9 tout pr\u00e8s d\u2019un albatros en drivant le par 4 du 15 (270 m\u00e8tres) ! Les golfeurs des Highlands \u00e9taient d\u2019ailleurs\u00a0 particuli\u00e8rement en forme puisqu\u2019ils sont trois dans le top 6 avec <strong>David Law<\/strong>, en lutte pour ravir la premi\u00e8re place de la <strong>Road to Mallorca<\/strong> au Sud-Africain <strong>J.C. Ritchie<\/strong> (14e apr\u00e8s deux tours).<\/p>\n<p>\t\t\t\t\t<a id=\"189047\" href=\"https:\/\/heritagegolfclub.mu\/fr\/sejournez-jouez\/?utm_medium=digital%20&amp;utm_source=banners&amp;utm_campaign=golf%20planete%20digital%20banners\" target=\"_blank\" rel=\"sponsorised noopener\"><img decoding=\"async\" src=\"data:image\/svg+xml,%3Csvg%20xmlns=\" http:=\"\" class=\"img-responsive\" alt=\"\" data-lazy-src=\"https:\/\/www.europesays.com\/fr\/wp-content\/uploads\/2025\/10\/heritage-e02-sejournez-jouez-v2-1170x275-1.gif\"\/><\/a><\/p>\n<blockquote class=\"twitter-tweet\"><p>&#13;<\/p>\n<p dir=\"ltr\" lang=\"en\">WHAT A SHOT! \ud83e\udd2f<\/p>\n<p>Walker drives the green and converts the eagle \ud83e\udd29<a href=\"https:\/\/twitter.com\/hashtag\/RolexGrandFinal?src=hash&amp;ref_src=twsrc%5Etfw\" target=\"_blank\" rel=\"noopener\">#RolexGrandFinal<\/a> <\/p>\n<p><a href=\"https:\/\/t.co\/j8ucrfYnmc\">pic.twitter.com\/j8ucrfYnmc<\/a><\/p>\n<p>&#13;<br \/>\n&#13;<br \/>\n\u2014 DP World Tour (@DPWorldTour) <a href=\"https:\/\/twitter.com\/DPWorldTour\/status\/1984288835312975895?ref_src=twsrc%5Etfw\" target=\"_blank\" rel=\"noopener\">October 31, 2025<\/a><\/p><\/blockquote>\n<p>&#13;<br \/>\nCharmasson et Sale \u00e0 la bagarre<\/p>\n<p>Parmi les quatre Tricolores engag\u00e9s cette semaine sur la <strong>Rolex Grand Final<\/strong> de l\u2019HotelPlanner Tour, seuls <strong>Cl\u00e9ment Charmasson<\/strong> et <strong>Julien Sale<\/strong> n\u2019\u00e9taient pas d\u00e9j\u00e0 math\u00e9matiquement assur\u00e9s de jouer sur le DP World Tour la saison prochaine. \u00c0 deux tours de golf du clap de fin de cette saison de la deuxi\u00e8me division europ\u00e9enne, ils sont encore tous les deux en lice, apr\u00e8s une journ\u00e9e \u00e9trangement similaire, dans le par !<\/p>\n<p><a href=\"https:\/\/www.europeantour.com\/hotelplanner-tour\/rankings\/overview\/rankings\/\" target=\"_blank\" rel=\"noopener\"> Seizi\u00e8me de la Road to Mallorca jeudi matin<\/a>, Cl\u00e9ment Charmasson est maintenant 19e avec sa 22e place actuelle \u00e0 Majorque. Un top 15 final devrait lui suffire. Il lui reste 36 trous \u00e0 flirter avec la ligne fatidique, en essayant d\u2019\u00e9viter les erreurs comme cette mise en jeu manqu\u00e9e et ce triple-bogey sur le par 5 du 7.<\/p>\n<p>\u00ab J\u2019ai plut\u00f4t bien d\u00e9marr\u00e9, relevait le vainqueur du <strong>Challenge de Espa\u00f1a<\/strong>. Au 7, j\u2019ai manqu\u00e9 ma mise en jeu et je ne pouvais pas me dropper. J\u2019ai d\u00fb rejouer du d\u00e9part et j\u2019ai fini comme j\u2019ai pu. Mais je suis content de mon attitude sur le retour. Dans ma situation, tous les points sont bons \u00e0 prendre.<\/p>\n<blockquote><p>&#13;<br \/>\nLes birdies sont l\u00e0 et je dois juste gommer les petites erreurs.&#13;<br \/>\n&#13;<br \/>\nJulien Sale<\/p><\/blockquote>\n<p><strong>Julien Sale<\/strong> \u00e9tait pour sa part au 39e rang de la Road to Mallorca avant cette finale. Le R\u00e9unionnais a besoin d\u2019un top 5 et plus vraisemblablement d\u2019un podium pour rejoindre la premi\u00e8re division. Lui aussi auteur d\u2019une journ\u00e9e dans le par avec un triple-bogey au 7, il n\u2019a que tr\u00e8s peu de marge de man\u0153uvre.<\/p>\n<p>\u00ab C\u2019\u00e9tait une journ\u00e9e avec des hauts et de bas, regrettait-il . Je fais un triple sur le par 5 du 7 et je perds ma balle au d\u00e9part du 8. Avec mon fr\u00e8re comme caddie, on s\u2019est rapidement remis dedans avec un birdie au 9. Les birdies sont l\u00e0 et je dois juste gommer les petites erreurs.\u00bb<\/p>\n<p>\t\t\t\t\t<a id=\"187708\" href=\"https:\/\/www.swing.fr\/projet.php?id=36\" target=\"_blank\" rel=\"sponsorised noopener\"><img decoding=\"async\" src=\"data:image\/svg+xml,%3Csvg%20xmlns=\" http:=\"\" class=\"img-responsive\" alt=\"\" data-lazy-src=\"https:\/\/www.europesays.com\/fr\/wp-content\/uploads\/2025\/09\/swing-e05-golf-gourmet-trophy-1170x275-1.gif\"\/><\/a><\/p>\n<blockquote class=\"twitter-tweet\"><p>&#13;<\/p>\n<p dir=\"ltr\" lang=\"en\">Brilliant roll from Sale for birdie \ud83c\udfa2<a href=\"https:\/\/twitter.com\/hashtag\/RolexGrandFinal?src=hash&amp;ref_src=twsrc%5Etfw\" target=\"_blank\" rel=\"noopener\">#RolexGrandFinal<\/a> <a href=\"https:\/\/t.co\/NnZsq7QhXD\">pic.twitter.com\/NnZsq7QhXD<\/a><\/p>\n<p>&#13;<br \/>\n&#13;<br \/>\n\u2014 HotelPlanner Tour (@HPlanner_Tour) <a href=\"https:\/\/twitter.com\/HPlanner_Tour\/status\/1984240614238773356?ref_src=twsrc%5Etfw\" target=\"_blank\" rel=\"noopener\">October 31, 2025<\/a><\/p><\/blockquote>\n<p>&#13;<br \/>\nUn week-end \u00e0 fort enjeux pour le clan tricolore<\/p>\n<p>Num\u00e9ro 1 fran\u00e7ais au d\u00e9part de cette finale et assur\u00e9 de d\u00e9couvrir le DP World Tour la saison prochaine, <strong>Oihan Guillamoundeguy<\/strong> a jou\u00e9 au-dessous du par (-1), mais avec son par total, il se contente de la 33e place.<\/p>\n<p>Samedi, <a href=\"https:\/\/www.europeantour.com\/hotelplanner-tour\/rolex-challenge-tour-grand-final-supported-by-the-r-a-2025\/tee-times?round=3\" target=\"_blank\" rel=\"noopener\">F\u00e9lix Mory essayera de rester dans la course au titre en d\u00e9marrant en derni\u00e8re partie<\/a>, alors que Cl\u00e9ment Charmasson et Julien Sale tenteront de ne pas hypoth\u00e9quer leurs chances de terminer dans le top 20 de la Road to Mallorca (le top 30 aura un droit de jeu partiel). Mais il y aura forc\u00e9ment beaucoup d\u2019enjeux lors du dernier tour dans le clan tricolore.<\/p>\n<p>Le classement<\/p>\n<p><img loading=\"lazy\" decoding=\"async\" class=\"alignnone wp-image-190493 size-full\" src=\"data:image\/svg+xml,%3Csvg%20xmlns=\" http:=\"\" alt=\"\" width=\"770\" height=\"811\" data-lazy- data-lazy- data-lazy-src=\"https:\/\/www.europesays.com\/fr\/wp-content\/uploads\/2025\/10\/clrgft2.jpg\"\/><\/p>\n<p>\t\t\t\t\t<a id=\"188235\" href=\"https:\/\/www.formigolf.fr\/voyage-pays~rocco-forte-s-verdura-golf--spa-resort-5etoilesl~370~sicile\" target=\"_blank\" rel=\"sponsorised noopener\"><img decoding=\"async\" src=\"data:image\/svg+xml,%3Csvg%20xmlns=\" http:=\"\" class=\"img-responsive\" alt=\"\" data-lazy-src=\"https:\/\/www.europesays.com\/fr\/wp-content\/uploads\/2025\/10\/formigolf-e10-sicile-verdura-1170x275-1.gif\"\/><\/a><\/p>\n<p>Photo : Octavio Passos \/ Getty \/ AFP<\/p>\n<p>\t\t\t<script async src=\"https:\/\/platform.twitter.com\/widgets.js\" charset=\"utf-8\"><\/script><\/p>\n","protected":false},"excerpt":{"rendered":"Partager cet article Partager la publication \u00ab\u00a0F\u00e9lix Mory, co-leader \u00e0 mi-tournoi\u00a0\u00bb F\u00e9lix Mory s\u2019installe dans le quintet de&hellip;\n","protected":false},"author":2,"featured_media":502820,"comment_status":"","ping_status":"","sticky":false,"template":"","format":"standard","meta":{"footnotes":""},"categories":[1418],"tags":[1011,27,1472,60],"class_list":{"0":"post-502819","1":"post","2":"type-post","3":"status-publish","4":"format-standard","5":"has-post-thumbnail","7":"category-golf","8":"tag-fr","9":"tag-france","10":"tag-golf","11":"tag-sports"},"share_on_mastodon":{"url":"https:\/\/pubeurope.com\/@fr\/115470290107503698","error":""},"_links":{"self":[{"href":"https:\/\/www.europesays.com\/fr\/wp-json\/wp\/v2\/posts\/502819","targetHints":{"allow":["GET"]}}],"collection":[{"href":"https:\/\/www.europesays.com\/fr\/wp-json\/wp\/v2\/posts"}],"about":[{"href":"https:\/\/www.europesays.com\/fr\/wp-json\/wp\/v2\/types\/post"}],"author":[{"embeddable":true,"href":"https:\/\/www.europesays.com\/fr\/wp-json\/wp\/v2\/users\/2"}],"replies":[{"embeddable":true,"href":"https:\/\/www.europesays.com\/fr\/wp-json\/wp\/v2\/comments?post=502819"}],"version-history":[{"count":0,"href":"https:\/\/www.europesays.com\/fr\/wp-json\/wp\/v2\/posts\/502819\/revisions"}],"wp:featuredmedia":[{"embeddable":true,"href":"https:\/\/www.europesays.com\/fr\/wp-json\/wp\/v2\/media\/502820"}],"wp:attachment":[{"href":"https:\/\/www.europesays.com\/fr\/wp-json\/wp\/v2\/media?parent=502819"}],"wp:term":[{"taxonomy":"category","embeddable":true,"href":"https:\/\/www.europesays.com\/fr\/wp-json\/wp\/v2\/categories?post=502819"},{"taxonomy":"post_tag","embeddable":true,"href":"https:\/\/www.europesays.com\/fr\/wp-json\/wp\/v2\/tags?post=502819"}],"curies":[{"name":"wp","href":"https:\/\/api.w.org\/{rel}","templated":true}]}}