{"id":502826,"date":"2025-10-31T18:58:15","date_gmt":"2025-10-31T18:58:15","guid":{"rendered":"https:\/\/www.europesays.com\/fr\/502826\/"},"modified":"2025-10-31T18:58:15","modified_gmt":"2025-10-31T18:58:15","slug":"wagner-bazin-de-retour-sous-une-autre-forme-actualite","status":"publish","type":"post","link":"https:\/\/www.europesays.com\/fr\/502826\/","title":{"rendered":"Wagner Bazin de retour&#8230; sous une autre forme &#8211; Actualit\u00e9"},"content":{"rendered":"<p style=\"text-align: justify;\">Alors que la formation Wagner Bazin WB doit cesser d&rsquo;exister, en tout cas \u00e0 l&rsquo;\u00e9chelon ProTeam comme elle l&rsquo;\u00e9tait actuellement, la structure belge a finalement trouv\u00e9 un autre projet \u00e0 d\u00e9fendre en 2026. Baptis\u00e9e simplement Wagner-Bazin, celle-ci va rena\u00eetre \u00e0 l&rsquo;\u00e9chelon Continental&#8230; et avec d&rsquo;autres acteurs.<\/p>\n<p>Philippe Wagner, malgr\u00e9 l&#8217;emploi du nom de sa soci\u00e9t\u00e9, ne devrait pas faire partie de cette aventure, d\u00e9taille un communiqu\u00e9. C&rsquo;est Geoffrey Coup\u00e9 qui portera le projet, en tant que manager g\u00e9n\u00e9ral. \u00ab\u00a0Pour 2026, le projet \u00e9volue quelque peu. Philippe Wagner ne fera plus partie de l\u2019\u00e9quipe, \u00e0 la suite de la vente de sa soci\u00e9t\u00e9. Nous tenons \u00e0 le remercier sinc\u00e8rement pour son engagement et son r\u00f4le essentiel dans la cr\u00e9ation et le d\u00e9veloppement de cette belle aventure\u00a0\u00bb, salue le communiqu\u00e9.<\/p>\n<p>Les deux hommes avaient d\u00e9j\u00e0 collabor\u00e9 en 2024, lorsque l&rsquo;\u00e9quipe \u00e9voluait d\u00e9j\u00e0 \u00e0 l&rsquo;\u00e9chelon Continental. Geoffrey Coup\u00e9 prendra cette fois seul les r\u00eanes. Un retour\u00a0aux affaires apr\u00e8s avoir g\u00e9r\u00e9 entre autres les \u00e9quipes Doltcini-Flanders, Veranclassic, Naturablue, Geofco Doltcini Mat\u00e9riel-v\u00e9lo.com, et donc Wagner Bazin en 2024.<\/p>\n<p>La licence sera donc toujours belge malgr\u00e9 le sponsor fran\u00e7ais. Il s&rsquo;agit d&rsquo;une CP3, c&rsquo;est-\u00e0-dire une Continentale de formation, avec l&rsquo;obligation d&rsquo;avoir dix coureurs de moins de 23 ans. Seize coureurs composeront cette \u00e9quipe dont l&rsquo;effectif n&rsquo;est pas encore boucl\u00e9. Le programme de course comportera des \u00e9preuves ProSeries, 1.1 et 1.2, sans oublier les U23 Road Series ou des interclubs nationaux.<\/p>\n","protected":false},"excerpt":{"rendered":"Alors que la formation Wagner Bazin WB doit cesser d&rsquo;exister, en tout cas \u00e0 l&rsquo;\u00e9chelon ProTeam comme elle&hellip;\n","protected":false},"author":2,"featured_media":502827,"comment_status":"","ping_status":"","sticky":false,"template":"","format":"standard","meta":{"footnotes":""},"categories":[1411],"tags":[834,828,836,829,837,827,83,826,824,823,1154,207,814,817,815,816,822,821,832,211,839,1011,27,820,818,819,835,831,830,833,838,60,212,208,825],"class_list":{"0":"post-502826","1":"post","2":"type-post","3":"status-publish","4":"format-standard","5":"has-post-thumbnail","7":"category-cyclisme","8":"tag-attaque","9":"tag-belgique","10":"tag-braquet","11":"tag-bretagne","12":"tag-chute","13":"tag-competition","14":"tag-coupe-de-france","15":"tag-coureur","16":"tag-course-cyclisme","17":"tag-course-cycliste","18":"tag-cycling","19":"tag-cyclisme","20":"tag-direct","21":"tag-direct-velo","22":"tag-directvelo","23":"tag-directvelo-com","24":"tag-epreuve","25":"tag-epreuve-cycliste","26":"tag-federation-francaise-de-cyclisme","27":"tag-ffc","28":"tag-flandres","29":"tag-fr","30":"tag-france","31":"tag-live","32":"tag-live-course","33":"tag-live-epreuve","34":"tag-peloton","35":"tag-radio-peloton","36":"tag-radio-tour","37":"tag-ravitaillement","38":"tag-relance","39":"tag-sports","40":"tag-uci","41":"tag-velo","42":"tag-velos"},"share_on_mastodon":{"url":"https:\/\/pubeurope.com\/@fr\/115470316751158779","error":""},"_links":{"self":[{"href":"https:\/\/www.europesays.com\/fr\/wp-json\/wp\/v2\/posts\/502826","targetHints":{"allow":["GET"]}}],"collection":[{"href":"https:\/\/www.europesays.com\/fr\/wp-json\/wp\/v2\/posts"}],"about":[{"href":"https:\/\/www.europesays.com\/fr\/wp-json\/wp\/v2\/types\/post"}],"author":[{"embeddable":true,"href":"https:\/\/www.europesays.com\/fr\/wp-json\/wp\/v2\/users\/2"}],"replies":[{"embeddable":true,"href":"https:\/\/www.europesays.com\/fr\/wp-json\/wp\/v2\/comments?post=502826"}],"version-history":[{"count":0,"href":"https:\/\/www.europesays.com\/fr\/wp-json\/wp\/v2\/posts\/502826\/revisions"}],"wp:featuredmedia":[{"embeddable":true,"href":"https:\/\/www.europesays.com\/fr\/wp-json\/wp\/v2\/media\/502827"}],"wp:attachment":[{"href":"https:\/\/www.europesays.com\/fr\/wp-json\/wp\/v2\/media?parent=502826"}],"wp:term":[{"taxonomy":"category","embeddable":true,"href":"https:\/\/www.europesays.com\/fr\/wp-json\/wp\/v2\/categories?post=502826"},{"taxonomy":"post_tag","embeddable":true,"href":"https:\/\/www.europesays.com\/fr\/wp-json\/wp\/v2\/tags?post=502826"}],"curies":[{"name":"wp","href":"https:\/\/api.w.org\/{rel}","templated":true}]}}