{"id":502830,"date":"2025-10-31T19:00:13","date_gmt":"2025-10-31T19:00:13","guid":{"rendered":"https:\/\/www.europesays.com\/fr\/502830\/"},"modified":"2025-10-31T19:00:13","modified_gmt":"2025-10-31T19:00:13","slug":"louane-son-havre-de-paix-loin-du-stress-parisien-ou-elle-vit-avec-sa-fille-et-florian-rossi","status":"publish","type":"post","link":"https:\/\/www.europesays.com\/fr\/502830\/","title":{"rendered":"Louane : son havre de paix \u00ab\u00a0loin du stress parisien\u00a0\u00bb o\u00f9 elle vit avec sa fille et Florian Rossi"},"content":{"rendered":"<p data-start=\"311\" data-end=\"488\">Quand elle n\u2019est pas sur sc\u00e8ne<br \/>\nou en studio, Louane aime passer du temps avec sa famille, loin de<br \/>\nParis. Et quoi de mieux pour se ressourcer qu\u2019une maison loin de la<br \/>\ncapitale.<\/p>\n<p data-start=\"490\" data-end=\"1048\">Pour la chanteuse, l\u2019ann\u00e9e a<br \/>\n\u00e9t\u00e9 tr\u00e8s mouvement\u00e9e. La m\u00e8re d\u2019Esm\u00e9e a notamment repr\u00e9sent\u00e9 la<br \/>\nFrance \u00e0 l\u2019Eurovision avec son titre \u00ab Maman \u00bb, gr\u00e2ce auquel elle est arriv\u00e9e septi\u00e8me. Apr\u00e8s<br \/>\n<a href=\"https:\/\/www.closermag.fr\/people\/tatouages-et-bikini-coup-doeil-sur-les-vacances-de-reve-de-louane-3572002\" target=\"_blank\" rel=\"noopener\"><br \/>\nquelques semaines de repos<\/a>, elle a lanc\u00e9, en septembre 2025, sa<br \/>\ntourn\u00e9e Solo, en lien avec<br \/>\nson album homonyme sorti en octobre 2024. La tourn\u00e9e prendra fin \u00e0<br \/>\nl\u2019Accor Arena, \u00e0 Paris, le 20 f\u00e9vrier 2026. C\u00f4t\u00e9 vie personnelle,<br \/>\n<a href=\"https:\/\/www.closermag.fr\/people\/je-me-marie-en-plein-direct-louane-devoile-la-date-de-son-union-avec-florian-rossi-3547383\" target=\"_blank\" rel=\"noopener\"><br \/>\nelle s\u2019est mari\u00e9e avec Florian Rossi<\/a> en juin. Alors, lorsque<br \/>\nson emploi du temps le permet, <strong>elle aime se ressourcer dans<br \/>\nsa maison au soleil.<\/strong><\/p>\n<p>O\u00f9 se trouve la deuxi\u00e8me<br \/>\nmaison de Louane ?<\/p>\n<p data-start=\"1106\" data-end=\"1551\">Comme tous les artistes,<br \/>\nLouane a un pied-\u00e0-terre \u00e0 Paris. En effet, c\u2019est souvent l\u00e0 que<br \/>\ntout se joue pour eux. En mai 2025, elle avait re\u00e7u nos confr\u00e8res<br \/>\nde <a href=\"https:\/\/www.vogue.fr\/louane-eurovision-chanteuse-fille-un-style-appartement-paris\" target=\"_blank\" rel=\"nofollow noopener\">Vogue<\/a> dans son cocon parisien, un lieu<br \/>\nlumineux \u00e0 la d\u00e9coration color\u00e9e, qu\u2019elle partage avec son mari<br \/>\nFlorian Rossi et <a href=\"https:\/\/www.closermag.fr\/people\/louane-maman-ses-confidences-attendrissantes-sur-la-premiere-rentree-de-sa-fille-esmee-3266863\" target=\"_blank\" rel=\"noopener\"><br \/>\nsa fille Esm\u00e9e, \u00e2g\u00e9e de cinq ans<\/a> : \u00ab Un m\u00e9lange d\u2019organisation et de mille choses, car<br \/>\nje suis tr\u00e8s attach\u00e9e aux souvenirs. Je garde tout. \u00bb,<br \/>\navait-elle confi\u00e9.<\/p>\n<p data-start=\"1553\" data-end=\"2053\">Mais lorsqu\u2019elle le peut, une<br \/>\nfois le week-end venu, la chanteuse de 28 ans saute dans le train<br \/>\naccompagn\u00e9e de son mari et de sa fille, en direction de Marseille.<br \/>\nComme on peut le lire dans Le<br \/>\nParisien Week-end, l\u2019interpr\u00e8te de \u00ab Maman \u00bb poss\u00e8de <strong>une maison<br \/>\n\u00ab tr\u00e8s moderne, entour\u00e9e<br \/>\nd\u2019une abondante v\u00e9g\u00e9tation qui l\u2019isole de la ville \u00bb<\/strong>.<br \/>\nUn endroit loin du centre, qui lui donne l\u2019impression d\u2019\u00eatre dans<br \/>\nun petit village, loin du stress parisien. La b\u00e2tisse est entour\u00e9e<br \/>\nd\u2019arbres et de plantes.<\/p>\n<p>Louane se confie sur sa maison \u00e0 Marseille<\/p>\n<p data-start=\"2110\" data-end=\"2421\"><a href=\"https:\/\/www.closermag.fr\/people\/louane-a-quoi-ressemble-sa-magnifique-maison-isolee-a-marseille-3562261\" target=\"_blank\" rel=\"noopener\"><br \/>\nUn \u00e9crin de verdure<\/a> o\u00f9 elle aime passer ses jours de repos :<br \/>\n\u00ab J\u2019aime beaucoup que le<br \/>\nsamedi et le dimanche soient des jours hors du temps, pour<br \/>\nflemmarder, d\u00e9compresser. (&#8230;) Il m\u00a0\u00bbarrive de <strong>sauter dans<br \/>\nun train direction Marseille<\/strong>, pour un week-end, voire une<br \/>\njourn\u00e9e ! \u00bb, expliquait-elle \u00e0 nos confr\u00e8res.<\/p>\n<p data-start=\"2423\" data-end=\"2614\">Une fois sur place, Louane<br \/>\nn\u2019est pas seule ! \u00ab Beaucoup<br \/>\nd\u2019amis, ainsi que l\u2019\u00e9quipe qui g\u00e8re mon management, sont install\u00e9s<br \/>\nl\u00e0-bas. \u00bb Raison de plus pour y aller le plus souvent possible<br \/>\n!<\/p>\n","protected":false},"excerpt":{"rendered":"Quand elle n\u2019est pas sur sc\u00e8ne ou en studio, Louane aime passer du temps avec sa famille, loin&hellip;\n","protected":false},"author":2,"featured_media":502831,"comment_status":"","ping_status":"","sticky":false,"template":"","format":"standard","meta":{"footnotes":""},"categories":[1359],"tags":[58,59,1011,27,4501,8414,973],"class_list":{"0":"post-502830","1":"post","2":"type-post","3":"status-publish","4":"format-standard","5":"has-post-thumbnail","7":"category-people","8":"tag-divertissement","9":"tag-entertainment","10":"tag-fr","11":"tag-france","12":"tag-louane","13":"tag-maisons-de-stars","14":"tag-people"},"share_on_mastodon":{"url":"https:\/\/pubeurope.com\/@fr\/115470325095665714","error":""},"_links":{"self":[{"href":"https:\/\/www.europesays.com\/fr\/wp-json\/wp\/v2\/posts\/502830","targetHints":{"allow":["GET"]}}],"collection":[{"href":"https:\/\/www.europesays.com\/fr\/wp-json\/wp\/v2\/posts"}],"about":[{"href":"https:\/\/www.europesays.com\/fr\/wp-json\/wp\/v2\/types\/post"}],"author":[{"embeddable":true,"href":"https:\/\/www.europesays.com\/fr\/wp-json\/wp\/v2\/users\/2"}],"replies":[{"embeddable":true,"href":"https:\/\/www.europesays.com\/fr\/wp-json\/wp\/v2\/comments?post=502830"}],"version-history":[{"count":0,"href":"https:\/\/www.europesays.com\/fr\/wp-json\/wp\/v2\/posts\/502830\/revisions"}],"wp:featuredmedia":[{"embeddable":true,"href":"https:\/\/www.europesays.com\/fr\/wp-json\/wp\/v2\/media\/502831"}],"wp:attachment":[{"href":"https:\/\/www.europesays.com\/fr\/wp-json\/wp\/v2\/media?parent=502830"}],"wp:term":[{"taxonomy":"category","embeddable":true,"href":"https:\/\/www.europesays.com\/fr\/wp-json\/wp\/v2\/categories?post=502830"},{"taxonomy":"post_tag","embeddable":true,"href":"https:\/\/www.europesays.com\/fr\/wp-json\/wp\/v2\/tags?post=502830"}],"curies":[{"name":"wp","href":"https:\/\/api.w.org\/{rel}","templated":true}]}}