{"id":502832,"date":"2025-10-31T19:01:15","date_gmt":"2025-10-31T19:01:15","guid":{"rendered":"https:\/\/www.europesays.com\/fr\/502832\/"},"modified":"2025-10-31T19:01:15","modified_gmt":"2025-10-31T19:01:15","slug":"a-la-decouverte-dune-collection-dexception-a-caumont-centre-dart","status":"publish","type":"post","link":"https:\/\/www.europesays.com\/fr\/502832\/","title":{"rendered":"\u00c0 la d\u00e9couverte d\u2019une collection d\u2019exception \u00e0 Caumont \u2013 Centre d\u2019Art"},"content":{"rendered":"<p><strong>Gustave Caillebotte, Pablo Picasso, Suzanne Valadon, Paul S\u00e9rusier <\/strong>ou encore <strong>Maximilien Luce,<\/strong> voil\u00e0 quelques-uns des <strong>grands noms<\/strong> dont vous pourrez admirer les \u0153uvres <strong>tout au long de l\u2019hiver <\/strong>au sein de l\u2019institution aixoise. <strong>Caumont \u2013 Centre d\u2019Art <\/strong>vous invite \u00e0 une <strong>r\u00e9trospective unique<\/strong> autour de cette <strong>collection d\u2019exception<\/strong> r\u00e9unissant une<strong> soixantaine de toiles<\/strong> imagin\u00e9es par <strong>38 artistes <\/strong>devenus aujourd\u2019hui des <strong>figures majeures de la peinture fran\u00e7aise et mondiale.<\/strong><\/p>\n<p>&#13;<br \/>\n<br \/>Une collection visionnaire&#13;<\/p>\n<p>Dans la vie, souvent, il faut savoir <strong>prendre des risques.<\/strong> \u00c7a, <strong>Oscar Ghez<\/strong> l\u2019avait bien compris. Dans les <strong>ann\u00e9es 50,<\/strong> cet<strong> industriel passionn\u00e9 d\u2019art<\/strong> d\u00e9cide de <strong>commencer une collection<\/strong>. Au hasard de <strong>ventes parisiennes,<\/strong> de<strong> visites de galeries<\/strong> ou de ses<strong> voyages \u00e0 travers le monde<\/strong>, il acquiert des <strong>toiles d\u2019artistes<\/strong> alors souvent <strong>d\u00e9cri\u00e9es.<\/strong> \u00c0 <strong>contre-courant des tendances<\/strong> de son temps, il s\u2019int\u00e9resse \u00e0 des<strong> artistes peu consid\u00e9r\u00e9s<\/strong>, pr\u00e9f\u00e9rant \u00e9couter <strong>sa sensibilit\u00e9 artistique<\/strong> que les <strong>sp\u00e9culations financi\u00e8res<\/strong> de l\u2019\u00e9poque, s&rsquo;\u00e9loignant ainsi du paysage pour s\u2019orienter plus vers <strong>le portrait et la figure.<\/strong><\/p>\n<p>&#13;<\/p>\n<blockquote class=\"instagram-media\" data-instgrm-permalink=\"https:\/\/www.instagram.com\/p\/DPt8Uf-Dvta\/?utm_source=ig_embed&amp;utm_campaign=loading\" data-instgrm-version=\"14\" style=\"background: #FFF; border: 0; border-radius: 3px; box-shadow: 0 0 1px 0 rgba(0,0,0,0.5),0 1px 10px 0 rgba(0,0,0,0.15); margin: 1px; max-width: 540px; min-width: 326px; padding: 0; width: calc(100% - 2px);\"><p>&#13;<br \/>\n&#13;\n<\/p><\/blockquote>\n<p>&#13;<br \/>\n&#13;<\/p>\n<p>Bien lui en aura fait, puisque <strong>certains des artistes<\/strong> auxquels il s\u2019int\u00e9resse \u00e0 l\u2019\u00e9poque deviendront par la suite<strong> de tr\u00e8s grands noms de l\u2019histoire de l\u2019art.<\/strong> De fil en aiguille, il ach\u00e8te des <strong>centaines de pi\u00e8ces,<\/strong> pour lesquelles il cr\u00e9e le<strong> Mus\u00e9e du Petit Palais de Gen\u00e8ve<\/strong>. Au sein de cette institution, il organise un grand nombre d\u2019expositions,<strong> jusqu\u2019\u00e0 sa mort en 1998<\/strong>. Et si le mus\u00e9e a aujourd\u2019hui ferm\u00e9 ses portes au public, les<strong> chefs-d\u2019\u0153uvre <\/strong>qu\u2019il contient, eux, sont <strong>r\u00e9guli\u00e8rement pr\u00eat\u00e9s.<\/strong> Et d\u00e8s le<strong> 7 novembre<\/strong>, vous aurez la chance de pouvoir en contempler quelques-uns au <strong>Caumont<\/strong> \u2013 Centre <strong>d\u2019Art.<\/strong><\/p>\n<p>&#13;<br \/>\n<br \/>Des salles remplies de tr\u00e9sors&#13;<\/p>\n<p>Pour pr\u00e9senter cette <strong>collection exceptionnelle,<\/strong> Caumont \u2013 Centre d\u2019Art vous propose un <strong>parcours chronologique<\/strong> et <strong>th\u00e9matique,<\/strong> s\u2019int\u00e9ressant principalement aux <strong>sujets de pr\u00e9dilection du collectionneur<\/strong>, afin de refl\u00e9te<strong>r ses go\u00fbts et son esprit visionnaire<\/strong>. Pour commencer la visite, c\u2019est <strong>l&rsquo;impressionnisme<\/strong> qui est \u00e0 l&rsquo;honneur. Mais ici, pas question de<strong> paysages vus et revus mille fois<\/strong>, c\u2019est la <strong>figure humaine<\/strong> qui est \u00e0 l\u2019honneur. Aux murs, <strong>Caillebotte, Manet, ou encore Renoir<\/strong>. On encha\u00eene ensuite avec le <strong>n\u00e9o-impressionnisme,<\/strong> qui contient certaines des pi\u00e8ces ma\u00eetresses de la collection de Ghez, comme La Seine \u00e0 l\u2019aube de <strong>Charles Angrand<\/strong> ou \u00c9tude pour Excursion de <strong>Henri-Edmond Cross.<\/strong><\/p>\n<p>&#13;<\/p>\n<p><strong><img loading=\"lazy\" decoding=\"async\" src=\"https:\/\/www.europesays.com\/fr\/wp-content\/uploads\/2025\/10\/Luce - Bord de mer.jpg\" width=\"1000\" height=\"707\" alt=\"\"\/><br \/><\/strong>Maximilien Luce, Bord de mer en Normandie, 1893 \u00a9 Association des amis du Petit Palais, Gen\u00e8ve \/ Erich Lessing<\/p>\n<p>&#13;<\/p>\n<p>L&rsquo;exposition s\u2019int\u00e9resse ensuite \u00e0 <strong>deux des artistes favoris de l\u2019amateur d\u2019art<\/strong>\u00a0: <strong>Louis Valtat<\/strong> et <strong>F\u00e9lix Vallotton.<\/strong> Deux noms extr\u00eamement repr\u00e9sent\u00e9s, qui t\u00e9moignent de <strong>toute la versatilit\u00e9 et de l\u2019ouverture d\u2019esprit du collectionneur<\/strong>. <strong>L\u2019avant-gardisme<\/strong> qui caract\u00e9rise ces deux peintres est annonciateur de la salle suivante, <strong>centr\u00e9e sur le fauvisme<\/strong>. <strong>Charles Camoin, Henri Manguin, Raoul Dufy ou Auguste Chabaud<\/strong>, une fois encore, Oscar Ghez choisit des <strong>artistes moins acclam\u00e9s<\/strong> pour mettre en lumi\u00e8re leur approche de la couleur.<\/p>\n<p>&#13;<br \/>\n<br \/>Une modernit\u00e9 sans cesse renouvel\u00e9e&#13;<\/p>\n<p>Toujours dans son <strong>d\u00e9sir de toucher le plus largement possible<\/strong>, et de ne pas restreindre sa vision de l\u2019art, l\u2019industriel explore aussi beaucoup <strong>l\u2019art d\u00e9coratif,<\/strong> \u00e0 travers les <strong>Nabis, Paul S\u00e9rusier<\/strong> ou encore <strong>\u00c9douard Vuillard.<\/strong> Preuve \u00e9galement de sa modernit\u00e9, Ghez accorde une <strong>place majeure de sa collection <\/strong>aux <strong>artistes femmes,<\/strong> notamment celles issues de<strong> l\u2019\u00c9cole de Paris.<\/strong> V\u00e9ritable pionnier de la <strong>r\u00e9habilitation des peintres f\u00e9minines,<\/strong> il nous offre ici des chefs-d&rsquo;\u0153uvre de <strong>Tamara de Lempicka, Suzanne Valadon<\/strong> ou encore <strong>Jeanne Hebuterne.<\/strong><\/p>\n<p>&#13;<\/p>\n<p><strong><img loading=\"lazy\" decoding=\"async\" src=\"https:\/\/www.europesays.com\/fr\/wp-content\/uploads\/2025\/10\/DE LEMPICKA - Perspective ou Les deux amies.jpg\" width=\"1000\" height=\"804\" alt=\"\"\/><br \/><\/strong>Tamara de Lempicka, Perspective ou Les deux amies, 1923 \u00a9 Association des amis du Petit Palais, Gen\u00e8ve \/ Studio Monique Bernaz, Gen\u00e8ve<\/p>\n<p>&#13;<\/p>\n<p>Enfin, <strong>clou du spectacle<\/strong>, la derni\u00e8re salle se concentrera sur le <strong>cubisme,<\/strong> et notamment des artistes comme <strong>Jean Metzinger.<\/strong> Et si, dans un premier temps, le collectionneur <strong>se refuse \u00e0 acheter Picasso,<\/strong> beaucoup trop cher, il finira par acqu\u00e9rir quelques pi\u00e8ces, comme <strong>L\u2019Aubade,<\/strong> qui viennent ici <strong>cl\u00f4turer l\u2019exposition \u00e0 merveille<\/strong>. Pour r\u00e9sumer, pendant plus de 4 mois, <strong>Caumont \u2013 Centre d\u2019Art<\/strong> vous plonge dans la collection d\u2019un homme qui n\u2019a eu de cesse de <strong>d\u00e9jouer les modes pour r\u00e9v\u00e9ler des trajectoires d&rsquo;artistes majeurs.<\/strong> Un grand moment d\u2019art.<\/p>\n<p>&#13;<\/p>\n<p><strong>Regards d\u2019un collectionneur <\/strong><br \/><strong>Caumont \u2013 Centre d\u2019Art <\/strong><br \/><strong>3, rue Joseph Cabassol \u2013 Aix-en-Provence <\/strong><br \/><strong>Du 7 novembre 2025 au 22 mars 2026 <\/strong><br \/><strong><a href=\"https:\/\/www.caumont-centredart.com\/fr\/regards-dun-collectionneur?utm_source=lebonbon&amp;utm_medium=article&amp;utm_campaign=HDCGhez2025\" rel=\"nofollow noopener noreferrer\" target=\"_blank\">Plus d\u2019infos<\/a><\/strong><\/p>\n<p><script async src=\"\/\/www.instagram.com\/embed.js\"><\/script><\/p>\n","protected":false},"excerpt":{"rendered":"Gustave Caillebotte, Pablo Picasso, Suzanne Valadon, Paul S\u00e9rusier ou encore Maximilien Luce, voil\u00e0 quelques-uns des grands noms dont&hellip;\n","protected":false},"author":2,"featured_media":502833,"comment_status":"","ping_status":"","sticky":false,"template":"","format":"standard","meta":{"footnotes":""},"categories":[1358],"tags":[1348,1384,1385,1386,58,59,1011,27],"class_list":{"0":"post-502832","1":"post","2":"type-post","3":"status-publish","4":"format-standard","5":"has-post-thumbnail","7":"category-arts-et-design","8":"tag-arts","9":"tag-arts-and-design","10":"tag-arts-et-design","11":"tag-design","12":"tag-divertissement","13":"tag-entertainment","14":"tag-fr","15":"tag-france"},"share_on_mastodon":{"url":"https:\/\/pubeurope.com\/@fr\/115470329296633422","error":""},"_links":{"self":[{"href":"https:\/\/www.europesays.com\/fr\/wp-json\/wp\/v2\/posts\/502832","targetHints":{"allow":["GET"]}}],"collection":[{"href":"https:\/\/www.europesays.com\/fr\/wp-json\/wp\/v2\/posts"}],"about":[{"href":"https:\/\/www.europesays.com\/fr\/wp-json\/wp\/v2\/types\/post"}],"author":[{"embeddable":true,"href":"https:\/\/www.europesays.com\/fr\/wp-json\/wp\/v2\/users\/2"}],"replies":[{"embeddable":true,"href":"https:\/\/www.europesays.com\/fr\/wp-json\/wp\/v2\/comments?post=502832"}],"version-history":[{"count":0,"href":"https:\/\/www.europesays.com\/fr\/wp-json\/wp\/v2\/posts\/502832\/revisions"}],"wp:featuredmedia":[{"embeddable":true,"href":"https:\/\/www.europesays.com\/fr\/wp-json\/wp\/v2\/media\/502833"}],"wp:attachment":[{"href":"https:\/\/www.europesays.com\/fr\/wp-json\/wp\/v2\/media?parent=502832"}],"wp:term":[{"taxonomy":"category","embeddable":true,"href":"https:\/\/www.europesays.com\/fr\/wp-json\/wp\/v2\/categories?post=502832"},{"taxonomy":"post_tag","embeddable":true,"href":"https:\/\/www.europesays.com\/fr\/wp-json\/wp\/v2\/tags?post=502832"}],"curies":[{"name":"wp","href":"https:\/\/api.w.org\/{rel}","templated":true}]}}